{"id":20067,"date":"2025-10-07T08:19:28","date_gmt":"2025-10-07T12:19:28","guid":{"rendered":"https:\/\/samantharadionline.com\/?p=20067"},"modified":"2025-10-07T08:19:29","modified_gmt":"2025-10-07T12:19:29","slug":"trump-invocara-la-ley-de-insurreccion-para-desplegar-al-ejercito-en-eeuu","status":"publish","type":"post","link":"https:\/\/samantharadionline.com\/index.php\/2025\/10\/07\/trump-invocara-la-ley-de-insurreccion-para-desplegar-al-ejercito-en-eeuu\/","title":{"rendered":"Trump invocar\u00e1 la Ley de insurrecci\u00f3n para desplegar al ej\u00e9rcito en EEUU"},"content":{"rendered":"\n<p class=\"has-medium-font-size\"><em>El l\u00edder republicano consider\u00f3 abiertamente el uso de la Ley de Insurrecci\u00f3n despu\u00e9s de que una jueza federal en Oreg\u00f3n detuviera temporalmente el despliegue de la Guardia Nacional en Portland, mientras que otra magistrada en Illinois fij\u00f3 una audiencia el jueves para analizar el caso en Chicago<\/em><\/p>\n\n\n\n<p>Agencia AFP, <strong>CHICAGO, EEUU<\/strong><\/p>\n\n\n\n<p>Donald Trump amenaz\u00f3 el lunes con usar facultades presidenciales de emergencia para desplegar a m\u00e1s tropas en ciudades estadounidenses lideradas por dem\u00f3cratas, despu\u00e9s de un primer rev\u00e9s judicial al env\u00edo de militares.<\/p>\n\n\n\n<p>El l\u00edder republicano consider\u00f3 abiertamente el uso de la Ley de Insurrecci\u00f3n despu\u00e9s de que una jueza federal en Oreg\u00f3n detuviera temporalmente el despliegue de la Guardia Nacional en Portland, mientras que otra magistrada en Illinois fij\u00f3 una audiencia el jueves para analizar el caso en Chicago.<\/p>\n\n\n\n<p>Ambas ciudades han visto aumentar el n\u00famero de agentes federales como parte de la campa\u00f1a de deportaci\u00f3n masiva del presidente republicano, lo que ha desatado protestas afuera de las instalaciones migratorias.<\/p>\n\n\n\n<p>\u00abTenemos una Ley de Insurrecci\u00f3n por una raz\u00f3n. Si tuviera que aplicarla, lo har\u00eda\u00bb, dijo Trump a los periodistas en el Despacho Oval.<\/p>\n\n\n\n<p>\u00abSi la gente estuviera siendo asesinada y los tribunales nos detuvieran, o los gobernadores o alcaldes nos detuvieran, claro que lo har\u00eda\u00bb, agreg\u00f3 el republicano.<\/p>\n\n\n\n<p>Funcionarios de Illinois presentaron el lunes una demanda intentando bloquear el despliegue en Chicago, pero la jueza April Perry, designada por Joe Biden (2021-2025), no tom\u00f3 ninguna medida temporal mientras analiza el caso.<\/p>\n\n\n\n<p>Perry pidi\u00f3 al gobernador de Illinois, el dem\u00f3crata J.B. Pritzker, que aporte m\u00e1s informaci\u00f3n al tribunal.<\/p>\n\n\n\n<p>El debate se intensific\u00f3 despu\u00e9s de que se supiera que Texas, liderado por republicanos, estaba planeando enviar 200 de sus tropas de la Guardia Nacional a Illinois, un movimiento que enfureci\u00f3 a Pritzker.<\/p>\n\n\n\n<p>\u00abDeber\u00edan quedarse fuera de Illinois\u00bb, dijo el gobernador.<\/p>\n\n\n\n<p>Tambi\u00e9n acus\u00f3 a los agentes federales de inmigraci\u00f3n que realizaban redadas en Chicago de usar \u00abfuerza excesiva\u00bb y de detener ilegalmente a ciudadanos estadounidenses.<\/p>\n\n\n\n<p><strong>Miedo y confusi\u00f3n<\/strong><\/p>\n\n\n\n<p>Los comentarios de Trump sobre la Ley de Insurrecci\u00f3n, que tiene siglos de historia, llegaron apenas minutos despu\u00e9s de que Pritzker advirtiera que Trump estaba creando una \u00abescalada de violencia\u00bb premeditada como pretexto para invocar los poderes de emergencia.<\/p>\n\n\n\n<p>\u00abLa administraci\u00f3n Trump est\u00e1 siguiendo un manual: causar caos, crear miedo y confusi\u00f3n, hacer que parezca que los manifestantes pac\u00edficos son una turba disparando balas de gas y botes de gas lacrim\u00f3geno contra ellos\u00bb, afirm\u00f3 Pritzker.<\/p>\n\n\n\n<p>Durante el fin de semana, el presidente autoriz\u00f3 el despliegue de 700 soldados de la Guardia Nacional en Chicago.<\/p>\n\n\n\n<p>En la demanda, el fiscal general del estado, Kwame Raoul, y los abogados de Chicago acusaron a Trump de utilizar tropas estadounidenses \u00abpara castigar a sus enemigos pol\u00edticos\u00bb.<\/p>\n\n\n\n<p>La secretaria de Seguridad Nacional, Kristi Noem, defendi\u00f3 en Fox News el plan de enviar tropas a Chicago ya que es \u00abuna zona de guerra\u00bb.<\/p>\n\n\n\n<p>Trump dijo antes que Portland, en el estado Oreg\u00f3n, estaba \u00abdevastada por la guerra\u00bb.<\/p>\n\n\n\n<p>Pero la jueza Karin Immergut emiti\u00f3 el fin de semana un bloqueo temporal sobre el despliegue de tropas en Oreg\u00f3n. \u00abEsta es una naci\u00f3n de leyes constitucionales, no de ley marcial\u00bb, escribi\u00f3 Immergut, designada por el magnate republicano.<\/p>\n\n\n\n<p>La portavoz de la Casa Blanca, Karoline Leavitt, adelant\u00f3 que apelar\u00e1n el fallo.<\/p>\n\n\n\n<p>De acuerdo con un sondeo de la CBS, el 58% de los estadounidenses se oponen al despliegue de la Guardia Nacional.<\/p>\n\n\n\n<p>Illinois y Oreg\u00f3n no son los primeros estados en presentar demandas contra el env\u00edo de la Guardia Nacional.<\/p>\n\n\n\n<p>California present\u00f3 una demanda despu\u00e9s de que el presidente enviara tropas a Los \u00c1ngeles a principios de este a\u00f1o para sofocar protestas provocadas por la represi\u00f3n contra los migrantes indocumentados. El caso sigue a\u00fan en proceso en los tribunales.<\/p>\n","protected":false},"excerpt":{"rendered":"<p>El l\u00edder republicano consider\u00f3 abiertamente el uso de la Ley de Insurrecci\u00f3n despu\u00e9s de que<\/p>\n","protected":false},"author":1,"featured_media":20068,"comment_status":"open","ping_status":"open","sticky":false,"template":"","format":"standard","meta":{"footnotes":""},"categories":[4],"tags":[],"class_list":["post-20067","post","type-post","status-publish","format-standard","has-post-thumbnail","hentry","category-mundiales"],"_links":{"self":[{"href":"https:\/\/samantharadionline.com\/index.php\/wp-json\/wp\/v2\/posts\/20067","targetHints":{"allow":["GET"]}}],"collection":[{"href":"https:\/\/samantharadionline.com\/index.php\/wp-json\/wp\/v2\/posts"}],"about":[{"href":"https:\/\/samantharadionline.com\/index.php\/wp-json\/wp\/v2\/types\/post"}],"author":[{"embeddable":true,"href":"https:\/\/samantharadionline.com\/index.php\/wp-json\/wp\/v2\/users\/1"}],"replies":[{"embeddable":true,"href":"https:\/\/samantharadionline.com\/index.php\/wp-json\/wp\/v2\/comments?post=20067"}],"version-history":[{"count":1,"href":"https:\/\/samantharadionline.com\/index.php\/wp-json\/wp\/v2\/posts\/20067\/revisions"}],"predecessor-version":[{"id":20069,"href":"https:\/\/samantharadionline.com\/index.php\/wp-json\/wp\/v2\/posts\/20067\/revisions\/20069"}],"wp:featuredmedia":[{"embeddable":true,"href":"https:\/\/samantharadionline.com\/index.php\/wp-json\/wp\/v2\/media\/20068"}],"wp:attachment":[{"href":"https:\/\/samantharadionline.com\/index.php\/wp-json\/wp\/v2\/media?parent=20067"}],"wp:term":[{"taxonomy":"category","embeddable":true,"href":"https:\/\/samantharadionline.com\/index.php\/wp-json\/wp\/v2\/categories?post=20067"},{"taxonomy":"post_tag","embeddable":true,"href":"https:\/\/samantharadionline.com\/index.php\/wp-json\/wp\/v2\/tags?post=20067"}],"curies":[{"name":"wp","href":"https:\/\/api.w.org\/{rel}","templated":true}]}}