{"id":20063,"date":"2025-10-07T08:15:47","date_gmt":"2025-10-07T12:15:47","guid":{"rendered":"https:\/\/samantharadionline.com\/?p=20063"},"modified":"2025-10-07T08:15:57","modified_gmt":"2025-10-07T12:15:57","slug":"reforma-fiscal-amplia-y-el-itbis-se-bajara","status":"publish","type":"post","link":"https:\/\/samantharadionline.com\/index.php\/2025\/10\/07\/reforma-fiscal-amplia-y-el-itbis-se-bajara\/","title":{"rendered":"Reforma fiscal amplia y el ITBIS se bajar\u00e1"},"content":{"rendered":"\n<p class=\"has-medium-font-size\"><em>El primer paso es hacer una evaluaci\u00f3n de la administraci\u00f3n tributaria completa, acompa\u00f1ada de medidas administrativas y luego ampliar la base y modificar los impuestos (ITBIS, ISR, IPI, ISC). Adem\u00e1s de bajar incentivos se contempla implantar una amnist\u00eda para allanar el camino al cumplimiento de los contribuyentes<\/em><\/p>\n\n\n\n<figure class=\"wp-block-image\"><img decoding=\"async\" src=\"https:\/\/listindiario.com\/files\/image_60_60\/uploads\/2023\/05\/16\/64637bb503407.jpeg\" alt=\"Avatar del C\u00e1ndida Acosta\"\/><\/figure>\n\n\n\n<p><em>\u00a0<\/em>C\u00e1ndida Acosta, <strong>Santo Domingo, RD<\/strong><\/p>\n\n\n\n<p>A\u00fan sin fecha de anuncios del Gobierno para el inicio del debate de los lineamientos que tendr\u00e1 una nueva reforma fiscal, pero nada \u201cm\u00e1s clara que el agua\u201d, es la tarea que dej\u00f3 el Fondo Monetario Internacional (FMI) luego de su visita por el Art\u00edculo IV, como es la de ponerse de acuerdo y comenzar la conversaci\u00f3n y bajar la tasa del Impuesto Sobre la Transferencia de Bienes Industrializados y Servicios (ITBIS) y ampliar la base.<\/p>\n\n\n\n<p>La tasa actual del ITBIS es de 18% y una menor cantidad bienes y servicios tiene aplicado un 16%.<\/p>\n\n\n\n<p>Los hacedores de pol\u00edtica fiscal entienden que bajando la tasa se contribuir\u00e1 con la posici\u00f3n primordial que es ampliar la base de los contribuyentes para abarcar a los omisos y, de esa forma garantizar mayor equidad en la carga fiscal, al tiempo que suben los ingresos que necesita el Estado para obras sociales.<\/p>\n\n\n\n<p>Ampliar la base del sistema tributario de Rep\u00fablica Dominicana, dejando fuera a los productos de la canasta b\u00e1sica; reducir los incentivos y eliminar subsidios generalizados, y cambiar el esquema de los anticipos en el Impuesto Sobre la Renta, de forma que en vez de cobrar en base al a\u00f1o anterior se haga tomando como base el a\u00f1o corriente, forman parte del proyecto en el cual se analizan varios escenarios.<\/p>\n\n\n\n<p>Los juegos de azar no escapar\u00e1n a la nueva base impositiva que ya se elabora en el Ministerio de Hacienda y Econom\u00eda.<\/p>\n\n\n\n<h3 class=\"wp-block-heading\">Art\u00edculo IV<\/h3>\n\n\n\n<p>La misi\u00f3n del Fondo Monetario Internacional (FMI) que visit\u00f3 el pa\u00eds por 12 d\u00edas en septiembre pasado dej\u00f3 la recomendaci\u00f3n de un personal fijo en Hacienda y Econom\u00eda a cargo del dise\u00f1o y la formulaci\u00f3n de la reforma fiscal.<\/p>\n\n\n\n<p>La delegaci\u00f3n agot\u00f3 una amplia agenda con las autoridades del Gobierno y con empresarios, pero deja una persona que servir\u00e1 como contraparte en el dise\u00f1o y elaboraci\u00f3n de la reforma fiscal.<\/p>\n\n\n\n<p>De hecho, la parte fiscal se considera la mayor inquietud en el corto plazo y, seg\u00fan fuentes al pa\u00eds vendr\u00e1 otra delegaci\u00f3n de t\u00e9cnicos en este mismo a\u00f1o para realizar una evaluaci\u00f3n m\u00e1s exhaustiva a la administraci\u00f3n tributaria. Este a\u00f1o ser\u00edan tres vistas.<\/p>\n\n\n\n<p>Por el lado de los gastos, el FMI eval\u00faa el peso de las transferencias al sector el\u00e9ctrico, en las finanzas p\u00fablicas; y por los ingresos, el tema de la evasi\u00f3n fiscal.<\/p>\n\n\n\n<p>Se espera, en t\u00e9rmino macroecon\u00f3mico, un crecimiento del producto interno bruto del pa\u00eds de 3% a 3.5% este a\u00f1o 2025, no les preocupa el movimiento de la tasa del d\u00f3lar, porque los niveles a los que lleg\u00f3 hace m\u00e1s de un mes se deb\u00eda a una coyuntura, seg\u00fan explicaciones de las autoridades monetarias y, adem\u00e1s el rango al que ha llegado est\u00e1 dentro de la programaci\u00f3n y hay suficientes Reservas Netas Internacionales (RIN).<\/p>\n\n\n\n<p>Las autoridades dominicanas tambi\u00e9n han optado por un aumento del gasto p\u00fablico, en el presupuesto complementario ya aprobado, lo que espera ayude al crecimiento de la econom\u00eda, luego de un proceso an\u00e9mico que ha ralentizado actividades como la construcci\u00f3n.<\/p>\n\n\n\n<p>Los misioneros se reunieron con las autoridades del sector el\u00e9ctrico, el cual enfrenta las mayores p\u00e9rdidas de las distribuidoras.<\/p>\n\n\n\n<h3 class=\"wp-block-heading\">Moneda digital<\/h3>\n\n\n\n<p>Durante la visita de los t\u00e9cnicos del FMI, uno de los temas expuestos por las autoridades monetarias fue la puesta en circulaci\u00f3n de una \u201cmoneda digital\u201d en Rep\u00fablica Dominicana, para lo cual se requerir\u00e1 modificar la Ley 183-02, Monetaria y Financiera.<\/p>\n\n\n\n<p>La autoridad monetaria recibir\u00e1 asistencia t\u00e9cnica de la idea del \u201cpeso digital\u201d, en un proceso a largo plazo y sujeto a la estabilidad de la efectividad de la monetaria, la estabilidad financiera, los sistemas de pagos y la inclusi\u00f3n financiera.<\/p>\n\n\n\n<p>Otros temas est\u00e1n relacionados en proporcionar asistencia t\u00e9cnica en programaci\u00f3n financiera, con el objetivo de contribuir con el desarrollo de marcos macroecon\u00f3micos y presupuestarios y fiscales de mediano plazo.<\/p>\n\n\n\n<p>Tambi\u00e9n, en temas relacionados con el clima, sobre desarrollo de capacidades clim\u00e1ticas y pol\u00edticas de mitigaci\u00f3n y reformas para el sector el\u00e9ctrico. El proyecto incluye recomendaciones para mejorar la resiliencia ante eventos clim\u00e1ticos extremos, con \u00e9nfasis en la gesti\u00f3n de recursos h\u00eddricos, y el financiamiento para la gesti\u00f3n del riesgo de desastres.<\/p>\n\n\n\n<h3 class=\"wp-block-heading\">Sepa m\u00e1s<\/h3>\n\n\n\n<h3 class=\"wp-block-heading\">Hacienda<\/h3>\n\n\n\n<p>Ayer, el ministro de Hacienda y Econom\u00eda Mag\u00edn D\u00edaz dijo en el programa televisado El D\u00eda que la reforma fiscal se har\u00e1 si hay consenso, \u201csi la sociedad se pone de acuerdo, si hay bastante consenso\u201d.<\/p>\n\n\n\n<p>Dijo que de eso se hablar\u00e1 en su momento, si hay condiciones.<\/p>\n\n\n\n<h3 class=\"wp-block-heading\">Progresiva<\/h3>\n\n\n\n<p>D\u00edaz se\u00f1al\u00f3 que cuando se trate, la reforma deber\u00e1 ser progresiva, en la que paguen los que m\u00e1s tienen, y no contra los pobres ni la clase media, que corrija distorsiones, y sea razonable, sensata y pol\u00edtica y socialmente viable.<\/p>\n\n\n\n<h3 class=\"wp-block-heading\">Correciones<\/h3>\n\n\n\n<p>El ministro de Hacienda y Econom\u00eda dijo que deber parte de la discusi\u00f3n corregir la suspensi\u00f3n que por m\u00e1s de ocho o nueve a\u00f1os se mantiene en la indexaci\u00f3n del Impuesto Sobre la Renta en los salarios de los trabajores, como tambi\u00e9n el tema del anticipo, el impuesto del derecho de circulaci\u00f3n (marbete vehicular) y las exenciones.<\/p>\n","protected":false},"excerpt":{"rendered":"<p>El primer paso es hacer una evaluaci\u00f3n de la administraci\u00f3n tributaria completa, acompa\u00f1ada de medidas<\/p>\n","protected":false},"author":1,"featured_media":20064,"comment_status":"open","ping_status":"open","sticky":false,"template":"","format":"standard","meta":{"footnotes":""},"categories":[10],"tags":[],"class_list":["post-20063","post","type-post","status-publish","format-standard","has-post-thumbnail","hentry","category-economica"],"_links":{"self":[{"href":"https:\/\/samantharadionline.com\/index.php\/wp-json\/wp\/v2\/posts\/20063","targetHints":{"allow":["GET"]}}],"collection":[{"href":"https:\/\/samantharadionline.com\/index.php\/wp-json\/wp\/v2\/posts"}],"about":[{"href":"https:\/\/samantharadionline.com\/index.php\/wp-json\/wp\/v2\/types\/post"}],"author":[{"embeddable":true,"href":"https:\/\/samantharadionline.com\/index.php\/wp-json\/wp\/v2\/users\/1"}],"replies":[{"embeddable":true,"href":"https:\/\/samantharadionline.com\/index.php\/wp-json\/wp\/v2\/comments?post=20063"}],"version-history":[{"count":2,"href":"https:\/\/samantharadionline.com\/index.php\/wp-json\/wp\/v2\/posts\/20063\/revisions"}],"predecessor-version":[{"id":20066,"href":"https:\/\/samantharadionline.com\/index.php\/wp-json\/wp\/v2\/posts\/20063\/revisions\/20066"}],"wp:featuredmedia":[{"embeddable":true,"href":"https:\/\/samantharadionline.com\/index.php\/wp-json\/wp\/v2\/media\/20064"}],"wp:attachment":[{"href":"https:\/\/samantharadionline.com\/index.php\/wp-json\/wp\/v2\/media?parent=20063"}],"wp:term":[{"taxonomy":"category","embeddable":true,"href":"https:\/\/samantharadionline.com\/index.php\/wp-json\/wp\/v2\/categories?post=20063"},{"taxonomy":"post_tag","embeddable":true,"href":"https:\/\/samantharadionline.com\/index.php\/wp-json\/wp\/v2\/tags?post=20063"}],"curies":[{"name":"wp","href":"https:\/\/api.w.org\/{rel}","templated":true}]}}