{"id":20059,"date":"2025-10-06T21:43:35","date_gmt":"2025-10-07T01:43:35","guid":{"rendered":"https:\/\/samantharadionline.com\/?p=20059"},"modified":"2025-10-06T21:43:35","modified_gmt":"2025-10-07T01:43:35","slug":"abinader-evade-senalamientos-por-no-renovacion-de-jueces-y-afirma-se-actuo-conforme-a-la-constitucion","status":"publish","type":"post","link":"https:\/\/samantharadionline.com\/index.php\/2025\/10\/06\/abinader-evade-senalamientos-por-no-renovacion-de-jueces-y-afirma-se-actuo-conforme-a-la-constitucion\/","title":{"rendered":"Abinader evade se\u00f1alamientos por no renovaci\u00f3n de jueces y afirma se actu\u00f3 conforme a la Constituci\u00f3n"},"content":{"rendered":"\n<p class=\"has-medium-font-size\"><em>Jos\u00e9 Ignacio Paliza, agreg\u00f3 que el partido oficialista no ha asumido las \u201cmismas actitudes y roles\u201d que otros han tomado en el pasado y que eso se ha demostrado en la elecci\u00f3n de los titulares de otros \u00f3rganos<\/em><\/p>\n\n\n\n<figure class=\"wp-block-image\"><img decoding=\"async\" src=\"https:\/\/listindiario.com\/files\/image_60_60\/uploads\/2023\/05\/16\/64638cfd2419c.jpeg\" alt=\"Avatar del Javier Flores\"\/><\/figure>\n\n\n\n<p><em>\u00a0<\/em>Javier Flores, <strong>Santo Domingo, RD<\/strong><\/p>\n\n\n\n<p>Luego de que el Consejo Nacional de la Magistratura (CNM) decidiera no ratificar en sus puestos en la Suprema Corte de Justicia (SCJ) a ninguno de los jueces evaluados, m\u00faltiples sectores jur\u00eddicos y partidos opositores cuestionaron la \u201ccapacidad t\u00e9cnica\u201d de los miembros del \u00f3rgano constitucional.<\/p>\n\n\n\n<p>Al ser cuestionado durante el desarrollo de La Semanal, el presidente Luis Abinader evadi\u00f3 esos se\u00f1alamientos y manifest\u00f3 que se actu\u00f3 conforme a lo estipulado tanto en la Constituci\u00f3n de la Rep\u00fablica y la ley que rige al CNM.<\/p>\n\n\n\n<p>\u201cMi respuesta es que nosotros actuamos seg\u00fan la Constituci\u00f3n y las leyes de la Rep\u00fablica Dominicana\u201d, exclam\u00f3 el mandatario.<\/p>\n\n\n\n<p>Con relaci\u00f3n a los cuestionamientos de que el Partido Revolucionario Moderno (PRM) estar\u00eda utilizando las vacantes en la Alta Corte para imponer sus jueces, el mandatario resalt\u00f3 que su historial \u201cse encuentra ah\u00ed\u201d.<\/p>\n\n\n\n<p>\u201cNuestra historia y forma es muy clara en cuanto a la forma institucional y no pol\u00edtica con que hemos manejado las altas cortes, ah\u00ed est\u00e1 nuestra historia, muy diferente a lo del pasado\u201d, expres\u00f3 el Gobernante.<\/p>\n\n\n\n<p>En ese mismo tenor el presidente del PRM, Jos\u00e9 Ignacio Paliza, agreg\u00f3 que el partido oficialista no ha asumido las \u201cmismas actitudes y roles\u201d que otros han tomado en el pasado y que eso se ha demostrado en la elecci\u00f3n de los titulares de otros \u00f3rganos.<\/p>\n\n\n\n<p>\u201cAhora que el PRM tiene una mayor\u00eda calificada, siempre ha utilizado las mismas con el nivel de responsabilidad y la coherencia que le caracteriza y no hemos asumido los mismos par\u00e1metros y roles del pasado. En la Junta Central Electoral (JCE), en la Defensor\u00eda del Pueblo, en la Procuradur\u00eda General de la Rep\u00fablica, en la propia C\u00e1mara de Cuentas, no han sido una selecci\u00f3n pol\u00edtica, ni ha sido la vinculaci\u00f3n pol\u00edtica \u2013 partidaria la que ha definido a quienes hemos elegido para esas posiciones\u201d, argument\u00f3 el tambi\u00e9n ministro de la Presidencia.<\/p>\n\n\n\n<p>Paliza indic\u00f3 que la muestra es que actualmente el Tribunal Superior Electoral (TSE) est\u00e1 presidido por un juez de carrera.<\/p>\n\n\n\n<p>El pasado fin de semana el CNM anunci\u00f3, a trav\u00e9s del Consultor Jur\u00eddico del Poder Ejecutivo, Antoliano Peralta, que no confirm\u00f3 a los jueces Pilar Jim\u00e9nez Ortiz, Manuel Alexis Read Ortiz y Mois\u00e9s Ferrer Landr\u00f3n.<\/p>\n\n\n\n<p>Estas tres vacantes se suman a las ya existentes, correspondientes a los magistrados Napole\u00f3n Est\u00e9vez, quien pas\u00f3 a presidir el Tribunal Constitucional, y Blas Fern\u00e1ndez, quien declin\u00f3 continuar en el proceso de evaluaci\u00f3n.<\/p>\n\n\n\n<p>De esta forma, quedan habilitadas cinco posiciones dentro de la Suprema Corte de Justicia.<\/p>\n\n\n\n<p>Asimismo, convoc\u00f3 a la presentaci\u00f3n de propuestas de candidaturas y postulaciones propias para ocupar cinco vacantes correspondientes a jueces de la SCJ, as\u00ed como diez vacantes correspondientes a los cinco jueces titulares y los cinco jueces suplentes del TSE.<\/p>\n\n\n\n<p>Tambi\u00e9n se inform\u00f3 que los expedientes ser\u00e1n recibidos a partir del este lunes en la Secretar\u00eda del CNM, ubicada en el primer piso del edificio de la SCJ, de lunes a viernes, en horario de 7:30 a. m. a 4:00 p. m.&nbsp;<\/p>\n\n\n\n<p>De acuerdo con el Reglamento 1-25 del CNM, las cartas motivadas de personas e instituciones interesadas en presentar propuestas de candidaturas de terceros se recibir\u00e1n hasta el 16 de octubre, mientras que las postulaciones propias se recibir\u00e1n hasta el 21 de octubre.<\/p>\n","protected":false},"excerpt":{"rendered":"<p>Jos\u00e9 Ignacio Paliza, agreg\u00f3 que el partido oficialista no ha asumido las \u201cmismas actitudes y<\/p>\n","protected":false},"author":1,"featured_media":20060,"comment_status":"open","ping_status":"open","sticky":false,"template":"","format":"standard","meta":{"footnotes":""},"categories":[12],"tags":[],"class_list":["post-20059","post","type-post","status-publish","format-standard","has-post-thumbnail","hentry","category-nacionales"],"_links":{"self":[{"href":"https:\/\/samantharadionline.com\/index.php\/wp-json\/wp\/v2\/posts\/20059","targetHints":{"allow":["GET"]}}],"collection":[{"href":"https:\/\/samantharadionline.com\/index.php\/wp-json\/wp\/v2\/posts"}],"about":[{"href":"https:\/\/samantharadionline.com\/index.php\/wp-json\/wp\/v2\/types\/post"}],"author":[{"embeddable":true,"href":"https:\/\/samantharadionline.com\/index.php\/wp-json\/wp\/v2\/users\/1"}],"replies":[{"embeddable":true,"href":"https:\/\/samantharadionline.com\/index.php\/wp-json\/wp\/v2\/comments?post=20059"}],"version-history":[{"count":1,"href":"https:\/\/samantharadionline.com\/index.php\/wp-json\/wp\/v2\/posts\/20059\/revisions"}],"predecessor-version":[{"id":20061,"href":"https:\/\/samantharadionline.com\/index.php\/wp-json\/wp\/v2\/posts\/20059\/revisions\/20061"}],"wp:featuredmedia":[{"embeddable":true,"href":"https:\/\/samantharadionline.com\/index.php\/wp-json\/wp\/v2\/media\/20060"}],"wp:attachment":[{"href":"https:\/\/samantharadionline.com\/index.php\/wp-json\/wp\/v2\/media?parent=20059"}],"wp:term":[{"taxonomy":"category","embeddable":true,"href":"https:\/\/samantharadionline.com\/index.php\/wp-json\/wp\/v2\/categories?post=20059"},{"taxonomy":"post_tag","embeddable":true,"href":"https:\/\/samantharadionline.com\/index.php\/wp-json\/wp\/v2\/tags?post=20059"}],"curies":[{"name":"wp","href":"https:\/\/api.w.org\/{rel}","templated":true}]}}