{"id":20054,"date":"2025-10-06T11:07:29","date_gmt":"2025-10-06T15:07:29","guid":{"rendered":"https:\/\/samantharadionline.com\/?p=20054"},"modified":"2025-10-06T11:07:30","modified_gmt":"2025-10-06T15:07:30","slug":"sector-donde-delincuentes-utilizan-camaras-para-vigilar-a-la-policia","status":"publish","type":"post","link":"https:\/\/samantharadionline.com\/index.php\/2025\/10\/06\/sector-donde-delincuentes-utilizan-camaras-para-vigilar-a-la-policia\/","title":{"rendered":"Sector donde delincuentes utilizan c\u00e1maras para vigilar a la Polic\u00eda"},"content":{"rendered":"\n<p class=\"has-medium-font-size\"><em>Joel Santos, dijo el 5 de agosto de 2024 estar consciente de que delincuentes en diversos \u00abpuntos del pa\u00eds\u00bb estaban utilizando para c\u00e1maras en las calles para vigilar las labores de la Polic\u00eda. Un a\u00f1o despu\u00e9s todav\u00eda contin\u00faan registr\u00e1ndose estos casos en los barrios<\/em><\/p>\n\n\n\n<figure class=\"wp-block-image\"><img decoding=\"async\" src=\"https:\/\/listindiario.com\/files\/image_60_60\/uploads\/2023\/05\/16\/64637a1e3ff38.jpeg\" alt=\"Avatar del \u00c1ngel Valdez\"\/><\/figure>\n\n\n\n<p><em>\u00a0<\/em>\u00c1ngel Valdez,<strong> Santo Domingo, RD.\u00a0<\/strong><\/p>\n\n\n\n<p>Desde hace unos dos a\u00f1os, los medios de comunicaci\u00f3n empezaron a evidenciar el alcance que est\u00e1n teniendo los delincuentes, dentro de las comunidades donde residen para evadir las acciones de la&nbsp;<strong>Polic\u00eda Nacional<\/strong>.<\/p>\n\n\n\n<p>Surgieron diversas denuncias sobre c\u00f3mo los malhechores instalan&nbsp;<strong>c\u00e1maras de seguridad<\/strong>&nbsp;en puntos estrat\u00e9gicos para vigilar los movimientos de los agentes con el objetivo de evitar ser capturados. Adem\u00e1s, esto les permite estar alertas ante cualquier ataque que pudiesen recibir de otros bandos de criminales.<\/p>\n\n\n\n<p>Hasta el momento, la opini\u00f3n p\u00fablica solo conoc\u00eda de cuatro casos registrados en las provincias&nbsp;<strong>S\u00e1nchez Ram\u00edrez, San Jos\u00e9 de Ocoa, Seibo y el Distrito Nacional<\/strong>. No obstante, a este se agreg\u00f3 uno m\u00e1s el pasado domingo, luego de que dos j\u00f3venes, a quienes se les acusa por la comisi\u00f3n de diversos delitos, se entregaran a la Polic\u00eda Nacional en el sector Guachupita de la capital del pa\u00eds.<\/p>\n\n\n\n<p>Al menos tres dispositivos fueron visualizados en los postes de luz de la calle Ram\u00f3n Mat\u00edas Mella de esa demarcaci\u00f3n, los cuales est\u00e1n a\u00fan en la actualidad a disposici\u00f3n de una alegada agrupaci\u00f3n criminal. &nbsp;<\/p>\n\n\n\n<p>As\u00ed lo confirmaron miembros del cuerpo policial a reporteros de este medio, mientras se encontraban realizando en esta zona el operativo que concluy\u00f3 con la detenci\u00f3n, por medio de la entrega voluntaria, de&nbsp;<strong>Johan Ad\u00f3n, 19 a\u00f1os; y Andr\u00e9s Jes\u00fas Espinal P\u00e9rez,&nbsp; 21 a\u00f1os de edad (Mazazo)<\/strong>. De acuerdo con las informaciones ofrecidas por la instituci\u00f3n encargada de la seguridad ciudadana, estos tienen tres \u00f3rdenes de arresto en su contra, dentro de los cuales se encuentra el alegato de un supuesto homicidio.<\/p>\n\n\n\n<p>Precisamente, en las redes sociales se encuentra la publicaci\u00f3n de un video en el que se puede observar c\u00f3mo estos j\u00f3venes, en la habitaci\u00f3n dentro de su hogar, estaban escondidos con un arma de fuego, atentos a todos los movimientos del contingente policial situado en las proximidades.<\/p>\n\n\n\n<figure class=\"wp-block-image\" id=\"m27292-27291-27293\"><img decoding=\"async\" src=\"https:\/\/listindiario.com\/files\/vertical_main_image\/uploads\/2025\/10\/06\/68e3cd8105909.jpeg\" alt=\"televisi\u00f3n situada en la habitaci\u00f3n en que se encontraban los j\u00f3venes pr\u00f3fugos, mientras intentaban esconderse de los agentes policiales.\"\/><figcaption class=\"wp-element-caption\">Televisi\u00f3n situada en la habitaci\u00f3n en que se encontraban los j\u00f3venes pr\u00f3fugos en la cual se observan las imagenes capturadas por las c\u00e1maras de vigilancia, mientras intentaban esconderse de los agentes policiales.Fuente externa.<\/figcaption><\/figure>\n\n\n\n<p>Seg\u00fan expresaron algunos comunitarios a reporteros, sin exponer su identidad debido al termo de recibir posibles represalias, las videoc\u00e1maras no han sido retiradas, a pesar de que los organismos de seguridad asignados a esta demarcaci\u00f3n est\u00e1n conscientes sobre su uso delictivo.<\/p>\n\n\n\n<p>\u201cDespu\u00e9s de que se los llevaron,&nbsp;<strong>por aqu\u00ed no ha regresado ning\u00fan polic\u00eda a tumbar las c\u00e1maras y ellos (los agentes) saben para qu\u00e9 son esas c\u00e1maras\u2026<\/strong>\u201d, dijo el residente.<\/p>\n\n\n\n<figure class=\"wp-block-image\" id=\"m27304-27303-27305\"><img decoding=\"async\" src=\"https:\/\/listindiario.com\/files\/vertical_main_image\/uploads\/2025\/10\/06\/68e3cbf67d2ec.jpeg\" alt=\"C\u00e1mara de videovigilancia.\"\/><figcaption class=\"wp-element-caption\">Otra C\u00e1mara de videovigilancia.Leonel Matos<\/figcaption><\/figure>\n\n\n\n<p>Por otro lado, esta situaci\u00f3n empeora con las denuncias expresadas a trav\u00e9s de las plataformas digitales y medios de comunicaci\u00f3n sobre la ausencia de la prevenci\u00f3n policial, lo cual ha ofrecido la tranquilidad necesaria a los delincuentes para mantener a la comunidad preocupada. &nbsp;<\/p>\n\n\n\n<h3 class=\"wp-block-heading\">M\u00e1s sistemas de vigilancia<\/h3>\n\n\n\n<p>Para los delincuentes, esta es una estrategia efectiva, ya que aumentan su capacidad de reacci\u00f3n en respuesta a las labores de los organismos de seguridad. El procurador titular fiscal de San Jos\u00e9 de Ocoa, Francis Valdez, expuso el pasado 22 de febrero otra modalidad que aplican los criminales.<\/p>\n\n\n\n<p>\u201cAhora instalan c\u00e1maras en las v\u00edas p\u00fablicas y&nbsp;<strong>les pagan a sus due\u00f1os con la finalidad de mantener vigiladas las calles y las entradas<\/strong>, y poder advertir la presencia de la autoridad\u201d, dijo el magistrado.<\/p>\n\n\n\n<p>El pasado 31 de mayo, un equipo de la Direcci\u00f3n Nacional de Control de Drogas (DNCD) y la Polic\u00eda realiz\u00f3 un operativo en el Ensanche Capotillo, una localidad cercana a Santo Domingo Norte, donde desmantelaron una red delictiva que estableci\u00f3 un sistema de videovigilancia para monitorear a las&nbsp;autoridades.<\/p>\n\n\n\n<p>\u201cHemos tomado nota de que diferentes c\u00e1maras han sido instaladas en diferentes puntos del pa\u00eds, en este caso por el crimen organizado\u201d, expres\u00f3 el exministro de Interior y Polic\u00eda (MIP), Joel Santos, el 5 de agosto del pasado a\u00f1o. Sin embargo, hasta el momento, estos hechos no han podido ser erradicados en las calles de las barriadas.<\/p>\n","protected":false},"excerpt":{"rendered":"<p>Joel Santos, dijo el 5 de agosto de 2024 estar consciente de que delincuentes en<\/p>\n","protected":false},"author":1,"featured_media":20055,"comment_status":"open","ping_status":"open","sticky":false,"template":"","format":"standard","meta":{"footnotes":""},"categories":[12],"tags":[],"class_list":["post-20054","post","type-post","status-publish","format-standard","has-post-thumbnail","hentry","category-nacionales"],"_links":{"self":[{"href":"https:\/\/samantharadionline.com\/index.php\/wp-json\/wp\/v2\/posts\/20054","targetHints":{"allow":["GET"]}}],"collection":[{"href":"https:\/\/samantharadionline.com\/index.php\/wp-json\/wp\/v2\/posts"}],"about":[{"href":"https:\/\/samantharadionline.com\/index.php\/wp-json\/wp\/v2\/types\/post"}],"author":[{"embeddable":true,"href":"https:\/\/samantharadionline.com\/index.php\/wp-json\/wp\/v2\/users\/1"}],"replies":[{"embeddable":true,"href":"https:\/\/samantharadionline.com\/index.php\/wp-json\/wp\/v2\/comments?post=20054"}],"version-history":[{"count":1,"href":"https:\/\/samantharadionline.com\/index.php\/wp-json\/wp\/v2\/posts\/20054\/revisions"}],"predecessor-version":[{"id":20056,"href":"https:\/\/samantharadionline.com\/index.php\/wp-json\/wp\/v2\/posts\/20054\/revisions\/20056"}],"wp:featuredmedia":[{"embeddable":true,"href":"https:\/\/samantharadionline.com\/index.php\/wp-json\/wp\/v2\/media\/20055"}],"wp:attachment":[{"href":"https:\/\/samantharadionline.com\/index.php\/wp-json\/wp\/v2\/media?parent=20054"}],"wp:term":[{"taxonomy":"category","embeddable":true,"href":"https:\/\/samantharadionline.com\/index.php\/wp-json\/wp\/v2\/categories?post=20054"},{"taxonomy":"post_tag","embeddable":true,"href":"https:\/\/samantharadionline.com\/index.php\/wp-json\/wp\/v2\/tags?post=20054"}],"curies":[{"name":"wp","href":"https:\/\/api.w.org\/{rel}","templated":true}]}}