{"id":20045,"date":"2025-10-06T08:31:15","date_gmt":"2025-10-06T12:31:15","guid":{"rendered":"https:\/\/samantharadionline.com\/?p=20045"},"modified":"2025-10-06T08:31:16","modified_gmt":"2025-10-06T12:31:16","slug":"huracan-priscilla-se-forma-en-aguas-del-pacifico-frente-a-mexico","status":"publish","type":"post","link":"https:\/\/samantharadionline.com\/index.php\/2025\/10\/06\/huracan-priscilla-se-forma-en-aguas-del-pacifico-frente-a-mexico\/","title":{"rendered":"Hurac\u00e1n Priscilla se forma en aguas del Pac\u00edfico frente a M\u00e9xico"},"content":{"rendered":"\n<p class=\"has-medium-font-size\"><em>El Servicio Meteorol\u00f3gico Nacional estima que Priscilla provocar\u00e1 tormentas el\u00e9ctricas de muy fuertes a torrenciales<\/em><\/p>\n\n\n\n<figure class=\"wp-block-image\"><img decoding=\"async\" src=\"https:\/\/listindiario.com\/files\/image_60_60\/uploads\/2025\/06\/12\/684b39171bfd7.jpeg\" alt=\"Avatar del Agencia AFP\"\/><\/figure>\n\n\n\n<p><em>\u00a0<\/em>Agencia AFP, <strong>M\u00e9xico<\/strong><\/p>\n\n\n\n<p>El hurac\u00e1n Priscilla se form\u00f3 este domingo en aguas del Pac\u00edfico frente a la costa occidental de M\u00e9xico, donde se espera que avance sin tocar tierra, pero produciendo lluvias en diversos estados, inform\u00f3 el Centro Nacional de Huracanes (NHC) estadounidense.<\/p>\n\n\n\n<p>A las 00H00 GMT del lunes, el ciclon se ubicaba 460 kil\u00f3metros al suroeste de Cabo Corrientes, en el estado mexicano de Jalisco (oeste), con vientos m\u00e1ximos sostenidos de 120 kms\/hora, mientras se desplaza con direcci\u00f3n noroeste a 6 kms\/hora.<\/p>\n\n\n\n<p>Se prev\u00e9 que el centro del sistema, de categor\u00eda 1 de 5 en la escala Saffir-Simpson, se mueva mar adentro y en paralelo a la costa oeste de M\u00e9xico durante los primeros d\u00edas de la semana, seg\u00fan los pron\u00f3sticos.<\/p>\n\n\n\n<p>\u00abSe espera un fortalecimiento adicional durante los pr\u00f3ximos d\u00edas, y se pronostica que Priscilla se convertir\u00e1 en un hurac\u00e1n de categor\u00eda 2 m\u00e1s adelante esta semana\u00bb, agreg\u00f3 el NHC en su reporte.<\/p>\n\n\n\n<p>El gobierno mexicano exhort\u00f3 a la poblaci\u00f3n de zonas vulnerables a tomar medidas preventivas, mientras la jefa nacional de Protecci\u00f3n Civil, Laura Vel\u00e1zquez, realizaba recorridos en el municipio de Manzanillo (estado de Colima, oeste) para identificar riesgos e informar a la poblaci\u00f3n, seg\u00fan un comunicado oficial.<\/p>\n\n\n\n<p>El Servicio Meteorol\u00f3gico Nacional estima que Priscilla provocar\u00e1 tormentas el\u00e9ctricas de muy fuertes a torrenciales, acompa\u00f1adas de granizo, vientos y oleaje elevado en los estados occidentales de Michoac\u00e1n, Jalisco, Colima, Guerrero y Nayarit.<\/p>\n\n\n\n<p>Los gobiernos federal y local \u00abmantienen activada la zona de vigilancia por efectos de vientos de tormenta tropical desde Punta San Telmo, Michoac\u00e1n, hasta Punta Mita, Nayarit\u00bb, a\u00f1ade el comunicado.<\/p>\n\n\n\n<p>M\u00e9xico sufre todos los a\u00f1os el embate de ciclones, tanto en la costa del Pac\u00edfico como en la del Atl\u00e1ntico, normalmente entre mayo y noviembre.<\/p>\n","protected":false},"excerpt":{"rendered":"<p>El Servicio Meteorol\u00f3gico Nacional estima que Priscilla provocar\u00e1 tormentas el\u00e9ctricas de muy fuertes a torrenciales<\/p>\n","protected":false},"author":1,"featured_media":20046,"comment_status":"open","ping_status":"open","sticky":false,"template":"","format":"standard","meta":{"footnotes":""},"categories":[4],"tags":[],"class_list":["post-20045","post","type-post","status-publish","format-standard","has-post-thumbnail","hentry","category-mundiales"],"_links":{"self":[{"href":"https:\/\/samantharadionline.com\/index.php\/wp-json\/wp\/v2\/posts\/20045","targetHints":{"allow":["GET"]}}],"collection":[{"href":"https:\/\/samantharadionline.com\/index.php\/wp-json\/wp\/v2\/posts"}],"about":[{"href":"https:\/\/samantharadionline.com\/index.php\/wp-json\/wp\/v2\/types\/post"}],"author":[{"embeddable":true,"href":"https:\/\/samantharadionline.com\/index.php\/wp-json\/wp\/v2\/users\/1"}],"replies":[{"embeddable":true,"href":"https:\/\/samantharadionline.com\/index.php\/wp-json\/wp\/v2\/comments?post=20045"}],"version-history":[{"count":1,"href":"https:\/\/samantharadionline.com\/index.php\/wp-json\/wp\/v2\/posts\/20045\/revisions"}],"predecessor-version":[{"id":20047,"href":"https:\/\/samantharadionline.com\/index.php\/wp-json\/wp\/v2\/posts\/20045\/revisions\/20047"}],"wp:featuredmedia":[{"embeddable":true,"href":"https:\/\/samantharadionline.com\/index.php\/wp-json\/wp\/v2\/media\/20046"}],"wp:attachment":[{"href":"https:\/\/samantharadionline.com\/index.php\/wp-json\/wp\/v2\/media?parent=20045"}],"wp:term":[{"taxonomy":"category","embeddable":true,"href":"https:\/\/samantharadionline.com\/index.php\/wp-json\/wp\/v2\/categories?post=20045"},{"taxonomy":"post_tag","embeddable":true,"href":"https:\/\/samantharadionline.com\/index.php\/wp-json\/wp\/v2\/tags?post=20045"}],"curies":[{"name":"wp","href":"https:\/\/api.w.org\/{rel}","templated":true}]}}