{"id":20017,"date":"2025-10-03T17:09:19","date_gmt":"2025-10-03T21:09:19","guid":{"rendered":"https:\/\/samantharadionline.com\/?p=20017"},"modified":"2025-10-03T17:09:20","modified_gmt":"2025-10-03T21:09:20","slug":"los-nombres-mas-raros-de-los-cantantes-latinos","status":"publish","type":"post","link":"https:\/\/samantharadionline.com\/index.php\/2025\/10\/03\/los-nombres-mas-raros-de-los-cantantes-latinos\/","title":{"rendered":"Los nombres mas raros de los cantantes latinos"},"content":{"rendered":"\n<p class=\"has-medium-font-size\"><em>Elementos llamativos pueden ser la diferencia entre perderse en el algoritmo y convertirse en tendencia, indicaron a EFE artistas y expertos en marketing digital<\/em><\/p>\n\n\n\n<figure class=\"wp-block-image\"><img decoding=\"async\" src=\"https:\/\/listindiario.com\/files\/image_60_60\/uploads\/2023\/05\/23\/646cd02f4f53e.jpeg\" alt=\"Avatar del Agencia EFE\"\/><\/figure>\n\n\n\n<p><em>\u00a0<\/em>Agencia EFE,<strong> Miami, EE.UU.<\/strong><\/p>\n\n\n\n<p>En la era digital, los nuevos artistas latinos no solo buscan innovar con su m\u00fasica sino tambi\u00e9n con su identidad visual: tipograf\u00eda, colores y nombres dif\u00edciles de pronunciar, combinando may\u00fasculas y min\u00fasculas de forma aleatoria, mezclando idiomas, todo como estrategia para destacar en redes sociales.<\/p>\n\n\n\n<p>La meta es sobresalir en redes y en plataformas de \u2018streaming\u2019, donde elementos llamativos pueden ser la diferencia entre perderse en el algoritmo y convertirse en tendencia, indicaron a EFE artistas y expertos en marketing digital.<\/p>\n\n\n\n<p>Adoptar un nombre art\u00edstico no es nuevo, lo hicieron desde&nbsp;<strong>Pedro Infante<\/strong>&nbsp;hasta&nbsp;<strong>Jos\u00e9 Jos\u00e9<\/strong>, pasando por J<strong>uan Gabriel, Roc\u00edo D\u00farcal&nbsp;<\/strong>y hasta&nbsp;<strong>Chayanne<\/strong>, cuyo nombre es Elmer Figueroa, buscando reflejar elegancia o una identidad que fuera recordada f\u00e1cilmente.<\/p>\n\n\n\n<p>Otros, inspirados en el hip-hop, en el que los artistas adoptaban un \u2018alter ego\u2019 que protegiera su identidad, abrazaron nombres en ingl\u00e9s poco comunes. As\u00ed nacieron en la m\u00fasica urbana en espa\u00f1ol nombres como los de&nbsp;<strong>Don Omar, Daddy Yankee y Nicky Jam<\/strong>, entre otros.<\/p>\n\n\n\n<p><strong>Hacer la diferencia<\/strong><\/p>\n\n\n\n<p>Sin embargo, a los nuevos artistas latinos no les basta el talento o un video o canci\u00f3n viral, buscan destacarse visualmente. El nombre art\u00edstico debe lucir diferente en buscadores, hashtags o dominios de internet.<\/p>\n\n\n\n<p>\u00abHoy en d\u00eda, un artista no solo necesita un sonido propio, sino un diferencial que refleje su personalidad y su marca.&nbsp;<strong>No basta con la m\u00fasica o la est\u00e9tica<\/strong>: esa identidad debe traducirse en una narrativa que genere conexi\u00f3n\u00bb, explic\u00f3 a EFE&nbsp;<strong>Carlos \u2018Charly\u2019 P\u00e9rez<\/strong>, fundador y director ejecutivo de Studio VII.<\/p>\n\n\n\n<p>\u00abEs ah\u00ed donde los fans deciden acompa\u00f1arte y sentirse parte de tu propuesta en medio de la gran diversidad de artistas que existen actualmente\u00bb, agreg\u00f3 el experto, quien form\u00f3 parte del equipo que lanz\u00f3 a&nbsp;<strong>Karol G, J. Balvin, Feid<\/strong>&nbsp;y otros en Universal Music Latin.<\/p>\n\n\n\n<p>\u00abLa forma en la que los nuevos artistas llegan a su p\u00fablico, que es inicialmente el m\u00e1s joven, es a trav\u00e9s de las redes. Para destacarse visualmente y para que los algoritmos los identifiquen, tienen que tener nombres y elementos gr\u00e1ficos llamativos\u00bb, explic\u00f3&nbsp;<strong>Andrea Ram\u00edrez<\/strong>, presidenta de Andrea Ram\u00edrez PR, quien lleva la imagen del artista puertorrique\u00f1o&nbsp;<strong>Myke Towers<\/strong>, entre muchos otros.<\/p>\n\n\n\n<p><strong>Empujando los l\u00edmites<\/strong><\/p>\n\n\n\n<p>As\u00ed Michael Torres pas\u00f3 a ser&nbsp;<strong>Myke Towers<\/strong>, Ra\u00fal Alejandro a&nbsp;<strong>Rauw Alejandro<\/strong>&nbsp;y Carolina Giraldo a&nbsp;<strong>Karol G<\/strong>.<\/p>\n\n\n\n<p>Hay nombres art\u00edsticos m\u00e1s complicados.&nbsp;<strong>Feid&nbsp;<\/strong>se inspir\u00f3 en el sonido en espa\u00f1ol de la palabra \u00abfaith\u00bb, fe en ingl\u00e9s. El argentino&nbsp;<strong>CA7RIEL<\/strong>&nbsp;sustituy\u00f3 la T por su n\u00famero favorito,<strong>&nbsp;YSY A<\/strong>&nbsp;incluy\u00f3 un espacio,&nbsp;<strong>R.K.M.&nbsp;<\/strong>se pronuncia \u00abrakim\u00bb y otros tienen vocales repetidas como&nbsp;<strong>Guaynaa y Greeyci<\/strong>.<\/p>\n\n\n\n<p><strong>Bad Bunny&nbsp;<\/strong>demostr\u00f3, adem\u00e1s, que una forma de escribir puede convertirse en una herramienta poderosa. El hombre de su ya ic\u00f3nico \u00e1lbum&nbsp;<strong>\u2018DeB\u00cd TiRAR M\u00e1S FOToS\u2019<\/strong>&nbsp;y todas las canciones se escriben con mezcla de may\u00fasculas y min\u00fasculas.<\/p>\n\n\n\n<p>La venezolana Corina Smith no usa las may\u00fasculas en sus materiales promocionales e incluso comunicaciones en las redes sociales y mensajes con sus fans.<\/p>\n\n\n\n<p>El color tambi\u00e9n ayuda.&nbsp;<strong>Karol G<\/strong>&nbsp;ha adoptado el naranja para su actual era&nbsp;<strong>\u2018Tropicoqueta\u2019<\/strong>.&nbsp;<strong>Feid&nbsp;<\/strong>empuj\u00f3 su carrera abrazando el verde y en este 2025 se convirti\u00f3 en el \u00fanico latino en tener su propio tono Pantone.<\/p>\n\n\n\n<p><strong>Riesgos de una imagen extravagante<\/strong><\/p>\n\n\n\n<p>La dominicana&nbsp;<strong>Adri Torr\u00f3n<\/strong>, quien lanza su primer disco&nbsp;<strong>\u2018REDSTAR\u2019&nbsp;<\/strong>en octubre, revel\u00f3 que su imagen actual est\u00e1 centrada en el color rojo. \u00abHoy en d\u00eda tenemos que buscar elementos que ayuden al p\u00fablico a identificarnos. En mi caso, el color va con el nombre del disco y siento que me representa\u00bb, indic\u00f3 en una entrevista vestida de ese tono y con el cabello con reflejos en \u2018bordeaux\u2019 (rojo oscuro).<\/p>\n\n\n\n<p>Eso s\u00ed, \u00abun nombre o look extravagante genera atenci\u00f3n inmediata, pero tambi\u00e9n corre el riesgo de ser dif\u00edcil de recordar o buscar y que el inter\u00e9s inicial por la identidad visual opaque su m\u00fasica\u00bb, agrega P\u00e9rez.<\/p>\n\n\n\n<p>Para Ram\u00edrez, todo se resume en equilibrio, pues \u00ab<strong>lo que suena divertido ahora o disruptor puede ser un problema para un artista luego<\/strong>, o incluso puede alienar a un p\u00fablico que te puede interesar en el futuro. Lo importante es tener clara la meta\u00bb.<\/p>\n","protected":false},"excerpt":{"rendered":"<p>Elementos llamativos pueden ser la diferencia entre perderse en el algoritmo y convertirse en tendencia,<\/p>\n","protected":false},"author":1,"featured_media":20018,"comment_status":"open","ping_status":"open","sticky":false,"template":"","format":"standard","meta":{"footnotes":""},"categories":[11],"tags":[],"class_list":["post-20017","post","type-post","status-publish","format-standard","has-post-thumbnail","hentry","category-entretenimiento"],"_links":{"self":[{"href":"https:\/\/samantharadionline.com\/index.php\/wp-json\/wp\/v2\/posts\/20017","targetHints":{"allow":["GET"]}}],"collection":[{"href":"https:\/\/samantharadionline.com\/index.php\/wp-json\/wp\/v2\/posts"}],"about":[{"href":"https:\/\/samantharadionline.com\/index.php\/wp-json\/wp\/v2\/types\/post"}],"author":[{"embeddable":true,"href":"https:\/\/samantharadionline.com\/index.php\/wp-json\/wp\/v2\/users\/1"}],"replies":[{"embeddable":true,"href":"https:\/\/samantharadionline.com\/index.php\/wp-json\/wp\/v2\/comments?post=20017"}],"version-history":[{"count":1,"href":"https:\/\/samantharadionline.com\/index.php\/wp-json\/wp\/v2\/posts\/20017\/revisions"}],"predecessor-version":[{"id":20019,"href":"https:\/\/samantharadionline.com\/index.php\/wp-json\/wp\/v2\/posts\/20017\/revisions\/20019"}],"wp:featuredmedia":[{"embeddable":true,"href":"https:\/\/samantharadionline.com\/index.php\/wp-json\/wp\/v2\/media\/20018"}],"wp:attachment":[{"href":"https:\/\/samantharadionline.com\/index.php\/wp-json\/wp\/v2\/media?parent=20017"}],"wp:term":[{"taxonomy":"category","embeddable":true,"href":"https:\/\/samantharadionline.com\/index.php\/wp-json\/wp\/v2\/categories?post=20017"},{"taxonomy":"post_tag","embeddable":true,"href":"https:\/\/samantharadionline.com\/index.php\/wp-json\/wp\/v2\/tags?post=20017"}],"curies":[{"name":"wp","href":"https:\/\/api.w.org\/{rel}","templated":true}]}}