{"id":20014,"date":"2025-10-03T17:06:35","date_gmt":"2025-10-03T21:06:35","guid":{"rendered":"https:\/\/samantharadionline.com\/?p=20014"},"modified":"2025-10-03T17:06:36","modified_gmt":"2025-10-03T21:06:36","slug":"sean-diddy-combs-condenado-a-poco-mas-de-cuatro-anos-de-prision","status":"publish","type":"post","link":"https:\/\/samantharadionline.com\/index.php\/2025\/10\/03\/sean-diddy-combs-condenado-a-poco-mas-de-cuatro-anos-de-prision\/","title":{"rendered":"Sean \u00abDiddy\u00bb Combs condenado a poco m\u00e1s de cuatro a\u00f1os de prisi\u00f3n"},"content":{"rendered":"\n<p class=\"has-medium-font-size\"><em>La fiscal\u00eda hab\u00eda solicitado 11 a\u00f1os de c\u00e1rcel para Combs<\/em><\/p>\n\n\n\n<figure class=\"wp-block-image\"><img decoding=\"async\" src=\"https:\/\/listindiario.com\/files\/image_60_60\/uploads\/2025\/06\/12\/684b39171bfd7.jpeg\" alt=\"Avatar del Agencia AFP\"\/><\/figure>\n\n\n\n<p><em>\u00a0<\/em>Agencia AFP<\/p>\n\n\n\n<p>El magnate musical Sean \u00abDiddy\u00bb Combs fue condenado el viernes a cuatro a\u00f1os y dos meses de prisi\u00f3n por cargos de trata de personas con multas de prostituci\u00f3n.<\/p>\n\n\n\n<p>La fiscal\u00eda hab\u00eda solicitado 11 a\u00f1os de c\u00e1rcel para Combs, pero el juez Arun Subramanian dict\u00f3 una sentencia de 50 meses.<\/p>\n","protected":false},"excerpt":{"rendered":"<p>La fiscal\u00eda hab\u00eda solicitado 11 a\u00f1os de c\u00e1rcel para Combs \u00a0Agencia AFP El magnate musical<\/p>\n","protected":false},"author":1,"featured_media":20015,"comment_status":"open","ping_status":"open","sticky":false,"template":"","format":"standard","meta":{"footnotes":""},"categories":[11],"tags":[],"class_list":["post-20014","post","type-post","status-publish","format-standard","has-post-thumbnail","hentry","category-entretenimiento"],"_links":{"self":[{"href":"https:\/\/samantharadionline.com\/index.php\/wp-json\/wp\/v2\/posts\/20014","targetHints":{"allow":["GET"]}}],"collection":[{"href":"https:\/\/samantharadionline.com\/index.php\/wp-json\/wp\/v2\/posts"}],"about":[{"href":"https:\/\/samantharadionline.com\/index.php\/wp-json\/wp\/v2\/types\/post"}],"author":[{"embeddable":true,"href":"https:\/\/samantharadionline.com\/index.php\/wp-json\/wp\/v2\/users\/1"}],"replies":[{"embeddable":true,"href":"https:\/\/samantharadionline.com\/index.php\/wp-json\/wp\/v2\/comments?post=20014"}],"version-history":[{"count":1,"href":"https:\/\/samantharadionline.com\/index.php\/wp-json\/wp\/v2\/posts\/20014\/revisions"}],"predecessor-version":[{"id":20016,"href":"https:\/\/samantharadionline.com\/index.php\/wp-json\/wp\/v2\/posts\/20014\/revisions\/20016"}],"wp:featuredmedia":[{"embeddable":true,"href":"https:\/\/samantharadionline.com\/index.php\/wp-json\/wp\/v2\/media\/20015"}],"wp:attachment":[{"href":"https:\/\/samantharadionline.com\/index.php\/wp-json\/wp\/v2\/media?parent=20014"}],"wp:term":[{"taxonomy":"category","embeddable":true,"href":"https:\/\/samantharadionline.com\/index.php\/wp-json\/wp\/v2\/categories?post=20014"},{"taxonomy":"post_tag","embeddable":true,"href":"https:\/\/samantharadionline.com\/index.php\/wp-json\/wp\/v2\/tags?post=20014"}],"curies":[{"name":"wp","href":"https:\/\/api.w.org\/{rel}","templated":true}]}}