{"id":20010,"date":"2025-10-03T17:02:52","date_gmt":"2025-10-03T21:02:52","guid":{"rendered":"https:\/\/samantharadionline.com\/?p=20010"},"modified":"2025-10-03T17:02:53","modified_gmt":"2025-10-03T21:02:53","slug":"sosua-no-tiene-facultad-para-ordenar-retiro-de-estatua-atabey","status":"publish","type":"post","link":"https:\/\/samantharadionline.com\/index.php\/2025\/10\/03\/sosua-no-tiene-facultad-para-ordenar-retiro-de-estatua-atabey\/","title":{"rendered":"Sos\u00faa no tiene facultad para ordenar retiro de estatua Atabey"},"content":{"rendered":"\n<p class=\"has-medium-font-size\"><em>El viceministro Jos\u00e9 Ram\u00f3n Reyes dijo que que la Ley 64-00 es la que faculta a Medio Ambiente y Recursos naturales para tomar decisi\u00f3n en este tipo de acci\u00f3n, y que se hicieron las investigaciones suficientes para instalar la estatua<\/em><\/p>\n\n\n\n<p><em>\u00a0<\/em>R. L. D., <strong>Santo Domingo, RD<\/strong><\/p>\n\n\n\n<p>El viceministro de Recursos Costeros y Marinos del Ministerio de Medio Ambiente,&nbsp;<strong>Jos\u00e9 Ram\u00f3n Reyes<\/strong>, dijo que la sala capitular del ayuntamiento de Sos\u00faa no tiene facultad para decidir sobre la&nbsp;<strong>estatua de Atabey<\/strong>, la cual est\u00e1 en el fondo marino de esa zona como atractivo tur\u00edstico y se utiliza para la recuperaci\u00f3n de los corales.<\/p>\n\n\n\n<p>En un video colgado pro Somos Pueblo Media, Reyes explica que la<strong>&nbsp;Ley 64-00&nbsp;<\/strong>es la que faculta a Medio Ambiente y Recursos naturales para tomar decisi\u00f3n en este tipo de acci\u00f3n, y que se hicieron las investigaciones suficientes para instalar la estatua.<\/p>\n\n\n\n<p>La aclaraci\u00f3n se hace luego de que la sala capitular del ayuntamiento de Sos\u00faa aprobara en su sesi\u00f3n del martes retirar la estatua de Atabey colocada en el fondo marino de la playa de esa zona, acogiendo la propuesta del sacerdote Johnny Espinal Castillo; y del pastor Sebero Cordero Capell\u00e1n, presidente de la Federaci\u00f3n de Pastores.<\/p>\n\n\n\n<p><strong>La escultura de Atabey,<\/strong>&nbsp;madre del agua, una deidad de las culturas arahuaca y ta\u00edna de la que proceden los primeros habitantes de la isla, fue colocada en marzo de 2023.<\/p>\n\n\n\n<p><strong>Lea tambi\u00e9n<\/strong><\/p>\n\n\n\n<p>En el audiovisual colgado por Somos Pueblo en redes sociales Reyes explic\u00f3 que esa estatua ha tra\u00eddo como consecuencia la creaci\u00f3n de un ecosistema natural, el cual sirve para que el turismo de buceo acuda a Puerto Plata.<\/p>\n\n\n\n<p>\u201cIgualmente sirve de refugio para muchas especies y ha creado un ecosistema que ayuda a parar la erosi\u00f3n que est\u00e1 sufriendo las playa de Sos\u00faa, la cual el Gobierno dominicano tiene sumo inter\u00e9s en su reocupaci\u00f3n. Independientemente de eso, la sala capitular no tiene ninguna facultad para emitir ese tipo (de medida), la \u00fanica facultad que tiene el ayuntamiento en esa zona es la recogida de basura\u201d, asegur\u00f3 Reyes.<\/p>\n\n\n\n<p>La decisi\u00f3n anunciada el martes por el Concejo de Regidores provoc\u00f3 debates en las redes sociales. Muchos calificaron la medida como una demostraci\u00f3n de ignorancia, mientras que otros entienden que se debe quitar ese \u201celemento extra\u00f1o que atrae males\u201d al municipio.<\/p>\n","protected":false},"excerpt":{"rendered":"<p>El viceministro Jos\u00e9 Ram\u00f3n Reyes dijo que que la Ley 64-00 es la que faculta<\/p>\n","protected":false},"author":1,"featured_media":20011,"comment_status":"open","ping_status":"open","sticky":false,"template":"","format":"standard","meta":{"footnotes":""},"categories":[12],"tags":[],"class_list":["post-20010","post","type-post","status-publish","format-standard","has-post-thumbnail","hentry","category-nacionales"],"_links":{"self":[{"href":"https:\/\/samantharadionline.com\/index.php\/wp-json\/wp\/v2\/posts\/20010","targetHints":{"allow":["GET"]}}],"collection":[{"href":"https:\/\/samantharadionline.com\/index.php\/wp-json\/wp\/v2\/posts"}],"about":[{"href":"https:\/\/samantharadionline.com\/index.php\/wp-json\/wp\/v2\/types\/post"}],"author":[{"embeddable":true,"href":"https:\/\/samantharadionline.com\/index.php\/wp-json\/wp\/v2\/users\/1"}],"replies":[{"embeddable":true,"href":"https:\/\/samantharadionline.com\/index.php\/wp-json\/wp\/v2\/comments?post=20010"}],"version-history":[{"count":1,"href":"https:\/\/samantharadionline.com\/index.php\/wp-json\/wp\/v2\/posts\/20010\/revisions"}],"predecessor-version":[{"id":20012,"href":"https:\/\/samantharadionline.com\/index.php\/wp-json\/wp\/v2\/posts\/20010\/revisions\/20012"}],"wp:featuredmedia":[{"embeddable":true,"href":"https:\/\/samantharadionline.com\/index.php\/wp-json\/wp\/v2\/media\/20011"}],"wp:attachment":[{"href":"https:\/\/samantharadionline.com\/index.php\/wp-json\/wp\/v2\/media?parent=20010"}],"wp:term":[{"taxonomy":"category","embeddable":true,"href":"https:\/\/samantharadionline.com\/index.php\/wp-json\/wp\/v2\/categories?post=20010"},{"taxonomy":"post_tag","embeddable":true,"href":"https:\/\/samantharadionline.com\/index.php\/wp-json\/wp\/v2\/tags?post=20010"}],"curies":[{"name":"wp","href":"https:\/\/api.w.org\/{rel}","templated":true}]}}