{"id":20002,"date":"2025-10-03T16:52:57","date_gmt":"2025-10-03T20:52:57","guid":{"rendered":"https:\/\/samantharadionline.com\/?p=20002"},"modified":"2025-10-03T16:52:58","modified_gmt":"2025-10-03T20:52:58","slug":"muerte-de-cinco-hombres-en-santiago-se-trato-de-una-ejecucion-extrajudicial","status":"publish","type":"post","link":"https:\/\/samantharadionline.com\/index.php\/2025\/10\/03\/muerte-de-cinco-hombres-en-santiago-se-trato-de-una-ejecucion-extrajudicial\/","title":{"rendered":"Muerte de cinco hombres en Santiago se trat\u00f3 de una ejecuci\u00f3n extrajudicial"},"content":{"rendered":"\n<p class=\"has-medium-font-size\"><em>El Tribunal de la Oficina Judicial de Servicios de Atenci\u00f3n Permanente de Santiago, aplaz\u00f3 para el pr\u00f3ximo jueves 9 de octubre, el conocimiento de la solicitud de medida de coerci\u00f3n contra los 11 polic\u00edas<\/em><\/p>\n\n\n\n<figure class=\"wp-block-image\"><img decoding=\"async\" src=\"https:\/\/listindiario.com\/files\/image_60_60\/uploads\/2023\/06\/26\/6499fbe12926c.jpeg\" alt=\"Avatar del Ashley Mart\u00ednez\"\/><\/figure>\n\n\n\n<p><em>\u00a0<\/em>Ashley Mart\u00ednez, <strong>Santiago, RD.\u00a0<\/strong><\/p>\n\n\n\n<p>El director de la Procuradur\u00eda Especializada de Persecuci\u00f3n de la Corrupci\u00f3n Administrativa (PEPCA), Wilson Camacho, asegur\u00f3 este viernes que la muerte de las cinco personas en una plaza del sector La Barranquita, en Santiago, a manos de 11 polic\u00edas de la Direcci\u00f3n Central de Investigaci\u00f3n Criminal (DICRIM), el pasado 10 de septiembre, se&nbsp;<strong>\u201ctrat\u00f3 de una ejecuci\u00f3n extrajudicial\u201d.<\/strong><\/p>\n\n\n\n<p>\u201cLas pruebas que ha recabado el Ministerio P\u00fablico hasta el momento indican que la muerte de estas cinco personas en La Barranquita se trat\u00f3 de una ejecuci\u00f3n extrajudicial\u201d, indic\u00f3 Camacho.<\/p>\n\n\n\n<p>Asegur\u00f3 que los imputados sustrajeron los videos de la escena y tel\u00e9fonos, y han generado otras maniobras con el fin de<strong>&nbsp;obstruir la investigaci\u00f3n y de \u201cocultar la verdad\u201d<\/strong>. Adem\u00e1s, dijo que el Ministerio P\u00fablico llevar\u00e1 la investigaci\u00f3n \u201chasta las \u00faltimas consecuencias\u201d debido a que \u201cno vamos a permitir que hechos de esta naturaleza queden impunes y vamos a procurar justicia tanto para las v\u00edctimas como para los familiares\u201d.<\/p>\n\n\n\n<p><strong>Aplazamiento de la medida<\/strong><\/p>\n\n\n\n<p>El Tribunal de la Oficina Judicial de Servicios de Atenci\u00f3n Permanente de Santiago,<strong>&nbsp;aplaz\u00f3 para el pr\u00f3ximo jueves 9 de octubre<\/strong>, el conocimiento de la solicitud de medida de coerci\u00f3n contra los 11 polic\u00edas.<\/p>\n\n\n\n<p>La audiencia fue aplazada a solicitud de la defensa, para poder&nbsp;<strong>analizar el expediente y conseguir los arraigos&nbsp;<\/strong>que establezcan que sus defendidos no huir\u00e1n del proceso. Asimismo, con el fin de que las v\u00edctimas indirectas del caso est\u00e9n presentes en el pr\u00f3ximo acto procesal.<\/p>\n\n\n\n<p>La defensa de los polic\u00edas asegur\u00f3 que hay muchas cosas que el Ministerio P\u00fablico no podr\u00e1 probar, empezando con establecer la asociaci\u00f3n de malhechores.<\/p>\n\n\n\n<p>\u201c\u00bfEs decir que la autoridad cuando sale a trabajar se constituye en asociaci\u00f3n de malhechores?\u201d, indic\u00f3 el abogado Ambiorix Arnould, al tiempo de establecer que hay que no,<strong>&nbsp;individualizar y establecer una formulaci\u00f3n precisa de los cargos.<\/strong><\/p>\n\n\n\n<p>Asimismo, establecieron que, hasta el momento, el Ministerio P\u00fablico&nbsp;<strong>no ha permitido a los imputados interactuar con sus abogados.<\/strong><\/p>\n\n\n\n<p>Los imputados son los mayores \u00c1lvaro Paredes Paniagua y Hansel Michel Cuevas Carrasco; el capit\u00e1n Jos\u00e9 Ignacio G\u00f3mez Rodr\u00edguez; el segundo teniente Domingo de los Santos Vargas; los cabos Yohandy Encarnaci\u00f3n, Geyser Francisco \u00c1lvarez Rodr\u00edguez y C\u00e9sar Augusto Mart\u00ednez Trinidad; el sargento mayor S\u00f3crates Fidel F\u00e9liz F\u00e9liz; el sargento Hairo Mateo Morillo, y los rasos Adri\u00e1n Miguel Villalona Pineda y Jos\u00e9 Octavio Jim\u00e9nez Pe\u00f1a.<\/p>\n\n\n\n<p>Los informes de Autopsia Judicial Definitiva, emitidos por el Instituto Nacional de Ciencias Forenses (Inacif) el 25 de septiembre de 2025, confirmaron que la causa de muerte de las cinco v\u00edctimas \u2014Edward Bernardo Pe\u00f1a Rodr\u00edguez, Jos\u00e9 Vladimir Valerio Est\u00e9vez, Carlos Enrique Guzm\u00e1n Navarro, Elvis Antonio Jim\u00e9nez Rodr\u00edguez y Julio Alberto G\u00f3mez\u2014 fue por&nbsp;<strong>heridas de proyectil de arma de fuego.<\/strong><\/p>\n\n\n\n<p>Los documentos m\u00e9dicos-legales establecieron la etiolog\u00eda como homicida, se\u00f1alando que el mecanismo de muerte fue por&nbsp;<strong>shock hemorr\u00e1gico y que la forma de producirse fue r\u00e1pida<\/strong>. Adem\u00e1s, se indica que se recuperaron proyectiles en las autopsias realizadas a Carlos Enrique Guzm\u00e1n Navarro, Julio Alberto G\u00f3mez y Edward Bernardo Pe\u00f1a Rodr\u00edguez.<\/p>\n\n\n\n<p>El Ministerio P\u00fablico ha enmarcado la conducta de los imputados con los tipos penales de&nbsp;<strong>asociaci\u00f3n de malhechores y homicidio voluntario<\/strong>, tal como se describen en los art\u00edculos 265, 266, 295 y 304 del C\u00f3digo Penal Dominicano.<\/p>\n\n\n\n<p>La audiencia fue realizada en el Segundo Tribunal Colegiado de Santiago, espacio que fungi\u00f3 como el Tribunal de la Oficina Judicial de Servicios de Atenci\u00f3n Permanentes debido a la multiplicidad de imputados.&nbsp;<\/p>\n\n\n\n<p>Antes y durante la audiencia, toda el \u00e1rea fue acordonada y resguardada por&nbsp;<strong>agentes del SWAT y Lince de la polic\u00eda nacional.<\/strong><\/p>\n","protected":false},"excerpt":{"rendered":"<p>El Tribunal de la Oficina Judicial de Servicios de Atenci\u00f3n Permanente de Santiago, aplaz\u00f3 para<\/p>\n","protected":false},"author":1,"featured_media":20003,"comment_status":"open","ping_status":"open","sticky":false,"template":"","format":"standard","meta":{"footnotes":""},"categories":[12],"tags":[],"class_list":["post-20002","post","type-post","status-publish","format-standard","has-post-thumbnail","hentry","category-nacionales"],"_links":{"self":[{"href":"https:\/\/samantharadionline.com\/index.php\/wp-json\/wp\/v2\/posts\/20002","targetHints":{"allow":["GET"]}}],"collection":[{"href":"https:\/\/samantharadionline.com\/index.php\/wp-json\/wp\/v2\/posts"}],"about":[{"href":"https:\/\/samantharadionline.com\/index.php\/wp-json\/wp\/v2\/types\/post"}],"author":[{"embeddable":true,"href":"https:\/\/samantharadionline.com\/index.php\/wp-json\/wp\/v2\/users\/1"}],"replies":[{"embeddable":true,"href":"https:\/\/samantharadionline.com\/index.php\/wp-json\/wp\/v2\/comments?post=20002"}],"version-history":[{"count":1,"href":"https:\/\/samantharadionline.com\/index.php\/wp-json\/wp\/v2\/posts\/20002\/revisions"}],"predecessor-version":[{"id":20004,"href":"https:\/\/samantharadionline.com\/index.php\/wp-json\/wp\/v2\/posts\/20002\/revisions\/20004"}],"wp:featuredmedia":[{"embeddable":true,"href":"https:\/\/samantharadionline.com\/index.php\/wp-json\/wp\/v2\/media\/20003"}],"wp:attachment":[{"href":"https:\/\/samantharadionline.com\/index.php\/wp-json\/wp\/v2\/media?parent=20002"}],"wp:term":[{"taxonomy":"category","embeddable":true,"href":"https:\/\/samantharadionline.com\/index.php\/wp-json\/wp\/v2\/categories?post=20002"},{"taxonomy":"post_tag","embeddable":true,"href":"https:\/\/samantharadionline.com\/index.php\/wp-json\/wp\/v2\/tags?post=20002"}],"curies":[{"name":"wp","href":"https:\/\/api.w.org\/{rel}","templated":true}]}}