{"id":19998,"date":"2025-10-03T16:49:21","date_gmt":"2025-10-03T20:49:21","guid":{"rendered":"https:\/\/samantharadionline.com\/?p=19998"},"modified":"2025-10-03T16:49:21","modified_gmt":"2025-10-03T20:49:21","slug":"bukele-y-el-lenguaje-inclusivo-en-las-escuelas-publicas","status":"publish","type":"post","link":"https:\/\/samantharadionline.com\/index.php\/2025\/10\/03\/bukele-y-el-lenguaje-inclusivo-en-las-escuelas-publicas\/","title":{"rendered":"Bukele y el \u201clenguaje inclusivo\u201d en las escuelas p\u00fablicas"},"content":{"rendered":"\n<p class=\"has-medium-font-size\"><em>La orden de prohibirse se suma a las nuevas normas de disciplina en el sistema educativo fijadas en agosto, seguidas de nuevas reglas de cortes\u00eda escolar en setiembre<\/em><\/p>\n\n\n\n<p>El&nbsp;<strong>presidente de El Salvador<\/strong>,<strong>&nbsp;Nayib Bukele<\/strong>, anunci\u00f3 este jueves la prohibici\u00f3n de uso de \u00ab<strong>lenguaje inclusivo<\/strong>\u00bb en las escuelas p\u00fablicas del pa\u00eds.<\/p>\n\n\n\n<p>La orden se suma a las nuevas normas de disciplina en el<strong>&nbsp;sistema educativo<\/strong>&nbsp;fijadas en agosto, seguidas de nuevas reglas de cortes\u00eda escolar en setiembre.<\/p>\n\n\n\n<p>\u00abDesde hoy queda prohibido el mal llamado &#8216;lenguaje inclusivo&#8217; en todos los centros educativos p\u00fablicos de nuestro pa\u00eds\u00bb, afirm\u00f3 el mandatario en X.<\/p>\n\n\n\n<p>Adem\u00e1s de su mensaje, Bukele public\u00f3 el memorando de la&nbsp;<strong>ministra de Educacion<\/strong>, la capit\u00e1n Karla Trigueros, en el que instruye de la prohibici\u00f3n a los directores de las 5,100 escuelas p\u00fablicas.<\/p>\n\n\n\n<p>\u00abPalabras como &#8216;<strong>amigue<\/strong>,&nbsp;<strong>compa\u00f1ere<\/strong>, ni\u00f1e, todos y todas, alumn@, j\u00f3venxs, nosotrxs&#8217; o cualquier otra deformaci\u00f3n ling\u00fc\u00edstica que aluda a ideolog\u00eda de g\u00e9nero no ser\u00e1 admitida por ninguna circunstancia\u00bb, advierte Trigueros.<\/p>\n\n\n\n<p>La eliminaci\u00f3n del \u00ablenguaje inclusivo\u00bb persigue \u00abel buen uso\u00bb del idioma y \u00abse evita&nbsp;<strong>injerencias ideol\u00f3gicas&nbsp;<\/strong>o globalistas que pueden perjudicar el desarrollo integral del estudiantado\u00bb, se\u00f1ala.<\/p>\n\n\n\n<p>La prohibici\u00f3n alcanza a todas las dependencias del ministerio de Educaci\u00f3n, as\u00ed como a los \u00abmateriales, contenidos y libros\u00bb que esa entidad entrega a los estudiantes.<\/p>\n\n\n\n<p>En El Salvador, todos los estudiantes de centros de educaci\u00f3n p\u00fablica del pa\u00eds deben cumplir con estrictas normas de vestuario y corte de cabello. Adem\u00e1s, deben saludar a sus maestros al entrar al aula y decir \u00abpor favor\u00bb al hacer una petici\u00f3n.<\/p>\n\n\n\n<p>El gremio de maestros Frente Magisterial Salvadore\u00f1o consider\u00f3 estas reglas como una \u00abmilitarizaci\u00f3n\u00bb del sistema escolar.<\/p>\n\n\n\n<p>Bukele antes dec\u00eda apoyar las reivindicaciones&nbsp;<strong>LGBTI<\/strong>, pero en 2024 dispuso que el ministerio de Educaci\u00f3n eliminara \u00abtodo rastro\u00bb del enfoque de g\u00e9nero de libros y<strong>&nbsp;gu\u00edas escolares.<\/strong><\/p>\n\n\n\n<p>El gobernante, en el poder desde 2019, goza de gran popularidad por reducir la<strong>&nbsp;violencia criminal&nbsp;<\/strong>con su \u00abguerra\u00bb contra las pandillas. Grupos de derechos humanos denuncian sin embargo abusos y sostienen que hay miles de inocentes tras las rejas.<\/p>\n","protected":false},"excerpt":{"rendered":"<p>La orden de prohibirse se suma a las nuevas normas de disciplina en el sistema<\/p>\n","protected":false},"author":1,"featured_media":19999,"comment_status":"open","ping_status":"open","sticky":false,"template":"","format":"standard","meta":{"footnotes":""},"categories":[4],"tags":[],"class_list":["post-19998","post","type-post","status-publish","format-standard","has-post-thumbnail","hentry","category-mundiales"],"_links":{"self":[{"href":"https:\/\/samantharadionline.com\/index.php\/wp-json\/wp\/v2\/posts\/19998","targetHints":{"allow":["GET"]}}],"collection":[{"href":"https:\/\/samantharadionline.com\/index.php\/wp-json\/wp\/v2\/posts"}],"about":[{"href":"https:\/\/samantharadionline.com\/index.php\/wp-json\/wp\/v2\/types\/post"}],"author":[{"embeddable":true,"href":"https:\/\/samantharadionline.com\/index.php\/wp-json\/wp\/v2\/users\/1"}],"replies":[{"embeddable":true,"href":"https:\/\/samantharadionline.com\/index.php\/wp-json\/wp\/v2\/comments?post=19998"}],"version-history":[{"count":1,"href":"https:\/\/samantharadionline.com\/index.php\/wp-json\/wp\/v2\/posts\/19998\/revisions"}],"predecessor-version":[{"id":20000,"href":"https:\/\/samantharadionline.com\/index.php\/wp-json\/wp\/v2\/posts\/19998\/revisions\/20000"}],"wp:featuredmedia":[{"embeddable":true,"href":"https:\/\/samantharadionline.com\/index.php\/wp-json\/wp\/v2\/media\/19999"}],"wp:attachment":[{"href":"https:\/\/samantharadionline.com\/index.php\/wp-json\/wp\/v2\/media?parent=19998"}],"wp:term":[{"taxonomy":"category","embeddable":true,"href":"https:\/\/samantharadionline.com\/index.php\/wp-json\/wp\/v2\/categories?post=19998"},{"taxonomy":"post_tag","embeddable":true,"href":"https:\/\/samantharadionline.com\/index.php\/wp-json\/wp\/v2\/tags?post=19998"}],"curies":[{"name":"wp","href":"https:\/\/api.w.org\/{rel}","templated":true}]}}