{"id":19992,"date":"2025-10-03T16:43:39","date_gmt":"2025-10-03T20:43:39","guid":{"rendered":"https:\/\/samantharadionline.com\/?p=19992"},"modified":"2025-10-03T16:43:40","modified_gmt":"2025-10-03T20:43:40","slug":"la-armada-refuerza-la-defensa-maritima-con-haiti-y-moderniza-su-flota","status":"publish","type":"post","link":"https:\/\/samantharadionline.com\/index.php\/2025\/10\/03\/la-armada-refuerza-la-defensa-maritima-con-haiti-y-moderniza-su-flota\/","title":{"rendered":"La Armada refuerza la defensa mar\u00edtima con Hait\u00ed y moderniza su flota"},"content":{"rendered":"\n<p class=\"has-medium-font-size\"><em>Comandante de la Armada Dominicana: \u201cEl gobierno se ha volcado hacia los militares. Eso sube la moral del personal. El personal est\u00e1 con una moral en lo m\u00e1s alto\u201d<\/em><\/p>\n\n\n\n<figure class=\"wp-block-image\"><img decoding=\"async\" src=\"https:\/\/listindiario.com\/files\/image_60_60\/uploads\/2025\/07\/13\/68743be1bedc5.jpeg\" alt=\"Avatar del Sauro Scalella\"\/><\/figure>\n\n\n\n<p><em>\u00a0<\/em>Sauro Scalella, <strong>Santo Domingo, RD<\/strong><\/p>\n\n\n\n<p>\u201cBienvenido a bordo, se\u00f1or\u201d. Con estas palabras, el comandante general de la\u00a0<strong>Armada Dominicana<\/strong>, vicealmirante<strong>\u00a0Juan Bienvenido Cris\u00f3stomo<\/strong>\u00a0Mart\u00ednez, recibi\u00f3 el jueves en su despacho a<strong>\u00a0Miguel Franjul<\/strong>, durante una visita de cortes\u00eda.<\/p>\n\n\n\n<p>Aunque no se trataba de un barco, el ambiente parec\u00eda transportarlo a uno: puertas y ventanas de estilo naval, anclas de barcos, junto a pinturas de paisajes mar\u00edtimos, como la del<strong>&nbsp;Puerto en el r\u00edo Ozama<\/strong>, daban la impresi\u00f3n de estar en cubierta.<\/p>\n\n\n\n<p>Tambi\u00e9n se exhiben cuadros y bustos de los padres de la Patria: Juan Pablo Duarte, Ram\u00f3n Mat\u00edas Mella y Francisco del Rosario S\u00e1nchez.<\/p>\n\n\n\n<p>El vicealmirante, que carga en sus hombros 39 a\u00f1os de&nbsp;<strong>carrera naval&nbsp;<\/strong>y cumple en dos d\u00edas (el 5 de octubre) su primer mes al mando de la instituci\u00f3n, convers\u00f3 largo con Franjul sobre su visi\u00f3n de gesti\u00f3n y los retos que enfrenta la Armada. Hait\u00ed y las operaciones de&nbsp;<strong>defensa mar\u00edtima<\/strong>&nbsp;son dos temas clave.<\/p>\n\n\n\n<h3 class=\"wp-block-heading\">El frente mar\u00edtimo con Hait\u00ed<\/h3>\n\n\n\n<p>Cris\u00f3stomo record\u00f3 que el pueblo dominicano suele pensar solo en la<strong>&nbsp;frontera terrestre con Hait<\/strong>\u00ed; sin embargo, existen otras seis fronteras mar\u00edtimas m\u00e1s, con pa\u00edses como Venezuela, Colombia, Pa\u00edses Bajos, Estados Unidos (Puerto Rico), Reino Unido (Islas Turcas y Caicos) y Bahamas.<\/p>\n\n\n\n<p>Entre ellas, la delimitaci\u00f3n mar\u00edtima con Hait\u00ed a\u00fan no est\u00e1 acordada, lo que agrega un desaf\u00edo adicional a las tareas de vigilancia, seg\u00fan explic\u00f3 el comandante.<\/p>\n\n\n\n<figure class=\"wp-block-image\" id=\"m50990-50989-50991\"><img decoding=\"async\" src=\"https:\/\/listindiario.com\/files\/vertical_main_image\/uploads\/2025\/10\/03\/68dfc58850ad7.jpeg\" alt=\"Conversaci\u00f3n entre el director de List\u00edn Diario, Miguel Franjul, y el comandante general de la Armada, vicealmirante Juan Bienvenido Cris\u00f3stomo Mart\u00ednez.\"\/><figcaption class=\"wp-element-caption\">Conversaci\u00f3n entre el director de List\u00edn Diario, Miguel Franjul, y el comandante general de la Armada, vicealmirante Juan Bienvenido Cris\u00f3stomo Mart\u00ednez.Ra\u00fal Ascensio\/LD.<\/figcaption><\/figure>\n\n\n\n<p>\u201c<strong>El papel fundamental de la Armada es garantizar que ese espacio no sea utilizado ni sea violado<\/strong>&nbsp;para ning\u00fan tipo de acci\u00f3n il\u00edcita. Esa es la garant\u00eda que nosotros damos\u201d, dijo.<\/p>\n\n\n\n<p>Por eso, insisti\u00f3 en que las operaciones en la parte noroeste y suroeste del pa\u00eds buscan impedir el ingreso de embarcaciones irregulares.<\/p>\n\n\n\n<p>\u201cLas personas que realizan actividades de pesca de manera irregular son apresadas y enviadas a Migraci\u00f3n, cumpliendo con todos los protocolos\u201d, puntualiz\u00f3.<\/p>\n\n\n\n<h3 class=\"wp-block-heading\">Doble l\u00ednea de defensa<\/h3>\n\n\n\n<p>La estrategia, explic\u00f3 el vicealmirante, se sustenta en dos l\u00edneas de defensa. La primera, mar\u00edtima, con unidades de superficie que patrullan y garantizan presencia en las aguas jurisdiccionales.&nbsp;<\/p>\n\n\n\n<p>La segunda, terrestre, con una red de destacamentos e infanter\u00eda de marina desplegados a lo largo y ancho de la geograf\u00eda nacional.<\/p>\n\n\n\n<p>La soberan\u00eda del pa\u00eds en materia mar\u00edtima \u201cest\u00e1 garantizada\u201d y la Armada est\u00e1 \u201cdando los pasos\u201d para redoblar sus operaciones, subray\u00f3 el comandante.<\/p>\n\n\n\n<h3 class=\"wp-block-heading\">Modernizaci\u00f3n de la flota<\/h3>\n\n\n\n<p>El vicealmirante destac\u00f3 el trabajo del Gobierno para reforzar las capacidades navales. Record\u00f3 que el presidente<strong>&nbsp;Luis Abinader<\/strong>&nbsp;anunci\u00f3 la adquisici\u00f3n de cuatro barcos patrulleros en Portugal, que se integrar\u00e1n en los pr\u00f3ximos a\u00f1os.<\/p>\n\n\n\n<p>\u201cVendr\u00e1n a ayudar grandemente en lo que es la defensa en el \u00e1mbito naval\u201d, asegur\u00f3.<\/p>\n\n\n\n<figure class=\"wp-block-image\" id=\"m51007-51006-51008\"><img decoding=\"async\" src=\"https:\/\/listindiario.com\/files\/vertical_main_image\/uploads\/2025\/10\/03\/68dfc640c89fa.jpeg\" alt=\"Comandante general de la Armada Dominicana, vicealmirante Juan Bienvenido Cris\u00f3stomo Mart\u00edne.\"\/><figcaption class=\"wp-element-caption\">Comandante general de la Armada Dominicana, vicealmirante Juan Bienvenido Cris\u00f3stomo Mart\u00edne.Ra\u00fal Ascensio\/LD.<\/figcaption><\/figure>\n\n\n\n<p>Adem\u00e1s, hace apenas un mes el pa\u00eds recibi\u00f3 una unidad proveniente de Estados Unidos para fortalecer la&nbsp;<strong>lucha contra el tr\u00e1fico de drogas&nbsp;<\/strong>y otras<strong>&nbsp;amenazas mar\u00edtimas<\/strong>.<\/p>\n\n\n\n<h3 class=\"wp-block-heading\">Apoyo del presidente y bienestar militar<\/h3>\n\n\n\n<p>El comandante Cris\u00f3stomo dijo que la instituci\u00f3n ha recibido \u201cun apoyo total\u201d del presidente Abinader, y subray\u00f3 los avances en condiciones laborales para los marinos.<\/p>\n\n\n\n<p>\u201cLa Fuerza Armada ha dado un giro de 180 grados. Eso hay que reconocerlo. Tenemos un soldado devengando un sueldo de 39 mil pesos, que muchos profesionales universitarios no ganan\u201d, coment\u00f3.<\/p>\n\n\n\n<p>Tambi\u00e9n destac\u00f3 la calidad del seguro de salud SENASA, el transporte, el avituallamiento y otros beneficios.<\/p>\n\n\n\n<p>\u201cEl gobierno se ha volcado hacia los militares. Eso sube la moral del personal. El personal est\u00e1 con una moral en lo m\u00e1s alto\u201d, se\u00f1al\u00f3.<\/p>\n\n\n\n<h3 class=\"wp-block-heading\">Los tres pilares de gesti\u00f3n<\/h3>\n\n\n\n<p>Cris\u00f3stomo explic\u00f3 que su gesti\u00f3n est\u00e1 orientada por tres ejes fundamentales: capacitaci\u00f3n, bienestar del personal y limpieza operacional.<\/p>\n\n\n\n<p>Indic\u00f3 que la instituci\u00f3n est\u00e1 enfocada en fortalecer la capacitaci\u00f3n, educaci\u00f3n y entrenamiento de los soldados.<\/p>\n\n\n\n<p>\u201cEl personal debe recibir las capacitaciones de acuerdo al grado (o rango) que ostenta\u201d, afirm\u00f3.<\/p>\n\n\n\n<p>Con respecto al bienestar del soldado, el comandante mencion\u00f3 el programa Marino Feliz, un proyecto que busca dar apoyo a los miembros en momentos de dificultad.<\/p>\n\n\n\n<p>\u201cRecientemente tuvimos la tragedia de que a uno de nuestros miembros se le quem\u00f3 su casa, todos los ajuares desaparecieron. A trav\u00e9s de la Asociaci\u00f3n de Profesionales se le dot\u00f3 de un televisor, una estufa, y una nevera, para darle respuesta\u201d, dijo.<\/p>\n\n\n\n<p>Adem\u00e1s, mencion\u00f3 jornadas m\u00e9dicas, programas de atenci\u00f3n primaria y acciones c\u00edvicas destinadas a los familiares de los marinos.<\/p>\n\n\n\n<p>La limpieza operacional, argument\u00f3, tiene como objetivo dar respuesta a todas las amenazas y delitos que se producen en la zona de responsabilidad de la Armada.<\/p>\n\n\n\n<p>\u201cEl pa\u00eds est\u00e1 sometido a la amenaza del&nbsp;<strong>narcotr\u00e1fico<\/strong>\u201d, apunt\u00f3.<\/p>\n\n\n\n<p>Dijo que es fundamental mantener la limpieza operacional, que significa hacer que las unidades navales est\u00e9n operativas y las unidades de superficie y terrestres est\u00e9n en las mejores condiciones para dar respuesta a todas esas amenazas que se producen: narcotr\u00e1fico,&nbsp;<strong>contrabando<\/strong>,&nbsp;<strong>migraci\u00f3n irregular<\/strong>, y la&nbsp;<strong>trata de personas<\/strong>, que son delitos conexos.<\/p>\n\n\n\n<h3 class=\"wp-block-heading\">Tecnolog\u00eda y aliados internacionales<\/h3>\n\n\n\n<p>El comandante reconoci\u00f3 que la tecnolog\u00eda y la cooperaci\u00f3n internacional son vitales en las operaciones.<\/p>\n\n\n\n<p>\u201cLa tecnolog\u00eda juega un papel primordial en la detecci\u00f3n temprana de las alertas. Eso nos ha dado muy buenos resultados. Tenemos buenos sistemas de detecci\u00f3n temprana\u201d, dijo.<\/p>\n\n\n\n<p>Destac\u00f3 especialmente la colaboraci\u00f3n con Estados Unidos y otras naciones en materia de patrullaje y vigilancia de las costas.<\/p>\n\n\n\n<h3 class=\"wp-block-heading\">Crecimiento gradual de la fuerza<\/h3>\n\n\n\n<p>Consultado sobre el personal, Cris\u00f3stomo admiti\u00f3 que siempre es necesario aumentar la cantidad de miembros en la instituci\u00f3n, aunque aclar\u00f3 que se trata de un proceso paulatino.<\/p>\n\n\n\n<p>Se\u00f1al\u00f3 como novedad que en los \u00faltimos a\u00f1os se exige que los nuevos reclutas sean bachilleres, lo que eleva el nivel de preparaci\u00f3n y agiliza su integraci\u00f3n en las Fuerzas Armadas.<\/p>\n\n\n\n<p>\u201cNos ha dado muy buenos resultados\u201d, dijo.<\/p>\n\n\n\n<p>El 5 de septiembre pasado, el presidente Abinader ascendi\u00f3 a Cris\u00f3stomo como vicealmirante y lo design\u00f3 comandante general de la Armada.<\/p>\n","protected":false},"excerpt":{"rendered":"<p>Comandante de la Armada Dominicana: \u201cEl gobierno se ha volcado hacia los militares. Eso sube<\/p>\n","protected":false},"author":1,"featured_media":19993,"comment_status":"open","ping_status":"open","sticky":false,"template":"","format":"standard","meta":{"footnotes":""},"categories":[12],"tags":[],"class_list":["post-19992","post","type-post","status-publish","format-standard","has-post-thumbnail","hentry","category-nacionales"],"_links":{"self":[{"href":"https:\/\/samantharadionline.com\/index.php\/wp-json\/wp\/v2\/posts\/19992","targetHints":{"allow":["GET"]}}],"collection":[{"href":"https:\/\/samantharadionline.com\/index.php\/wp-json\/wp\/v2\/posts"}],"about":[{"href":"https:\/\/samantharadionline.com\/index.php\/wp-json\/wp\/v2\/types\/post"}],"author":[{"embeddable":true,"href":"https:\/\/samantharadionline.com\/index.php\/wp-json\/wp\/v2\/users\/1"}],"replies":[{"embeddable":true,"href":"https:\/\/samantharadionline.com\/index.php\/wp-json\/wp\/v2\/comments?post=19992"}],"version-history":[{"count":1,"href":"https:\/\/samantharadionline.com\/index.php\/wp-json\/wp\/v2\/posts\/19992\/revisions"}],"predecessor-version":[{"id":19994,"href":"https:\/\/samantharadionline.com\/index.php\/wp-json\/wp\/v2\/posts\/19992\/revisions\/19994"}],"wp:featuredmedia":[{"embeddable":true,"href":"https:\/\/samantharadionline.com\/index.php\/wp-json\/wp\/v2\/media\/19993"}],"wp:attachment":[{"href":"https:\/\/samantharadionline.com\/index.php\/wp-json\/wp\/v2\/media?parent=19992"}],"wp:term":[{"taxonomy":"category","embeddable":true,"href":"https:\/\/samantharadionline.com\/index.php\/wp-json\/wp\/v2\/categories?post=19992"},{"taxonomy":"post_tag","embeddable":true,"href":"https:\/\/samantharadionline.com\/index.php\/wp-json\/wp\/v2\/tags?post=19992"}],"curies":[{"name":"wp","href":"https:\/\/api.w.org\/{rel}","templated":true}]}}