{"id":19983,"date":"2025-10-02T12:49:35","date_gmt":"2025-10-02T16:49:35","guid":{"rendered":"https:\/\/samantharadionline.com\/?p=19983"},"modified":"2025-10-02T12:49:43","modified_gmt":"2025-10-02T16:49:43","slug":"decision-de-petro-de-expulsar-a-la-legacion-diplomatica-de-israel-en-colombia-es-aplaudida-por-hamas","status":"publish","type":"post","link":"https:\/\/samantharadionline.com\/index.php\/2025\/10\/02\/decision-de-petro-de-expulsar-a-la-legacion-diplomatica-de-israel-en-colombia-es-aplaudida-por-hamas\/","title":{"rendered":"Decisi\u00f3n de Petro de expulsar a la legaci\u00f3n diplom\u00e1tica de Israel en Colombia es aplaudida por Ham\u00e1s"},"content":{"rendered":"\n<p class=\"has-medium-font-size\"><em>Reclama a todos los pa\u00edses del mundo que \u00abadopten las medidas necesarias para castigar y aislar\u00bb a Israel<\/em><\/p>\n\n\n\n<p>Europa Press, <strong>Oriente Pr\u00f3ximo<\/strong><\/p>\n\n\n\n<p>El&nbsp;<strong>Movimiento de Resistencia Isl\u00e1mica<\/strong>&nbsp;(Ham\u00e1s) ha aplaudido este jueves la decisi\u00f3n del presidente de Colombia,&nbsp;<strong>Gustavo Petro<\/strong>, de expulsar del pa\u00eds a \u00abtoda\u00bb la legaci\u00f3n diplom\u00e1tica de Israel tras la detenci\u00f3n de dos colombianas que iban a bordo de la Global Sumud Flotilla, interceptada durante las \u00faltimas horas en aguas internacionales cuando intentaban llevar ayuda humanitaria a la&nbsp;<strong>Franja de Gaza<\/strong>.<\/p>\n\n\n\n<p>\u00ab<strong>Aplaudimos la decisi\u00f3n del presidente colombiano de expulsar a los miembros de la misi\u00f3n diplom\u00e1tica sionistas en su pa\u00eds&nbsp;<\/strong>y cancelar el acuerdo de libre comercio con la ocupaci\u00f3n en respuesta al crimen de interceptar la flotilla cuando iba a Gaza para romper el injusto bloqueo impuesto por el Ej\u00e9rcito de ocupaci\u00f3n fascista\u00bb, ha dicho el grupo.<\/p>\n\n\n\n<p>As\u00ed, ha ensalzado \u00ablas posiciones del Gobierno colombiano y del presidente Gustavo Petro\u00bb y \u00absus pasos contra las criminales pol\u00edticas sionistas y en apoyo a los derechos del pueblo palestino, especialmente ante la brutal guerra de exterminio\u00bb en la Franja, seg\u00fan ha recogido el diario palestino &#8216;Filastin&#8217;.<\/p>\n\n\n\n<p>\u00abPedimos a los pa\u00edses \u00e1rabes e isl\u00e1micos y a todos los pa\u00edses del mundo que adopten las medidas necesarias para castigar y aislar a la ocupaci\u00f3n y para presionarla para que detenga sus cr\u00edmenes contra nuestro pueblo, nuestra tierra y nuestros lugares sagrados\u00bb, ha zanjado el grupo islamista palestino.<\/p>\n\n\n\n<p>El comunicado ha sido publicado despu\u00e9s de que Petro anunciara su decisi\u00f3n y denunciara que las activistas colombianas fueron \u00abdetenidas en aguas internacionales\u00bb, despu\u00e9s de adelantar la suspensi\u00f3n del&nbsp;<strong>Tratado de Libre Comercio con Israel<\/strong>&nbsp;por la ofensiva militar contra la Franja de Gaza, que deja ya m\u00e1s de 66.200 palestinos muertos, seg\u00fan las autoridades del enclave, controladas por Ham\u00e1s.<\/p>\n","protected":false},"excerpt":{"rendered":"<p>Reclama a todos los pa\u00edses del mundo que \u00abadopten las medidas necesarias para castigar y<\/p>\n","protected":false},"author":1,"featured_media":19984,"comment_status":"open","ping_status":"open","sticky":false,"template":"","format":"standard","meta":{"footnotes":""},"categories":[4],"tags":[],"class_list":["post-19983","post","type-post","status-publish","format-standard","has-post-thumbnail","hentry","category-mundiales"],"_links":{"self":[{"href":"https:\/\/samantharadionline.com\/index.php\/wp-json\/wp\/v2\/posts\/19983","targetHints":{"allow":["GET"]}}],"collection":[{"href":"https:\/\/samantharadionline.com\/index.php\/wp-json\/wp\/v2\/posts"}],"about":[{"href":"https:\/\/samantharadionline.com\/index.php\/wp-json\/wp\/v2\/types\/post"}],"author":[{"embeddable":true,"href":"https:\/\/samantharadionline.com\/index.php\/wp-json\/wp\/v2\/users\/1"}],"replies":[{"embeddable":true,"href":"https:\/\/samantharadionline.com\/index.php\/wp-json\/wp\/v2\/comments?post=19983"}],"version-history":[{"count":1,"href":"https:\/\/samantharadionline.com\/index.php\/wp-json\/wp\/v2\/posts\/19983\/revisions"}],"predecessor-version":[{"id":19985,"href":"https:\/\/samantharadionline.com\/index.php\/wp-json\/wp\/v2\/posts\/19983\/revisions\/19985"}],"wp:featuredmedia":[{"embeddable":true,"href":"https:\/\/samantharadionline.com\/index.php\/wp-json\/wp\/v2\/media\/19984"}],"wp:attachment":[{"href":"https:\/\/samantharadionline.com\/index.php\/wp-json\/wp\/v2\/media?parent=19983"}],"wp:term":[{"taxonomy":"category","embeddable":true,"href":"https:\/\/samantharadionline.com\/index.php\/wp-json\/wp\/v2\/categories?post=19983"},{"taxonomy":"post_tag","embeddable":true,"href":"https:\/\/samantharadionline.com\/index.php\/wp-json\/wp\/v2\/tags?post=19983"}],"curies":[{"name":"wp","href":"https:\/\/api.w.org\/{rel}","templated":true}]}}