{"id":19979,"date":"2025-10-02T07:58:40","date_gmt":"2025-10-02T11:58:40","guid":{"rendered":"https:\/\/samantharadionline.com\/?p=19979"},"modified":"2025-10-02T07:58:41","modified_gmt":"2025-10-02T11:58:41","slug":"vecinos-sorprendidos-por-este-acto","status":"publish","type":"post","link":"https:\/\/samantharadionline.com\/index.php\/2025\/10\/02\/vecinos-sorprendidos-por-este-acto\/","title":{"rendered":"Vecinos sorprendidos por este acto"},"content":{"rendered":"\n<p class=\"has-medium-font-size\"><em>La escuela es conocida en la comunidad como una de las m\u00e1s estrictas con la disciplina<\/em><\/p>\n\n\n\n<p>Rosa Luna, <strong>SANTO DOMINGO, RD<\/strong><\/p>\n\n\n\n<p>Vecinos y exestudiantes de la escuela primaria<strong>\u00a0Lilian Portalat\u00edn Sosa<\/strong>, en el sector\u00a0<strong>Invivienda<\/strong>, Santo Domingo Este, expresaron estar sorprendidos por el esc\u00e1ndalo en que se ve envuelto el centro tras la filmaci\u00f3n de video musical con contenido vulgar.<\/p>\n\n\n\n<p>Dijeron que esta escuela es conocida en la comunidad como una de las m\u00e1s estrictas con la disciplina.<\/p>\n\n\n\n<p>Ayer, durante la visita de un equipo de LIST\u00cdN DIARIO al centro educativo, el personal encargado de la seguridad neg\u00f3 la entrada a los reporteros y el permiso para conversar con la directora, asegurando que los administrativos prohibieron el paso a la prensa.<\/p>\n\n\n\n<p>\u201cEsta escuela siempre era modelo y una cosa como esa nunca hab\u00eda pasado; espero se tomen las medidas que ellos entiendan para castigar a los culpables de permitir que se grabara un video como ese\u201d, expres\u00f3 Enilda Garc\u00eda, una vecina de la escuela donde se realiz\u00f3 el video musical.<\/p>\n\n\n\n<p><strong>Lea tambi\u00e9n<\/strong><\/p>\n\n\n\n<p>Otra que se mostr\u00f3 sorprendida fue Evelyn, una exestudiante del recinto escolar, y dijo que cuando era alumna el centro era estricto con la vestimenta y las personas que entraban a las instalaciones.<\/p>\n\n\n\n<p>\u201cYo quedo sorprendida al saber que all\u00ed fue donde se grab\u00f3 ese video porque la directora es muy estricta y tengo un primo que estudia en la escuela y ha dicho que son rectos; espero se aclare todo porque alg\u00fan malentendido se debi\u00f3 producir para que dejaran pasar a esas personas a grabar eso\u201d, mencion\u00f3 Evelyn, cuando se dirig\u00eda al recinto en busca de su familiar.<\/p>\n\n\n\n<h3 class=\"wp-block-heading\">Ministerio de Educaci\u00f3n<\/h3>\n\n\n\n<p>El&nbsp;<strong>Ministerio de Educaci\u00f3n de la Rep\u00fablica Dominicana<\/strong>&nbsp;(<strong>Minerd<\/strong>) inform\u00f3 el pasado martes sobre la suspensi\u00f3n de sus funciones a varios servidores del centro, incluyendo coordinadores y personal administrativo. Tambi\u00e9n depositar\u00e1 la denuncia ante el Ministerio P\u00fablico.<\/p>\n\n\n\n<p>En el documento difundido a la prensa, la instituci\u00f3n indica que la suspensi\u00f3n es para fines de investigaci\u00f3n y para determinar si esas personas tienen responsabilidad por el uso indebido de las instalaciones escolares.<\/p>\n\n\n\n<p>Aunque no menciona la escuela, el vocero de la Polic\u00eda inform\u00f3 el lunes que fue un plantel del sector Invivienda, donde Pamela Sandobal, conocida como&nbsp;<strong>Shupamela<\/strong>, y Darielis Marchena (<strong>Menor Queen<\/strong>) filmaron el video.<\/p>\n\n\n\n<p>El Minerd se\u00f1al\u00f3 que esta acci\u00f3n constituye una violaci\u00f3n directa a la formaci\u00f3n y educaci\u00f3n en valores, as\u00ed como a la integridad y al inter\u00e9s superior de los ni\u00f1os, ni\u00f1as y adolescentes.<\/p>\n\n\n\n<p>En ese sentido, la cartera educativo inform\u00f3 que est\u00e1 interponiendo la denuncia correspondiente ante el&nbsp;<strong>Ministerio P\u00fablico<\/strong>, a fin de identificar la totalidad de los responsables, as\u00ed como los grados de responsabilidad penal en el caso.<\/p>\n\n\n\n<p>Asimismo, adelant\u00f3 que solicitar\u00e1 a la Comisi\u00f3n Nacional de Espect\u00e1culos P\u00fablicos la prohibici\u00f3n total de la difusi\u00f3n del material grabado, a fin de evitar que contin\u00fae circulando y afectando a la comunidad educativa y a la sociedad en general.<\/p>\n\n\n\n<p>De igual manera, el&nbsp;<strong>Minerd&nbsp;<\/strong>anunci\u00f3 la formaci\u00f3n de una comisi\u00f3n especial encargada de revisar la ley vigente y proponer recomendaciones que permitan endurecer las sanciones aplicables en casos similares, a fin de reforzar la protecci\u00f3n de los espacios escolares.<\/p>\n","protected":false},"excerpt":{"rendered":"<p>La escuela es conocida en la comunidad como una de las m\u00e1s estrictas con la<\/p>\n","protected":false},"author":1,"featured_media":19980,"comment_status":"open","ping_status":"open","sticky":false,"template":"","format":"standard","meta":{"footnotes":""},"categories":[12],"tags":[],"class_list":["post-19979","post","type-post","status-publish","format-standard","has-post-thumbnail","hentry","category-nacionales"],"_links":{"self":[{"href":"https:\/\/samantharadionline.com\/index.php\/wp-json\/wp\/v2\/posts\/19979","targetHints":{"allow":["GET"]}}],"collection":[{"href":"https:\/\/samantharadionline.com\/index.php\/wp-json\/wp\/v2\/posts"}],"about":[{"href":"https:\/\/samantharadionline.com\/index.php\/wp-json\/wp\/v2\/types\/post"}],"author":[{"embeddable":true,"href":"https:\/\/samantharadionline.com\/index.php\/wp-json\/wp\/v2\/users\/1"}],"replies":[{"embeddable":true,"href":"https:\/\/samantharadionline.com\/index.php\/wp-json\/wp\/v2\/comments?post=19979"}],"version-history":[{"count":1,"href":"https:\/\/samantharadionline.com\/index.php\/wp-json\/wp\/v2\/posts\/19979\/revisions"}],"predecessor-version":[{"id":19981,"href":"https:\/\/samantharadionline.com\/index.php\/wp-json\/wp\/v2\/posts\/19979\/revisions\/19981"}],"wp:featuredmedia":[{"embeddable":true,"href":"https:\/\/samantharadionline.com\/index.php\/wp-json\/wp\/v2\/media\/19980"}],"wp:attachment":[{"href":"https:\/\/samantharadionline.com\/index.php\/wp-json\/wp\/v2\/media?parent=19979"}],"wp:term":[{"taxonomy":"category","embeddable":true,"href":"https:\/\/samantharadionline.com\/index.php\/wp-json\/wp\/v2\/categories?post=19979"},{"taxonomy":"post_tag","embeddable":true,"href":"https:\/\/samantharadionline.com\/index.php\/wp-json\/wp\/v2\/tags?post=19979"}],"curies":[{"name":"wp","href":"https:\/\/api.w.org\/{rel}","templated":true}]}}