{"id":19969,"date":"2025-10-02T07:47:31","date_gmt":"2025-10-02T11:47:31","guid":{"rendered":"https:\/\/samantharadionline.com\/?p=19969"},"modified":"2025-10-02T07:47:32","modified_gmt":"2025-10-02T11:47:32","slug":"nuevos-exponentes-del-mundo-urbano-shupamela-y-menor-queen","status":"publish","type":"post","link":"https:\/\/samantharadionline.com\/index.php\/2025\/10\/02\/nuevos-exponentes-del-mundo-urbano-shupamela-y-menor-queen\/","title":{"rendered":"Nuevos exponentes del mundo urbano: \u00abShupamela\u00bb y \u201cMenor Queen\u201d"},"content":{"rendered":"\n<p class=\"has-medium-font-size\"><em>El Alfa, Dj Adoni, Don Miguelo, Tokischa y m\u00e1s reciente Pamela Sandoval (Shupamela) y Darielis Marchena (\u201cMenor Queen\u201d) forman parte de ese grupo de exponentes que \u201cse pasan de la raya\u201d sin consecuencias<\/em><\/p>\n\n\n\n<figure class=\"wp-block-image\"><img decoding=\"async\" src=\"https:\/\/listindiario.com\/files\/image_60_60\/uploads\/2025\/01\/21\/678fb9bbee568.png\" alt=\"Avatar del Yeil\u00edn Pe\u00f1a\"\/><\/figure>\n\n\n\n<p><em>\u00a0<\/em>Yeil\u00edn Pe\u00f1a, <strong>Santo Domingo<\/strong>, <strong>R.D.<\/strong><\/p>\n\n\n\n<p>Hay exponentes urbanos que m\u00e1s all\u00e1 de su ganada popularidad traspasan los l\u00edmites de las buenas costumbres sociales y pasan a ser figuras medi\u00e1ticas por irrespetar lo que muchos consideran sagrado: la patria, la educaci\u00f3n o la religi\u00f3n. El Alfa, Dj Adoni, Don Miguelo, Tokisha y m\u00e1s reciente Pamela Sandoval (Shupamela) y Darielis Marchena (\u201cMenor Queen\u201d) forman parte de ese \u201cclub del mal ejemplo\u201d.<\/p>\n\n\n\n<p>El m\u00e1s reciente gran pleito lo armaron \u201cShupamela\u201d y la \u201cMenor Queen\u201d. Su video con contenido vulgar y obsceno grabado dentro de una escuela de Invivienda fue una falta grave que puso a la gente en pie de rechazo a esa acci\u00f3n que muchos tildan de vand\u00e1lica.<\/p>\n\n\n\n<p>Ante los hechos, el Ministerio de Educaci\u00f3n (Minerd) inform\u00f3 la suspensi\u00f3n de sus funciones a varios servidores de la Escuela Lilian Portalat\u00edn Sosa, incluyendo coordinadores y personal administrativo.<\/p>\n\n\n\n<p>La cartera educativa adelant\u00f3 que solicitar\u00e1 a la Comisi\u00f3n Nacional de Espect\u00e1culos P\u00fablicos la prohibici\u00f3n total de la difusi\u00f3n del material grabado, a fin de evitar que contin\u00fae circulando y afectando a la comunidad educativa y a la sociedad en general.<\/p>\n\n\n\n<p>Shupamela se defendi\u00f3 diciendo que fue contratada para grabar el video musical y \u201ccomo artista simplemente me present\u00e9 el d\u00eda del rodaje y segu\u00ed las instrucciones del equipo de producci\u00f3n\u201d.<\/p>\n\n\n\n<p>La creadora de contenido asegur\u00f3 que no tuvo participaci\u00f3n en la elecci\u00f3n del lugar ni en la organizaci\u00f3n de la log\u00edstica. \u201cJam\u00e1s fue mi intenci\u00f3n faltar el respeto al sistema educativo dominicano ni a la comunidad\u201d, expres\u00f3.<\/p>\n\n\n\n<p>Sin embargo,&nbsp;<strong>\u00e9ste no es el primer \u201cdesacato\u201d<\/strong>&nbsp;que vemos. Este pa\u00eds registra una lista larga de figuras que han chocado con los valores a prop\u00f3sito para ganar fama o simplemente porque les dio la gana.<\/p>\n\n\n\n<figure class=\"wp-block-image\" id=\"m62982-62981-62983\"><img decoding=\"async\" src=\"https:\/\/listindiario.com\/files\/vertical_main_image\/uploads\/2021\/07\/21\/6431bbf333d4e.jpeg\" alt=\"El Alfa en 2015 protagoniz\u00f3 uno de las situaciones m\u00e1s medi\u00e1ticas al referirse de manera despectativa a los padres de la patria, por lo que tuvo que limpiar varios d\u00edas en la Plaza de la Bandera.\"\/><figcaption class=\"wp-element-caption\">El Alfa en 2015 protagoniz\u00f3 uno de las situaciones m\u00e1s medi\u00e1ticas al referirse de manera despectativa a los padres de la patria, por lo que tuvo que limpiar varios d\u00edas en la Plaza de la Bandera.<\/figcaption><\/figure>\n\n\n\n<h3 class=\"wp-block-heading\">EL ALFA ofendi\u00f3 a los padres de la patria<\/h3>\n\n\n\n<p>El caso de El Alfa es uno de los m\u00e1s recordados cuando se habla de faltas graves a la moral c\u00edvica en Rep\u00fablica Dominicana.<\/p>\n\n\n\n<p>El esc\u00e1ndalo acontenci\u00f3 en 2015 cuando el int\u00e9rprete ofendi\u00f3 p\u00fablicamente la memoria de los fundadores de la naci\u00f3n: Juan Pablo Duarte, Francisco del Rosario S\u00e1nchez y Mat\u00edas Ram\u00f3n Mella.<\/p>\n\n\n\n<p>La respuesta de las autoridades fue contundente. El Alfa fue condenado a 15 d\u00edas de trabajo comunitario, oblig\u00e1ndolo a barrer la Plaza de la Bandera.<\/p>\n\n\n\n<p>Ver al popular exponente urbano, conocido por su flow, barriendo la plaza responsablemente se convirti\u00f3 en una lecci\u00f3n de las consecuencias por irrespetar los Padres de la Patria.<\/p>\n\n\n\n<p>Adem\u00e1s, la sanci\u00f3n incluy\u00f3 un componente educativo y econ\u00f3mico. \u00c9l tuvo que asumir el costo de reponer cien banderas dominicanas y financiar la distribuci\u00f3n de 300 ejemplares del \u201cIdeario de Duarte\u201d en la misma plaza.<\/p>\n\n\n\n<figure class=\"wp-block-image\" id=\"m62994-62993-62995\"><img decoding=\"async\" src=\"https:\/\/listindiario.com\/files\/vertical_main_image\/uploads\/2025\/10\/01\/68ddbf4f1b0e2.jpeg\" alt=\"Luego de salir a pedir disculpas p\u00fablicas por el \u201cteteo\u201d en las provincias Duarte y Hermanas Mirabal, DJ Adoni lo volvi\u00f3 a hacer algo parecido en Los Minas, acompa\u00f1ado del cantante urbano Bulova.\"\/><figcaption class=\"wp-element-caption\">Luego de salir a pedir disculpas p\u00fablicas por el \u201cteteo\u201d en las provincias Duarte y Hermanas Mirabal, DJ Adoni lo volvi\u00f3 a hacer algo parecido en Los Minas, acompa\u00f1ado del cantante urbano Bulova.<\/figcaption><\/figure>\n\n\n\n<h3 class=\"wp-block-heading\">DJ ADONI Y LOS \u00abteteos\u00bb<\/h3>\n\n\n\n<p>En julio de 2021, en plena crisis por el COVID-19, Dj Adoni organiz\u00f3 la famosa \u201ccaravana del teteo\u201d. Este evento multitudinario recorri\u00f3 varios pueblos de las provincias Duarte y Hermanas Mirabal, ignorando por completo las restricciones sanitarias del momento.<\/p>\n\n\n\n<p>El Ministerio P\u00fablico le impuso inmediatamente a Julio Adoni Gross Gonz\u00e1lez una sanci\u00f3n. Su castigo fue el trabajo social preventivo contra el COVID-19, en colaboraci\u00f3n con las autoridades.<\/p>\n\n\n\n<p>El propio musicalizador reconoci\u00f3 p\u00fablicamente su error, admitiendo que la actividad puso en riesgo la salud de cientos de ciudadanos.<\/p>\n\n\n\n<figure class=\"wp-block-image\" id=\"m63006-63005-63007\"><img decoding=\"async\" src=\"https:\/\/listindiario.com\/files\/vertical_main_image\/files\/fp\/uploads\/2022\/08\/26\/6430ca1f81d4d.r_d.348-192.jpeg\" alt=\"Don Miguelo es la sorpresa de la lista al aparecer en el lugar 92 con el tema &quot;Como yo le doy&quot;.\"\/><figcaption class=\"wp-element-caption\">Don Miguelo se vio involucrado en la difusi\u00f3n de videos de menores bailando de forma inapropiada para su edad.<\/figcaption><\/figure>\n\n\n\n<h3 class=\"wp-block-heading\">Don Miguelo y la \u201cca\u2019lne\u201d<\/h3>\n\n\n\n<p>En continuaci\u00f3n a casos en pandemia, Don Miguelo tambi\u00e9n result\u00f3 detenido y enviado a prisi\u00f3n preventiva por difundir videos en redes sociales donde aparec\u00edan menores de edad bailando de forma sensual.<\/p>\n\n\n\n<p>Esta situaci\u00f3n, que toc\u00f3 temas delicados de protecci\u00f3n a la ni\u00f1ez, gener\u00f3 un fuerte rechazo social, y a la vez, mucha atracci\u00f3n, alcanzando miles de vistas en las transmisiones.<\/p>\n\n\n\n<p>Aunque finalmente fue puesto en libertad, se le impuso una medida de coerci\u00f3n que lo forz\u00f3 a la presentaci\u00f3n peri\u00f3dica ante las autoridades.<\/p>\n\n\n\n<p>A esto se sum\u00f3 otro desacato, esta vez en el \u00e1mbito sanitario: en agosto de 2021, al vociferar su libertad, Don Miguelo convoc\u00f3 a una multitud en la provincia Duarte.<\/p>\n\n\n\n<p>Esta celebraci\u00f3n arriesg\u00f3 a sus seguidores a un seguro contagio y sum\u00f3 otra mancha a su historial de faltas.<\/p>\n\n\n\n<figure class=\"wp-block-image\" id=\"m63018-63017-63019\"><img decoding=\"async\" src=\"https:\/\/listindiario.com\/files\/vertical_main_image\/uploads\/2021\/08\/05\/64325b135b7c9.jpeg\" alt=\"Tokischa se hizo fotos con poca ropa o provocativa frente a un altar de la Virgen en Jarabacoa.\"\/><figcaption class=\"wp-element-caption\">Tokischa se hizo fotos con poca ropa o provocativa frente a un altar de la Virgen en Jarabacoa.<\/figcaption><\/figure>\n\n\n\n<h3 class=\"wp-block-heading\">Tokischa ANTE LA VIRGEN<\/h3>\n\n\n\n<p>En 2021, la exponente urbana Tokischa gener\u00f3 un esc\u00e1ndalo nacional tras posar semidesnuda en el Santuario de la Virgen de la Altagracia, ubicado en Jarabacoa, provincia La Vega.<\/p>\n\n\n\n<p>Las im\u00e1genes, en las que pos\u00f3 simulando actitudes sexuales, desataron el enojo de las autoridades locales y de gran parte de la comunidad cat\u00f3lica.<\/p>\n\n\n\n<p>El Ayuntamiento Municipal de Jarabacoa reaccion\u00f3 y, a trav\u00e9s de un comunicado, rechaz\u00f3 la conducta de la int\u00e9rprete.<\/p>\n\n\n\n<p>En el texto, calificaron a Tokischa como \u201cirreverente e irrespetuosa\u201d. La declaraci\u00f3n oficial no se limit\u00f3 a un simple se\u00f1alamiento: el cabildo tild\u00f3 de \u201crepudiable\u201d su accionar y advirti\u00f3 que \u201cno ser\u00e1 pasado por alto por nuestro pueblo\u201d.<\/p>\n","protected":false},"excerpt":{"rendered":"<p>El Alfa, Dj Adoni, Don Miguelo, Tokischa y m\u00e1s reciente Pamela Sandoval (Shupamela) y Darielis<\/p>\n","protected":false},"author":1,"featured_media":19970,"comment_status":"open","ping_status":"open","sticky":false,"template":"","format":"standard","meta":{"footnotes":""},"categories":[11],"tags":[],"class_list":["post-19969","post","type-post","status-publish","format-standard","has-post-thumbnail","hentry","category-entretenimiento"],"_links":{"self":[{"href":"https:\/\/samantharadionline.com\/index.php\/wp-json\/wp\/v2\/posts\/19969","targetHints":{"allow":["GET"]}}],"collection":[{"href":"https:\/\/samantharadionline.com\/index.php\/wp-json\/wp\/v2\/posts"}],"about":[{"href":"https:\/\/samantharadionline.com\/index.php\/wp-json\/wp\/v2\/types\/post"}],"author":[{"embeddable":true,"href":"https:\/\/samantharadionline.com\/index.php\/wp-json\/wp\/v2\/users\/1"}],"replies":[{"embeddable":true,"href":"https:\/\/samantharadionline.com\/index.php\/wp-json\/wp\/v2\/comments?post=19969"}],"version-history":[{"count":1,"href":"https:\/\/samantharadionline.com\/index.php\/wp-json\/wp\/v2\/posts\/19969\/revisions"}],"predecessor-version":[{"id":19971,"href":"https:\/\/samantharadionline.com\/index.php\/wp-json\/wp\/v2\/posts\/19969\/revisions\/19971"}],"wp:featuredmedia":[{"embeddable":true,"href":"https:\/\/samantharadionline.com\/index.php\/wp-json\/wp\/v2\/media\/19970"}],"wp:attachment":[{"href":"https:\/\/samantharadionline.com\/index.php\/wp-json\/wp\/v2\/media?parent=19969"}],"wp:term":[{"taxonomy":"category","embeddable":true,"href":"https:\/\/samantharadionline.com\/index.php\/wp-json\/wp\/v2\/categories?post=19969"},{"taxonomy":"post_tag","embeddable":true,"href":"https:\/\/samantharadionline.com\/index.php\/wp-json\/wp\/v2\/tags?post=19969"}],"curies":[{"name":"wp","href":"https:\/\/api.w.org\/{rel}","templated":true}]}}