{"id":19965,"date":"2025-10-02T07:40:57","date_gmt":"2025-10-02T11:40:57","guid":{"rendered":"https:\/\/samantharadionline.com\/?p=19965"},"modified":"2025-10-02T07:40:58","modified_gmt":"2025-10-02T11:40:58","slug":"sectores-oscuros-ya-no-podran-apropiarse-de-areas-protegidas","status":"publish","type":"post","link":"https:\/\/samantharadionline.com\/index.php\/2025\/10\/02\/sectores-oscuros-ya-no-podran-apropiarse-de-areas-protegidas\/","title":{"rendered":"\u00absectores oscuros\u00bb ya no podr\u00e1n apropiarse de \u00e1reas protegidas"},"content":{"rendered":"\n<p class=\"has-medium-font-size\"><em>El presidente Luis Abinader firm\u00f3 los documentos que marcar\u00e1n el inicio al proceso de titulaci\u00f3n de los parques y reservas del sistema nacional de \u00e1reas protegidas<\/em><\/p>\n\n\n\n<figure class=\"wp-block-image\"><img decoding=\"async\" src=\"https:\/\/listindiario.com\/files\/image_60_60\/uploads\/2025\/07\/13\/68743be1bedc5.jpeg\" alt=\"Avatar del Sauro Scalella\"\/><\/figure>\n\n\n\n<p><em>\u00a0<\/em>Sauro Scalella, <strong>Santo Domingo, RD<\/strong><\/p>\n\n\n\n<p>El ministro de Medio Ambiente y Recursos Naturales,&nbsp;<strong>Pa\u00edno Henr\u00edquez<\/strong>, asegur\u00f3 el mi\u00e9rcoles que con el proceso de titulaci\u00f3n de los parques nacionales y \u00e1reas protegidas quedar\u00e1n \u201catr\u00e1s los sectores oscuros\u201d que durante d\u00e9cadas \u201chan querido apropiarse\u201d de manera irregular de esos espacios naturales.<\/p>\n\n\n\n<p>El anuncio se hizo en el Palacio Nacional, donde el presidente<strong>&nbsp;Luis Abinader<\/strong>&nbsp;firm\u00f3 los documentos que marcar\u00e1n el inicio al proceso de titulaci\u00f3n de los parques y reservas del sistema nacional de \u00e1reas protegidas.<\/p>\n\n\n\n<p>Henr\u00edquez subray\u00f3 que nunca antes un gobierno hab\u00eda titulado tantos terrenos bajo r\u00e9gimen de protecci\u00f3n.<\/p>\n\n\n\n<p>Explic\u00f3 que, solo en el Parque Nacional Jaragua, la Bah\u00eda de las \u00c1guilas y el Parque Nacional Jos\u00e9 del Carmen Ram\u00edrez, se ha transferido al Estado t\u00edtulos que representan el 80% de todas las titulaciones hechas en administraciones anteriores, que supone el 20%, seg\u00fan dijo.<\/p>\n\n\n\n<p>El proceso de titulaci\u00f3n iniciar\u00e1 en una primera etapa con los parques nacionales Loma Novillero, en San Crist\u00f3bal, y Los Haitises, que abarca las provincias Monte Plata, Hato Mayor y Saman\u00e1.<\/p>\n\n\n\n<p>\u201cCon dicho esfuerzo, se inicia un proceso largo pero claro hacia dar una protecci\u00f3n legal segura y permanente a todo nuestro sistema de \u00e1reas protegidas\u201d, dijo Henr\u00edquez.<\/p>\n\n\n\n<p>El ministro record\u00f3 que la&nbsp;<strong>Ley Sectorial de \u00c1reas Protegidas 202-04&nbsp;<\/strong>permiti\u00f3 reforzar un sistema que ha elevado la cobertura boscosa a m\u00e1s de un 44%, cuando en los a\u00f1os 70 apenas llegaba al 10%.<\/p>\n\n\n\n<p>Tambi\u00e9n subray\u00f3 que el pa\u00eds ya protege el 25.5% de su territorio y se convirti\u00f3 en el primero del Caribe en alcanzar la meta global de proteger el 30% de sus zonas costeras y marinas.<\/p>\n\n\n\n<p>Henr\u00edquez indic\u00f3 que el Sistema Nacional de \u00c1reas Protegidas (<strong>SINAP<\/strong>) resguarda el 85% de las cuencas altas y nacimientos de r\u00edos, que proveen agua a la poblaci\u00f3n, la agricultura, la industria, el turismo y dem\u00e1s sectores productivos.<\/p>\n\n\n\n<p>\u201cSin el SINAP no hay consumibilidad de un futuro sostenible y viable para la recuperaci\u00f3n de nuestros ecosistemas\u201d, afirm\u00f3. \u201cTambi\u00e9n depende en gran parte de la ciudad, y debemos decir la tarea es dura\u201d.<\/p>\n\n\n\n<p>El ministro advirti\u00f3 que las amenazas del cambio clim\u00e1tico, la expansi\u00f3n agr\u00edcola, la deforestaci\u00f3n y el crecimiento urbano obligan a una gesti\u00f3n m\u00e1s flexible y permanente de los ecosistemas dominicanos.<\/p>\n\n\n\n<h3 class=\"wp-block-heading\">Objetivos, seg\u00fan Abinader<\/h3>\n\n\n\n<p>La titulaci\u00f3n a gran escala que llevara a cabo el gobierno responde a dos objetivos: transferir formalmente los parques nacionales y \u00e1reas protegidas al&nbsp;<strong>Ministerio de Medio Ambiente&nbsp;<\/strong>y Recursos Naturales, y garantizar una mayor protecci\u00f3n de estos espacios.<\/p>\n\n\n\n<p>\u201cSolo el 8.5% de los parques nacionales estaba articulado jur\u00eddicamente y de ese porcentaje, el 80% lo hemos hecho en nuestra administraci\u00f3n\u201d, subray\u00f3 el mandatario.<\/p>\n\n\n\n<p>Abinader firm\u00f3 un poder que permitir\u00e1 iniciar el proceso de saneamiento y traspaso de terrenos que actualmente figuran a nombre de instituciones como el&nbsp;<strong>Instituto Agrario Dominicano&nbsp;<\/strong>(<strong>IAD<\/strong>) o la Direcci\u00f3n de Bienes Nacionales.<\/p>\n\n\n\n<p>Explic\u00f3 que, pese a que por ley los parques nacionales no pueden ser transferidos a otros propietarios, el Estado debe consolidar la titularidad en la entidad competente para garantizar su preservaci\u00f3n y evitar que la falta de claridad legal ponga en riesgo estos bienes de la naci\u00f3n.<\/p>\n\n\n\n<p>El levantamiento realizado hasta el momento ha identificado m\u00e1s de 43 millones de metros cuadrados de terrenos vinculados a reservas forestales y \u00e1reas protegidas, seg\u00fan precis\u00f3 Abinader.<\/p>\n\n\n\n<p>Los Haitises abarca 35.276.587.63 metros cuadrados y las reservas forestales de Loma Novillero 7.929.383.43 metros cuadrados.<\/p>\n\n\n\n<p>\u201cEl poder suscrito en la tarde de hoy ser\u00e1 el primero de muchos en procura de organizar, documentar y defender nuestro&nbsp;<strong>patrimonio<\/strong>, que es igual que defender la existencia misma del espacio que ocupamos\u201d, dijo el jefe del Estado.<\/p>\n\n\n\n<p>No se permitieron preguntas en la conferencia de prensa.<\/p>\n","protected":false},"excerpt":{"rendered":"<p>El presidente Luis Abinader firm\u00f3 los documentos que marcar\u00e1n el inicio al proceso de titulaci\u00f3n<\/p>\n","protected":false},"author":1,"featured_media":19966,"comment_status":"open","ping_status":"open","sticky":false,"template":"","format":"standard","meta":{"footnotes":""},"categories":[12],"tags":[],"class_list":["post-19965","post","type-post","status-publish","format-standard","has-post-thumbnail","hentry","category-nacionales"],"_links":{"self":[{"href":"https:\/\/samantharadionline.com\/index.php\/wp-json\/wp\/v2\/posts\/19965","targetHints":{"allow":["GET"]}}],"collection":[{"href":"https:\/\/samantharadionline.com\/index.php\/wp-json\/wp\/v2\/posts"}],"about":[{"href":"https:\/\/samantharadionline.com\/index.php\/wp-json\/wp\/v2\/types\/post"}],"author":[{"embeddable":true,"href":"https:\/\/samantharadionline.com\/index.php\/wp-json\/wp\/v2\/users\/1"}],"replies":[{"embeddable":true,"href":"https:\/\/samantharadionline.com\/index.php\/wp-json\/wp\/v2\/comments?post=19965"}],"version-history":[{"count":1,"href":"https:\/\/samantharadionline.com\/index.php\/wp-json\/wp\/v2\/posts\/19965\/revisions"}],"predecessor-version":[{"id":19967,"href":"https:\/\/samantharadionline.com\/index.php\/wp-json\/wp\/v2\/posts\/19965\/revisions\/19967"}],"wp:featuredmedia":[{"embeddable":true,"href":"https:\/\/samantharadionline.com\/index.php\/wp-json\/wp\/v2\/media\/19966"}],"wp:attachment":[{"href":"https:\/\/samantharadionline.com\/index.php\/wp-json\/wp\/v2\/media?parent=19965"}],"wp:term":[{"taxonomy":"category","embeddable":true,"href":"https:\/\/samantharadionline.com\/index.php\/wp-json\/wp\/v2\/categories?post=19965"},{"taxonomy":"post_tag","embeddable":true,"href":"https:\/\/samantharadionline.com\/index.php\/wp-json\/wp\/v2\/tags?post=19965"}],"curies":[{"name":"wp","href":"https:\/\/api.w.org\/{rel}","templated":true}]}}