{"id":19955,"date":"2025-10-01T17:22:06","date_gmt":"2025-10-01T21:22:06","guid":{"rendered":"https:\/\/samantharadionline.com\/?p=19955"},"modified":"2025-10-01T17:22:07","modified_gmt":"2025-10-01T21:22:07","slug":"la-presentacion-de-bad-bunny-enfurece-a-los-trumpistas","status":"publish","type":"post","link":"https:\/\/samantharadionline.com\/index.php\/2025\/10\/01\/la-presentacion-de-bad-bunny-enfurece-a-los-trumpistas\/","title":{"rendered":"La presentaci\u00f3n de Bad Bunny enfurece a los trumpistas"},"content":{"rendered":"\n<p class=\"has-medium-font-size\"><em>La superestrella latina, que gan\u00f3 tres premios Grammy, ya hab\u00eda provocado la ira en los sectores de derecha cuando anunci\u00f3 que evitar\u00eda ir a Estados Unidos en su pr\u00f3xima gira mundial debido a temores de redadas migratorias en sus conciertos<\/em><\/p>\n\n\n\n<figure class=\"wp-block-image\"><img decoding=\"async\" src=\"https:\/\/listindiario.com\/files\/image_60_60\/uploads\/2025\/06\/12\/684b39171bfd7.jpeg\" alt=\"Avatar del Agencia AFP\"\/><\/figure>\n\n\n\n<p><em>\u00a0<\/em>Agencia AFP, <strong>Washington, Estados Unidos<\/strong><\/p>\n\n\n\n<p>Seguidores del presidente estadounidense Donald Trump, entre ellos un asesor de la Casa Blanca, se indignaron el martes por la elecci\u00f3n del puertorrique\u00f1o Bad Bunny como el artista principal del espect\u00e1culo de medio tiempo en el Super Bowl del pr\u00f3ximo a\u00f1o.<\/p>\n\n\n\n<p>La superestrella latina, que gan\u00f3 tres premios Grammy, ya hab\u00eda provocado la ira en los sectores de derecha cuando anunci\u00f3 que evitar\u00eda ir a Estados Unidos en su pr\u00f3xima gira mundial debido a temores de redadas migratorias en sus conciertos.<\/p>\n\n\n\n<p>Pero el movimiento de Trump \u00abMake America Great Again\u00bb (MAGA, Hagamos a Estados Unidos grande otra vez) se molest\u00f3 a\u00fan m\u00e1s con el nombramiento el domingo de un artista que canta principalmente en espa\u00f1ol como figura estelar del evento insignia del f\u00fatbol americano en febrero.<\/p>\n\n\n\n<p>\u00ab\u00bfEs la @NFL incapaz de leer la situaci\u00f3n?\u00bb, public\u00f3 Sebastian Gorka, asesor del presidente estadounidense, en la red X el lunes por la noche despu\u00e9s del anuncio.<\/p>\n\n\n\n<p>El comentario de Gorka acompa\u00f1\u00f3 la publicaci\u00f3n de un podcaster conservador que calificaba a Bad Bunny de \u00abrapero con un cat\u00e1logo de letras vulgares en espa\u00f1ol e ingl\u00e9s\u00bb, incluyendo una dirigida a Trump.<\/p>\n\n\n\n<p>Sage Steele, expresentadora de la cadena deportiva ESPN, quien ocup\u00f3 el asiento de nuevos medios de la Casa Blanca en una conferencia de prensa a principios de este a\u00f1o, llam\u00f3 a Bad Bunny \u00abDEMON\u00cdACO\u00bb y a\u00f1adi\u00f3: \u00abNFL&#8230; simplemente no lo entiendo\u00bb.<\/p>\n\n\n\n<p>El cantante est\u00e1 comprometido con los derechos LGBT y contra la transfobia. Adem\u00e1s, es uno de los artistas m\u00e1s escuchados del mundo y apoy\u00f3 a la dem\u00f3crata Kamala Harris contra Donald Trump para las elecciones presidenciales de 2024.<\/p>\n\n\n\n<h3 class=\"wp-block-heading\">contra los transg\u00c9neros y los inmigrantes<\/h3>\n\n\n\n<p>En tanto, desde su regreso al poder en enero, Trump ha tomado numerosas decisiones dirigidas contra las personas transg\u00e9nero y los inmigrantes indocumentados.<\/p>\n\n\n\n<p>\u00abPor mi gente, mi cultura y nuestra historia\u00bb, dijo el propio artista en un comunicado emitido por la NFL sobre su nombramiento para el espect\u00e1culo de medio tiempo del Super Bowl.<\/p>\n\n\n\n<p>Puerto Rico, donde naci\u00f3 Bad Bunny, es un territorio estadounidense en el Caribe. En junio, el artista public\u00f3 un video en redes de una redada del Servicio de Inmigraci\u00f3n y Control de Aduanas (ICE) que tuvo lugar en su isla natal.<\/p>\n\n\n\n<p>Los espect\u00e1culos de medio tiempo del Super Bowl tradicionalmente han atra\u00eddo a los nombres m\u00e1s grandes de la industria musical, incluyendo a figuras como Michael Jackson, los Rolling Stones, Madonna, Bruce Springsteen, Prince y Paul McCartney.<\/p>\n\n\n\n<p>Bad Bunny, de 31 a\u00f1os y cuyo nombre real es Benito Antonio Mart\u00ednez Ocasio, se presentar\u00e1 en el show de medio tiempo el 8 de febrero en Santa Clara, California.<\/p>\n\n\n\n<p>Este a\u00f1o, el peso pesado del hip hop Kendrick Lamar present\u00f3 el espect\u00e1culo. Su actuaci\u00f3n, con sutiles mensajes pol\u00edticos sobre el lugar de las personas negras y la cultura del rap, fue criticada por el grupo MAGA.<\/p>\n","protected":false},"excerpt":{"rendered":"<p>La superestrella latina, que gan\u00f3 tres premios Grammy, ya hab\u00eda provocado la ira en los<\/p>\n","protected":false},"author":1,"featured_media":19956,"comment_status":"open","ping_status":"open","sticky":false,"template":"","format":"standard","meta":{"footnotes":""},"categories":[11],"tags":[],"class_list":["post-19955","post","type-post","status-publish","format-standard","has-post-thumbnail","hentry","category-entretenimiento"],"_links":{"self":[{"href":"https:\/\/samantharadionline.com\/index.php\/wp-json\/wp\/v2\/posts\/19955","targetHints":{"allow":["GET"]}}],"collection":[{"href":"https:\/\/samantharadionline.com\/index.php\/wp-json\/wp\/v2\/posts"}],"about":[{"href":"https:\/\/samantharadionline.com\/index.php\/wp-json\/wp\/v2\/types\/post"}],"author":[{"embeddable":true,"href":"https:\/\/samantharadionline.com\/index.php\/wp-json\/wp\/v2\/users\/1"}],"replies":[{"embeddable":true,"href":"https:\/\/samantharadionline.com\/index.php\/wp-json\/wp\/v2\/comments?post=19955"}],"version-history":[{"count":1,"href":"https:\/\/samantharadionline.com\/index.php\/wp-json\/wp\/v2\/posts\/19955\/revisions"}],"predecessor-version":[{"id":19957,"href":"https:\/\/samantharadionline.com\/index.php\/wp-json\/wp\/v2\/posts\/19955\/revisions\/19957"}],"wp:featuredmedia":[{"embeddable":true,"href":"https:\/\/samantharadionline.com\/index.php\/wp-json\/wp\/v2\/media\/19956"}],"wp:attachment":[{"href":"https:\/\/samantharadionline.com\/index.php\/wp-json\/wp\/v2\/media?parent=19955"}],"wp:term":[{"taxonomy":"category","embeddable":true,"href":"https:\/\/samantharadionline.com\/index.php\/wp-json\/wp\/v2\/categories?post=19955"},{"taxonomy":"post_tag","embeddable":true,"href":"https:\/\/samantharadionline.com\/index.php\/wp-json\/wp\/v2\/tags?post=19955"}],"curies":[{"name":"wp","href":"https:\/\/api.w.org\/{rel}","templated":true}]}}