{"id":19921,"date":"2025-09-29T17:35:16","date_gmt":"2025-09-29T21:35:16","guid":{"rendered":"https:\/\/samantharadionline.com\/?p=19921"},"modified":"2025-09-29T17:35:17","modified_gmt":"2025-09-29T21:35:17","slug":"trump-propone-presidir-el-organismo-que-supervisara-nuevo-gobierno-en-gaza","status":"publish","type":"post","link":"https:\/\/samantharadionline.com\/index.php\/2025\/09\/29\/trump-propone-presidir-el-organismo-que-supervisara-nuevo-gobierno-en-gaza\/","title":{"rendered":"Trump  propone presidir el organismo que supervisar\u00e1 nuevo gobierno en Gaza"},"content":{"rendered":"\n<p class=\"has-medium-font-size\"><em>El acuerdo prev\u00e9 un alto el fuego y la liberaci\u00f3n de rehenes israel\u00edes en un plazo de 72 horas<\/em><\/p>\n\n\n\n<p>Europa Press, <strong>Madrid, Espa\u00f1a\u00a0<\/strong><\/p>\n\n\n\n<p>El presidente de<strong>&nbsp;Estados Unidos, Donald Trump,<\/strong>&nbsp;ha presentado este lunes formalmente un plan para poner fin al conflicto en la Franja de Gaza que incluye la formaci\u00f3n de un \u00f3rgano de gobierno provisional denominado &#8216;<strong>Junta de la Paz<\/strong>&#8216; que presidir\u00e1 el propio Trump.<\/p>\n\n\n\n<p>\u00abLa Junta de Paz estar\u00e1 presidida&#8230; No lo he pedido yo. Cr\u00e9anme. Estoy muy ocupado, pero ten\u00edamos que asegurarnos de que esto funcione. Los l\u00edderes del mundo \u00e1rabe e&nbsp;<strong>Israel&nbsp;<\/strong>y todos me han pedido que lo haga, as\u00ed que estar\u00e1 presidida por un caballero conocido como presidente<strong>&nbsp;Donald J. Trump<\/strong>&nbsp;de Estados Unidos. Eso es lo que quiero. Algo m\u00e1s de trabajo extra\u00bb, ha explicado Trump en rueda de prensa desde la&nbsp;<strong>Casa Blanca<\/strong>&nbsp;junto al primer ministro israel\u00ed,&nbsp;<strong>Benjamin Netanyahu.<\/strong><\/p>\n\n\n\n<p>La propuesta de 20 puntos publicada por la Casa Blanca incluye la formaci\u00f3n de un \u00f3rgano de transici\u00f3n de tecn\u00f3cratas y apol\u00edticos palestinos y extranjeros para gestionar la administraci\u00f3n gazat\u00ed sin presencia del<strong>&nbsp;Movimiento de Resistencia Isl\u00e1mica&nbsp;<\/strong>(<strong>Ham\u00e1s<\/strong>) y \u00abbajo la supervisi\u00f3n de un nuevo organismo internacional de transici\u00f3n, la Junta de la Paz\u00bb, presidida por Trump.<\/p>\n\n\n\n<p>En esta Junta estar\u00edan tambi\u00e9n otros jefes de Estado y el ex primer ministro brit\u00e1nico Tony Blair. \u00abEste organismo crear\u00e1 el marco y gestionar\u00e1 la financiaci\u00f3n para el desarrollo de Gaza hasta que la&nbsp;<strong>Autoridad Palestina<\/strong>&nbsp;haya completado su programa de reformas (&#8230;) y pueda recuperar el control de Gaza\u00bb, se\u00f1ala.<\/p>\n\n\n\n<p>El horizonte final de la propuesta es que \u00abcuando se cumplan las condiciones haya una v\u00eda cre\u00edble para la autodeterminaci\u00f3n palestina y que tenga su propio Estado, que reconocemos como aspiraci\u00f3n del pueblo palestino\u00bb. \u00abIsrael no ocupar\u00e1 ni se anexionar\u00e1&nbsp;<strong>Gaza<\/strong>\u00ab, recoge.<\/p>\n\n\n\n<p>Sin embargo, el propio Trump ha criticado a los \u00abingenuos\u00bb pa\u00edses europeos que han reconocido el Estado palestino. \u00abSon buena gente, pero creo que lo han hecho porque est\u00e1n muy cansados de lo que lleva pasando durante tantas d\u00e9cadas\u00bb, ha argumentado.<\/p>\n\n\n\n<h3 class=\"wp-block-heading\">ALTO EL FUEGO INMEDIATO<\/h3>\n\n\n\n<p>El plan de Trump prev\u00e9 que \u00aben un plazo de 72 horas despu\u00e9s de que Israel acepte este acuerdo, todos los rehenes, vivos y muertos, ser\u00e1n devueltos\u00bb y \u00absi ambas partes aceptan esta propuesta, la guerra terminar\u00e1 de inmediato\u00bb.<\/p>\n\n\n\n<p>\u00abTodas las operaciones militares ser\u00e1n suspendidas, incluidos los&nbsp;<strong>bombardeos a\u00e9reos<\/strong>&nbsp;y de artiller\u00eda y las l\u00edneas de frente se paralizar\u00e1n hasta que se den las condiciones para la retirada por fases contemplada\u00bb, plantea. Sin embargo, contempla que Israel conserve el control de \u00abun per\u00edmetro de seguridad\u00bb dentro de las fronteras del enclave palestino.<\/p>\n\n\n\n<p>Una vez sean liberados todos los rehenes,&nbsp;<strong>Israel&nbsp;<\/strong>liberar\u00e1 a 250 presos palestinos condenados a cadena perpetua y a 1.700 gazat\u00edes detenidos despu\u00e9s del ataque del 7 de octubre de 2023, \u00abincluidas todas las mujeres y los ni\u00f1os detenidos en ese contexto\u00bb. Por cada cuerpo de reh\u00e9n israel\u00ed entregado, Israel entregar\u00e1 los restos de 15 gazat\u00edes.<\/p>\n\n\n\n<p>Tras aceptar el acuerdo, se reanudar\u00eda la entrada de ayuda humanitaria en la&nbsp;<strong>Franja de Gaza<\/strong>&nbsp;conforme a los t\u00e9rminos del acuerdo del 19 de enero y ser\u00e1 gestionada por la&nbsp;<strong>ONU&nbsp;<\/strong>y sus agencias, la Cruz Roja y \u00abotras organizaciones internacionales no vinculadas en forma alguna con ninguna de las partes\u00bb. Adem\u00e1s se abrir\u00e1 el paso de Raf\u00e1 en ambas direcciones, seg\u00fan el mencionado acuerdo de enero.<\/p>\n\n\n\n<h3 class=\"wp-block-heading\">FUERZA INTERNACIONAL DE ESTABILIZACI\u00d3N<\/h3>\n\n\n\n<p>El documento de Trump recoge adem\u00e1s la formaci\u00f3n de una&nbsp;<strong>Fuerza Internacional de Estabilizaci\u00f3n&nbsp;<\/strong>(<strong>FIE<\/strong>) que \u00abse desplegar\u00e1 de inmediato en Gaza\u00bb en coordinaci\u00f3n con Estados Unidos y pa\u00edses \u00e1rabes.<\/p>\n\n\n\n<p>Esta FIE ser\u00e1 la responsable de formar un nuevo cuerpo policial palestino que colaborar\u00e1 con Israel y con Egipto para garantizar la seguridad de las fronteras. \u00abEs fundamental evitar que entren municiones en Gaza y facilitar una entrada r\u00e1pida y segura de bienes para reconstruir y revitalizar Gaza\u00bb, recoge.<\/p>\n\n\n\n<p>En el caso de que Ham\u00e1s \u00abno conteste o rechace\u00bb la propuesta, la iniciativa, incluida la entrada de ayuda humanitaria, solo se aplicar\u00e1 \u00aben las zonas libres de terrorismo entregadas por las Fuerzas de Defensa de Israel (FDI) a la FIE\u00bb.<\/p>\n\n\n\n<p>En ese sentido, Trump ha advertido de que si no se acepta el acuerdo \u00abIsrael tendr\u00e1 todo mi apoyo para terminar con esto\u00bb, para \u00abdestruir la amenaza de Ham\u00e1s\u00bb. \u00abPero espero que logremos un acuerdo para la paz. Si Ham\u00e1s lo rechaza, lo cual siempre es posible, ser\u00e1n los \u00fanicos. Todos los dem\u00e1s lo aceptan\u00bb, ha arg\u00fcido.<\/p>\n\n\n\n<p>Adem\u00e1s, la propuesta prev\u00e9 una amnist\u00eda para todos los miembros de Ham\u00e1s \u00abque accedan a la coexistencia pac\u00edfica y a inutilizar sus armas\u00bb. \u00abLos miembros de Ham\u00e1s que quieran salir de Gaza tendr\u00e1n paso seguro a los pa\u00edses de destino\u00bb, especifica.<\/p>\n\n\n\n<p>\u00abSeg\u00fan el plan, pa\u00edses \u00e1rabes y musulmanes se comprometen a (&#8230;)desmilitarizar Gaza y eso es r\u00e1pido. A desmontar las capacidades militares de Ham\u00e1s y de otras organizaciones terroristas y hacerlo de inmediato\u00bb, ha explicado Trump en su comparecencia.<\/p>\n\n\n\n<p>La iniciativa estadounidense recoge que \u00abnadie ser\u00e1 obligado a marcharse de Gaza y quienes quieran marcharse ser\u00e1n libres de hacerlo y libres de volver. Vamos a animar a la gente a quedarse y a ofrecerles la oportunidad de crear una Gaza mejor\u00bb.<\/p>\n\n\n\n<p>El plan incluye asimismo la creaci\u00f3n de \u00abuna zona econ\u00f3mica especial\u00bb con&nbsp;<strong>\u00abaranceles preferentes\u00bb<\/strong>&nbsp;y un \u00abplan de desarrollo econ\u00f3mico para reconstruir y dar energ\u00eda a Gaza\u00bb con expertos con experiencia en \u00ablas modernas ciudades milagro de Oriente Pr\u00f3ximo\u00bb.<\/p>\n\n\n\n<p>Asimismo prev\u00e9 el impulso de un \u00abdi\u00e1logo interreligioso\u00bb para fomentar los valores de \u00abtolerancia y coexistencia pac\u00edfica\u00bb para \u00abcambiar la mentalidad y la narrativa de palestinos e israel\u00edes\u00bb mediante \u00ablos beneficios que puede generar la paz\u00bb.<\/p>\n\n\n\n<p>Trump ha expresado su optimismo con respecto al futuro de la regi\u00f3n e incluso ha especulado con que Ir\u00e1n se sume a los Acuerdos de Abraham, la iniciativa para el reconocimiento de Israel impulsada por el propio Trump entre los pa\u00edses \u00e1rabes y musulmanes. \u00abQui\u00e9n sabe. Incluso Ir\u00e1n podr\u00eda sumarse (&#8230;). Ser\u00eda estupendo para Ir\u00e1n desde el punto de vista econ\u00f3mico\u00bb, ha explicado.<\/p>\n","protected":false},"excerpt":{"rendered":"<p>El acuerdo prev\u00e9 un alto el fuego y la liberaci\u00f3n de rehenes israel\u00edes en un<\/p>\n","protected":false},"author":1,"featured_media":19922,"comment_status":"open","ping_status":"open","sticky":false,"template":"","format":"standard","meta":{"footnotes":""},"categories":[4],"tags":[],"class_list":["post-19921","post","type-post","status-publish","format-standard","has-post-thumbnail","hentry","category-mundiales"],"_links":{"self":[{"href":"https:\/\/samantharadionline.com\/index.php\/wp-json\/wp\/v2\/posts\/19921","targetHints":{"allow":["GET"]}}],"collection":[{"href":"https:\/\/samantharadionline.com\/index.php\/wp-json\/wp\/v2\/posts"}],"about":[{"href":"https:\/\/samantharadionline.com\/index.php\/wp-json\/wp\/v2\/types\/post"}],"author":[{"embeddable":true,"href":"https:\/\/samantharadionline.com\/index.php\/wp-json\/wp\/v2\/users\/1"}],"replies":[{"embeddable":true,"href":"https:\/\/samantharadionline.com\/index.php\/wp-json\/wp\/v2\/comments?post=19921"}],"version-history":[{"count":1,"href":"https:\/\/samantharadionline.com\/index.php\/wp-json\/wp\/v2\/posts\/19921\/revisions"}],"predecessor-version":[{"id":19923,"href":"https:\/\/samantharadionline.com\/index.php\/wp-json\/wp\/v2\/posts\/19921\/revisions\/19923"}],"wp:featuredmedia":[{"embeddable":true,"href":"https:\/\/samantharadionline.com\/index.php\/wp-json\/wp\/v2\/media\/19922"}],"wp:attachment":[{"href":"https:\/\/samantharadionline.com\/index.php\/wp-json\/wp\/v2\/media?parent=19921"}],"wp:term":[{"taxonomy":"category","embeddable":true,"href":"https:\/\/samantharadionline.com\/index.php\/wp-json\/wp\/v2\/categories?post=19921"},{"taxonomy":"post_tag","embeddable":true,"href":"https:\/\/samantharadionline.com\/index.php\/wp-json\/wp\/v2\/tags?post=19921"}],"curies":[{"name":"wp","href":"https:\/\/api.w.org\/{rel}","templated":true}]}}