{"id":19912,"date":"2025-09-29T12:47:26","date_gmt":"2025-09-29T16:47:26","guid":{"rendered":"https:\/\/samantharadionline.com\/?p=19912"},"modified":"2025-09-29T12:53:02","modified_gmt":"2025-09-29T16:53:02","slug":"camion-cae-en-vivienda-en-el-cafe-de-herrera-vecinos-denuncian-abandono-y-advierten-posible-protesta","status":"publish","type":"post","link":"https:\/\/samantharadionline.com\/index.php\/2025\/09\/29\/camion-cae-en-vivienda-en-el-cafe-de-herrera-vecinos-denuncian-abandono-y-advierten-posible-protesta\/","title":{"rendered":"Cami\u00f3n cae en vivienda en El Caf\u00e9 de Herrera: vecinos denuncian abandono y advierten posible protesta"},"content":{"rendered":"\n<p class=\"has-medium-font-size\"><em>La falta de intervenci\u00f3n municipal convierte la calle central en una amenaza latente; residentes exigen acci\u00f3n inmediata ante el peligro creciente en temporada de lluvias<\/em><\/p>\n\n\n\n<p><strong>Por Alan Vargas,<\/strong> <strong>Santo Domingo Oeste, 29 de septiembre de 2025<\/strong><\/p>\n\n\n\n<p>Un accidente ocurrido recientemente en el sector El Caf\u00e9 de Herrera ha encendido las alarmas entre residentes y comerciantes. Un cami\u00f3n cay\u00f3 desde la calle central directamente al patio de entrada de una vivienda, debido a que la propiedad se encuentra por debajo del nivel de la v\u00eda. El incidente, que requiri\u00f3 el uso de una gr\u00faa para retirar el veh\u00edculo, expone una grave falla estructural que las autoridades municipales han ignorado durante este tiempo.<\/p>\n\n\n\n<figure class=\"wp-block-embed is-type-video is-provider-youtube wp-block-embed-youtube wp-embed-aspect-9-16 wp-has-aspect-ratio\"><div class=\"wp-block-embed__wrapper\">\n<iframe loading=\"lazy\" title=\"Cami\u00f3n cae de la calle Central al patio de una vivienda en el Caf\u00e9 de Herrera \" width=\"540\" height=\"960\" src=\"https:\/\/www.youtube.com\/embed\/HfmIt8lg0Ac?feature=oembed\" frameborder=\"0\" allow=\"accelerometer; autoplay; clipboard-write; encrypted-media; gyroscope; picture-in-picture; web-share\" referrerpolicy=\"strict-origin-when-cross-origin\" allowfullscreen><\/iframe>\n<\/div><\/figure>\n\n\n\n<h2 class=\"wp-block-heading\">Zona de alto riesgo en plena temporada de lluvias<\/h2>\n\n\n\n<p>La calle central del Caf\u00e9 de Herrera, ya conocida por su estrechez y deterioro, se ha convertido en un punto cr\u00edtico de peligro. En esta \u00e9poca de lluvias, el desnivel entre la v\u00eda y las viviendas representa una amenaza constante para la seguridad de los habitantes. A pesar de m\u00faltiples denuncias, la Alcald\u00eda de Santo Domingo Oeste no ha respondido ni ha presentado planes de intervenci\u00f3n.<\/p>\n\n\n\n<blockquote class=\"wp-block-quote is-layout-flow wp-block-quote-is-layout-flow\">\n<p>\u201cLas autoridades se hacen los ciegos y los sordos. Este problema no es nuevo, pero ahora es inminente. \u00bfQu\u00e9 m\u00e1s tiene que pasar para que act\u00faen?\u201d, expres\u00f3 un residente afectado.<\/p>\n<\/blockquote>\n\n\n\n<h2 class=\"wp-block-heading\">Comunidad en pie de lucha<\/h2>\n\n\n\n<p>Motoconchistas, comerciantes, conductores y vecinos del sector han manifestado su indignaci\u00f3n ante la indiferencia oficial. La posibilidad de una movilizaci\u00f3n ciudadana para paralizar el tr\u00e1nsito en la zona est\u00e1 siendo considerada como medida de presi\u00f3n.<\/p>\n\n\n\n<figure class=\"wp-block-image size-large\"><img loading=\"lazy\" decoding=\"async\" width=\"473\" height=\"1024\" src=\"https:\/\/samantharadionline.com\/wp-content\/uploads\/2025\/09\/Screenshot_2025-09-29-12-50-16-213_com.whatsapp-473x1024.jpg\" alt=\"\" class=\"wp-image-19916\" srcset=\"https:\/\/samantharadionline.com\/wp-content\/uploads\/2025\/09\/Screenshot_2025-09-29-12-50-16-213_com.whatsapp-473x1024.jpg 473w, https:\/\/samantharadionline.com\/wp-content\/uploads\/2025\/09\/Screenshot_2025-09-29-12-50-16-213_com.whatsapp-138x300.jpg 138w, https:\/\/samantharadionline.com\/wp-content\/uploads\/2025\/09\/Screenshot_2025-09-29-12-50-16-213_com.whatsapp-768x1664.jpg 768w, https:\/\/samantharadionline.com\/wp-content\/uploads\/2025\/09\/Screenshot_2025-09-29-12-50-16-213_com.whatsapp-709x1536.jpg 709w, https:\/\/samantharadionline.com\/wp-content\/uploads\/2025\/09\/Screenshot_2025-09-29-12-50-16-213_com.whatsapp-945x2048.jpg 945w, https:\/\/samantharadionline.com\/wp-content\/uploads\/2025\/09\/Screenshot_2025-09-29-12-50-16-213_com.whatsapp.jpg 1080w\" sizes=\"auto, (max-width: 473px) 100vw, 473px\" \/><\/figure>\n\n\n\n<blockquote class=\"wp-block-quote is-layout-flow wp-block-quote-is-layout-flow\">\n<p>\u201cYa es dif\u00edcil transitar por aqu\u00ed. La calle es estrecha, peligrosa y abandonada. Si no nos escuchan, nos veremos obligados a tomar acciones\u201d, advirti\u00f3 un dirigente comunitario.<\/p>\n<\/blockquote>\n\n\n\n<h2 class=\"wp-block-heading\">Llamado urgente a las autoridades<\/h2>\n\n\n\n<p>La comunidad exige a la Alcald\u00eda de Santo Domingo Oeste una intervenci\u00f3n inmediata para corregir el desnivel de la v\u00eda, instalar barreras de protecci\u00f3n y garantizar el drenaje adecuado. La falta de respuesta institucional no solo pone en riesgo vidas, sino que erosiona la confianza ciudadana en la gesti\u00f3n p\u00fablica.<\/p>\n\n\n\n<p>La situaci\u00f3n en El Caf\u00e9 de Herrera no solo compromete a las autoridades municipales, sino que tambi\u00e9n interpela directamente al Ministerio de Obras P\u00fablicas y Comunicaciones (MOPC), cuya misi\u00f3n es garantizar la seguridad vial y la infraestructura urbana en todo el territorio nacional. El desnivel y la estreches de la calle central, que ha provocado el accidente del cami\u00f3n y pone en riesgo a decenas de familias, requiere una intervenci\u00f3n t\u00e9cnica urgente. El MOPC debe asumir su responsabilidad institucional y realizar estudios de ingenier\u00eda, obras de correcci\u00f3n y se\u00f1alizaci\u00f3n adecuada para evitar nuevas tragedias. La omisi\u00f3n prolongada de este tipo de problemas en zonas vulnerables perpet\u00faa la desigualdad territorial y expone a la ciudadan\u00eda a peligros evitables.<\/p>\n\n\n\n<p>Asimismo, el presidente de la Rep\u00fablica, como m\u00e1xima autoridad del Estado, tiene el deber de garantizar que los organismos del gobierno act\u00faen con eficiencia y equidad en todo el pa\u00eds. El Caf\u00e9 de Herrera no puede seguir siendo una zona invisible para el poder ejecutivo. En momentos donde se promueve el desarrollo y la inversi\u00f3n en infraestructura, es inadmisible que comunidades enteras vivan bajo amenaza por negligencia institucional. La poblaci\u00f3n exige que el presidente instruya al MOPC y a la Alcald\u00eda de Santo Domingo Oeste para que atiendan de inmediato esta situaci\u00f3n, antes de que se convierta en una tragedia mayor. La seguridad ciudadana no puede esperar.<\/p>\n\n\n\n<p>La entrada principal del Caf\u00e9 de Herrera, justo donde finaliza la calle penetraci\u00f3n norte del Residencial Santo Domingo, se ha transformado en un mercado improvisado que pone en jaque la movilidad, la salubridad y la seguridad de los residentes. Comerciantes informales han ocupado el espacio p\u00fablico para vender v\u00edveres, carnes, vegetales y otros productos, utilizando veh\u00edculos cargados que permanecen estacionados durante horas, bloqueando el paso y generando acumulaci\u00f3n de residuos org\u00e1nicos sin control sanitario. Esta situaci\u00f3n ha convertido el acceso al sector en un cuello de botella, donde el libre tr\u00e1nsito \u2014un derecho fundamental\u2014 se ve vulnerado a diario.<\/p>\n\n\n\n<figure class=\"wp-block-image size-full is-resized\"><img loading=\"lazy\" decoding=\"async\" width=\"686\" height=\"386\" src=\"https:\/\/samantharadionline.com\/wp-content\/uploads\/2025\/09\/hq720-1.jpg\" alt=\"\" class=\"wp-image-19914\" style=\"width:840px;height:auto\" srcset=\"https:\/\/samantharadionline.com\/wp-content\/uploads\/2025\/09\/hq720-1.jpg 686w, https:\/\/samantharadionline.com\/wp-content\/uploads\/2025\/09\/hq720-1-300x169.jpg 300w\" sizes=\"auto, (max-width: 686px) 100vw, 686px\" \/><\/figure>\n\n\n\n<p>La estrechez de la v\u00eda, sumada a la falta de regulaci\u00f3n, ha provocado que este punto se perciba como un mercado de gran escala, aunque no cuente con las condiciones m\u00ednimas para operar como tal. Los peatones deben esquivar puestos improvisados, los conductores enfrentan entaponamientos constantes, y los residentes denuncian olores penetrantes, proliferaci\u00f3n de plagas y riesgo de enfermedades. La ausencia de controles por parte de la Alcald\u00eda de Santo Domingo Oeste y del Ministerio de Salud P\u00fablica agrava el problema, dejando a la comunidad expuesta a un foco de insalubridad en plena v\u00eda p\u00fablica.<\/p>\n\n\n\n<p>Los habitantes del Caf\u00e9 de Herrera exigen que las autoridades competentes intervengan de inmediato para recuperar el espacio p\u00fablico, reubicar a los comerciantes informales en zonas adecuadas y garantizar condiciones dignas tanto para los vendedores como para los residentes. La falta de planificaci\u00f3n urbana y de voluntad pol\u00edtica ha convertido este tramo en una zona de conflicto, donde la informalidad se impone sobre el orden, y la negligencia institucional amenaza con desbordar la paciencia de una comunidad que ya estudia medidas de presi\u00f3n para ser escuchada.<\/p>\n\n\n\n<p>Finalmente, recordamos que el accidente ocurrido en El Caf\u00e9 de Herrera, donde un cami\u00f3n cay\u00f3 al patio de una vivienda debido al desnivel de la calle central, ha puesto en evidencia el abandono institucional que enfrenta esta comunidad. A esto se suma la obstrucci\u00f3n provocada por comerciantes informales en la entrada principal del sector, quienes han convertido el espacio p\u00fablico en un mercado improvisado que compromete la salud, la seguridad y el libre tr\u00e1nsito de los residentes. La falta de respuesta por parte de la Alcald\u00eda de Santo Domingo Oeste, el Ministerio de Obras P\u00fablicas y el propio Poder Ejecutivo ha generado indignaci\u00f3n colectiva, y la poblaci\u00f3n estudia acciones de protesta para exigir soluciones inmediatas antes de que esta situaci\u00f3n derive en consecuencias mayores.<\/p>\n","protected":false},"excerpt":{"rendered":"<p>La falta de intervenci\u00f3n municipal convierte la calle central en una amenaza latente; residentes exigen<\/p>\n","protected":false},"author":1,"featured_media":19913,"comment_status":"open","ping_status":"open","sticky":false,"template":"","format":"standard","meta":{"footnotes":""},"categories":[12],"tags":[],"class_list":["post-19912","post","type-post","status-publish","format-standard","has-post-thumbnail","hentry","category-nacionales"],"_links":{"self":[{"href":"https:\/\/samantharadionline.com\/index.php\/wp-json\/wp\/v2\/posts\/19912","targetHints":{"allow":["GET"]}}],"collection":[{"href":"https:\/\/samantharadionline.com\/index.php\/wp-json\/wp\/v2\/posts"}],"about":[{"href":"https:\/\/samantharadionline.com\/index.php\/wp-json\/wp\/v2\/types\/post"}],"author":[{"embeddable":true,"href":"https:\/\/samantharadionline.com\/index.php\/wp-json\/wp\/v2\/users\/1"}],"replies":[{"embeddable":true,"href":"https:\/\/samantharadionline.com\/index.php\/wp-json\/wp\/v2\/comments?post=19912"}],"version-history":[{"count":2,"href":"https:\/\/samantharadionline.com\/index.php\/wp-json\/wp\/v2\/posts\/19912\/revisions"}],"predecessor-version":[{"id":19917,"href":"https:\/\/samantharadionline.com\/index.php\/wp-json\/wp\/v2\/posts\/19912\/revisions\/19917"}],"wp:featuredmedia":[{"embeddable":true,"href":"https:\/\/samantharadionline.com\/index.php\/wp-json\/wp\/v2\/media\/19913"}],"wp:attachment":[{"href":"https:\/\/samantharadionline.com\/index.php\/wp-json\/wp\/v2\/media?parent=19912"}],"wp:term":[{"taxonomy":"category","embeddable":true,"href":"https:\/\/samantharadionline.com\/index.php\/wp-json\/wp\/v2\/categories?post=19912"},{"taxonomy":"post_tag","embeddable":true,"href":"https:\/\/samantharadionline.com\/index.php\/wp-json\/wp\/v2\/tags?post=19912"}],"curies":[{"name":"wp","href":"https:\/\/api.w.org\/{rel}","templated":true}]}}