{"id":19909,"date":"2025-09-29T09:31:35","date_gmt":"2025-09-29T13:31:35","guid":{"rendered":"https:\/\/samantharadionline.com\/?p=19909"},"modified":"2025-09-29T09:31:36","modified_gmt":"2025-09-29T13:31:36","slug":"producir-merengue-no-es-barato","status":"publish","type":"post","link":"https:\/\/samantharadionline.com\/index.php\/2025\/09\/29\/producir-merengue-no-es-barato\/","title":{"rendered":"\u201cProducir merengue no es barato\u201d"},"content":{"rendered":"\n<p class=\"has-medium-font-size\">\u00a0<em>El cantautor Jandy Feliz regresa al ruedo musical con el merengue como bandera<\/em><\/p>\n\n\n\n<figure class=\"wp-block-image\"><img decoding=\"async\" src=\"https:\/\/listindiario.com\/files\/image_60_60\/uploads\/2023\/10\/20\/65333e483d186.jpeg\" alt=\"Avatar del Floranyi J\u00e1quez\"\/><\/figure>\n\n\n\n<p><strong><em>\u00a0<\/em>Floranyi J\u00e1quez<\/strong><\/p>\n\n\n\n<p>Despu\u00e9s de casi seis a\u00f1os fuera de los escenarios, el cantautor dominicano&nbsp;<strong>Jandy Feliz<\/strong>, recordado por su trayectoria como solista y por ser parte fundamental de agrupaciones como Chich\u00ed Peralta y Son Familia, est\u00e1 de vuelta en los escenarios.<\/p>\n\n\n\n<p>Feliz regresa al ruedo musical con una propuesta que lo conecta con sus ra\u00edces y con nuestro g\u00e9nero aut\u00f3ctono: el merengue. \u201c<strong>Amor bonito\u201d&nbsp;<\/strong>es la carta de presentaci\u00f3n de esta etapa en la que combina su fe y su compromiso con la m\u00fasica rom\u00e1ntica y los ritmos locales.<\/p>\n\n\n\n<p>En este disco, Jandy se aleja de la l\u00ednea m\u00e1s ligada al son y la balada que lo ha caracterizado en etapas anteriores y le da mayor relevancia al merengue; de seis temas, tres son fusiones con este ritmo, adem\u00e1s de incluir bachata y son como acompa\u00f1antes.<\/p>\n\n\n\n<p><strong>\u201cEl merengue es un g\u00e9nero interesant\u00edsimo que tiene mucha flexibilidad. Se puede ligar con much\u00edsimas cosas y es una maravilla\u201d,\u00a0<\/strong>explic\u00f3 el m\u00fasico. Apostar al merengue tiene una raz\u00f3n de ser: \u201cQuise inclinarme hacia el merengue tambi\u00e9n por una raz\u00f3n patri\u00f3tica. Es un patrimonio cultural de la humanidad, y como dominicanos tenemos la obligaci\u00f3n de seguir trabaj\u00e1ndolo\u201d.<\/p>\n\n\n\n<p>Sin embargo, es consciente de que este g\u00e9nero enfrenta retos importantes y dificultades como la producci\u00f3n, que es m\u00e1s costosa que otros ritmos.<\/p>\n\n\n\n<p><strong>\u201cProducir merengue no es barato, vamos a partir de ah\u00ed\u201d<\/strong>, indic\u00f3. \u201cO sea, no es lo mismo que bachata; una bachata con un par de guitarras, un piano, un bong\u00f3 y una g\u00fcira resuelven, pero ya el merengue hay que buscar dos saxofones, dos trompetas, un tromb\u00f3n, m\u00e1s el band\u00f3n, tres coristas; o sea, es un concepto grande. Y entonces, al fin y al cabo, muchos ven la m\u00fasica como un negocio. No necesariamente los artistas lo vemos as\u00ed, pero para t\u00fa tener cierta vigencia y tambi\u00e9n proyectarte, necesitas entrar en el, como dicen, en la parte del business. Entonces, es m\u00e1s f\u00e1cil llevar un grupo pegado de bachata con uno de merengue\u201d.<\/p>\n\n\n\n<p>A todo esto se le suma la falta de nuevos exponentes que apuesten por el g\u00e9nero y la poca colaboraci\u00f3n entre los propios merengueros, algo que contrasta con la uni\u00f3n que suele verse en la m\u00fasica urbana.<\/p>\n\n\n\n<p>\u201c<strong>El merengue es importante para el mundo entero. Tenemos que seguir abordando el merengue y, m\u00e1s, como dominicanos, tenemos la responsabilidad de hacerlo\u201d<\/strong>, expres\u00f3 con firmeza.<\/p>\n\n\n\n<p>Jandy est\u00e1 consciente de que la industria musical se mueve a gran velocidad y, aunque est\u00e1 en plena promoci\u00f3n de este disco, ya proyecta entrar al estudio el pr\u00f3ximo a\u00f1o para continuar trabajando y explorando fusiones con el merengue como base, sin descartar colaboraciones con artistas de otros g\u00e9neros, incluso urbanos.<\/p>\n\n\n\n<h3 class=\"wp-block-heading\">Sobre amor bonito&nbsp;<\/h3>\n\n\n\n<p>En \u201cAmor Bonito\u201d, Jandy rescata la esencia del amor como un proyecto de vida, basado en el respeto, la admiraci\u00f3n mutua y la fidelidad. Para \u00e9l, el t\u00edtulo refleja una convicci\u00f3n espiritual y fue la confirmaci\u00f3n de que Dios quiere que siga abordando la m\u00fasica rom\u00e1ntica.<\/p>\n\n\n\n<p><strong>\u201cHoy se confunde mucho el amor con la pura atracci\u00f3n sexual o con la ostentaci\u00f3n. Para m\u00ed, el amor es un proyecto a largo plazo. Es una decisi\u00f3n profunda, espiritual, donde el dar tiene m\u00e1s valor que el recibir<\/strong>\u201d, expres\u00f3.<\/p>\n\n\n\n<p>Asimismo, este \u00e1lbum marca el reencuentro con el p\u00fablico que lo quiere ver, especialmente en Rep\u00fablica Dominicana, ya que todos estos a\u00f1os su carrera estuvo enfocada en otros pa\u00edses de Latinoam\u00e9rica como&nbsp;<strong>Per\u00fa<\/strong>.<\/p>\n\n\n\n<p>\u201cHay una nostalgia por las canciones que hicimos en los noventa y al final tambi\u00e9n uno hace la m\u00fasica para poderla compartir en la tarima, en los escenarios. Y eso queremos. Es un proceso porque tambi\u00e9n queremos que la gente disfrute lo nuevo\u201d.<\/p>\n\n\n\n<p>\u201cYo me retir\u00e9 en 2019, un a\u00f1o antes de la pandemia\u201d, record\u00f3 el artista durante la conversaci\u00f3n, donde expres\u00f3 que en los meses m\u00e1s duros del confinamiento fue cuando m\u00e1s compuso.<\/p>\n\n\n\n<p>\u201cEn la pandemia hice un disco que se llama \u2018En el principio\u2019, es un disco totalmente cristiano y se llama as\u00ed porque tiene siete temas como siete d\u00edas, pero es un disco in\u00e9dito, muy chulo. Lo grabamos en las casas porque t\u00fa sabes que los estudios estaban cerrados y eso es una de las cosas interesantes que tiene el disco, que grabamos en las casas de los m\u00fasicos. Estuvimos durante la pandemia; yo pod\u00eda ser m\u00e1s activo todav\u00eda\u201d.<\/p>\n\n\n\n<p>Sobre el proceso creativo, asegura que las canciones \u201clo visitan\u201d. \u201cLas melod\u00edas llegan a mi cabeza, no es algo que yo me proponga. Luego desarrollo la historia a partir de la primera frase que aparece. Por eso digo que cada canci\u00f3n es un regalo de Dios\u201d.<\/p>\n","protected":false},"excerpt":{"rendered":"<p>\u00a0El cantautor Jandy Feliz regresa al ruedo musical con el merengue como bandera \u00a0Floranyi J\u00e1quez<\/p>\n","protected":false},"author":1,"featured_media":19910,"comment_status":"open","ping_status":"open","sticky":false,"template":"","format":"standard","meta":{"footnotes":""},"categories":[11],"tags":[],"class_list":["post-19909","post","type-post","status-publish","format-standard","has-post-thumbnail","hentry","category-entretenimiento"],"_links":{"self":[{"href":"https:\/\/samantharadionline.com\/index.php\/wp-json\/wp\/v2\/posts\/19909","targetHints":{"allow":["GET"]}}],"collection":[{"href":"https:\/\/samantharadionline.com\/index.php\/wp-json\/wp\/v2\/posts"}],"about":[{"href":"https:\/\/samantharadionline.com\/index.php\/wp-json\/wp\/v2\/types\/post"}],"author":[{"embeddable":true,"href":"https:\/\/samantharadionline.com\/index.php\/wp-json\/wp\/v2\/users\/1"}],"replies":[{"embeddable":true,"href":"https:\/\/samantharadionline.com\/index.php\/wp-json\/wp\/v2\/comments?post=19909"}],"version-history":[{"count":1,"href":"https:\/\/samantharadionline.com\/index.php\/wp-json\/wp\/v2\/posts\/19909\/revisions"}],"predecessor-version":[{"id":19911,"href":"https:\/\/samantharadionline.com\/index.php\/wp-json\/wp\/v2\/posts\/19909\/revisions\/19911"}],"wp:featuredmedia":[{"embeddable":true,"href":"https:\/\/samantharadionline.com\/index.php\/wp-json\/wp\/v2\/media\/19910"}],"wp:attachment":[{"href":"https:\/\/samantharadionline.com\/index.php\/wp-json\/wp\/v2\/media?parent=19909"}],"wp:term":[{"taxonomy":"category","embeddable":true,"href":"https:\/\/samantharadionline.com\/index.php\/wp-json\/wp\/v2\/categories?post=19909"},{"taxonomy":"post_tag","embeddable":true,"href":"https:\/\/samantharadionline.com\/index.php\/wp-json\/wp\/v2\/tags?post=19909"}],"curies":[{"name":"wp","href":"https:\/\/api.w.org\/{rel}","templated":true}]}}