{"id":19902,"date":"2025-09-29T09:13:09","date_gmt":"2025-09-29T13:13:09","guid":{"rendered":"https:\/\/samantharadionline.com\/?p=19902"},"modified":"2025-09-29T09:13:10","modified_gmt":"2025-09-29T13:13:10","slug":"anuncian-reconstruccion-del-mercado-hospedaje-yaque-y-construccion-del-mirador-del-yaque","status":"publish","type":"post","link":"https:\/\/samantharadionline.com\/index.php\/2025\/09\/29\/anuncian-reconstruccion-del-mercado-hospedaje-yaque-y-construccion-del-mirador-del-yaque\/","title":{"rendered":"Anuncian reconstrucci\u00f3n del mercado Hospedaje Yaque y construcci\u00f3n del \u00abMirador del Yaque\u00bb"},"content":{"rendered":"\n<p class=\"has-medium-font-size\"><em>El primer mandatario anunci\u00f3 que la obra tendr\u00e1 un costo de RD$658 millones de pesos, que ya fueron depositados al ayuntamiento de Santiago, quien tiene a cargo la ejecuci\u00f3n de la reconstrucci\u00f3n<\/em><\/p>\n\n\n\n<figure class=\"wp-block-image\"><img decoding=\"async\" src=\"https:\/\/listindiario.com\/files\/image_60_60\/uploads\/2023\/06\/26\/6499fbf12aa4f.jpeg\" alt=\"Avatar del Onelio Dom\u00ednguez\"\/><\/figure>\n\n\n\n<p><em>\u00a0<\/em>Onelio Dom\u00ednguez, <strong>Santiago, RD.\u00a0<\/strong><\/p>\n\n\n\n<p>El presidente&nbsp;<strong>Luis Abinader<\/strong>, anunci\u00f3 la reconstrucci\u00f3n del&nbsp;<strong>mercado Hospedaje Yaque<\/strong>, principal centro de abastos del Cibao, la construcci\u00f3n del proyecto Mirador del Yaque, conocida como Nueva York Chiquito y otros saneamientos.<\/p>\n\n\n\n<p>El primer mandatario anunci\u00f3 que la obra tendr\u00e1 un costo de RD$658 millones de pesos, que ya fueron depositados al ayuntamiento de Santiago, quien tiene a cargo la ejecuci\u00f3n de la reconstrucci\u00f3n. Seg\u00fan inform\u00f3 de esa suma, aproximadamente un 70 % ser\u00e1 destinado al&nbsp;<strong>Hospedaje Yaque<\/strong>&nbsp;y otra parte al saneamiento, incluyendo la ca\u00f1ada de Gurabo y el \u00e1rea conocida como&nbsp;<strong>\u201cNueva York Chiquito\u201d<\/strong>, que ser\u00e1 transformada en un parque.<\/p>\n\n\n\n<p>\u201cEs lo que le llaman aqu\u00ed el Nueva York chiquito, que se va a convertir tambi\u00e9n en un parque y vamos a desarrabalizar parte de esa \u00e1rea que est\u00e1 al lado del r\u00edo Yaque\u201d, expres\u00f3 el mandatario.<\/p>\n\n\n\n<p>El presidente subray\u00f3 que se trata de \u201cobras importantes, de una inversi\u00f3n media, pero que tienen un gran impacto en la comunidad de Santiago\u201d, e inform\u00f3 que los recursos para iniciar el proyecto ya est\u00e1n disponibles. No obstante, insisti\u00f3 en que el dise\u00f1o de la nueva infraestructura debe realizarse con la participaci\u00f3n de todos los sectores vinculados al comercio en el mercado.<\/p>\n\n\n\n<p>\u201cYo s\u00ed le pido a&nbsp;<strong>Ulises<\/strong>, le pido tambi\u00e9n a Hilda de Amapros\u00e1n y a todos los sectores que esto tiene que ser un dise\u00f1o de consenso y que tiene que haber una inclusi\u00f3n de los peque\u00f1os comerciantes y de los medianos y grandes comerciantes. Esa es una soluci\u00f3n que debe de incluirnos a todos\u201d, enfatiz\u00f3.<\/p>\n\n\n\n<p>Abinader adelant\u00f3 que, si la licitaci\u00f3n se realiza en el plazo previsto, los trabajos podr\u00edan estar concluidos entre finales de 2026 y el primer trimestre de 2027.<\/p>\n\n\n\n<p>\u201cRepito, esta era una promesa que era casi de la comunidad pol\u00edtica durante d\u00e9cadas; la venimos a cumplir aqu\u00ed y este anuncio, ya con los recursos depositados, lo que queremos es que haya un consenso de todo para que ese dise\u00f1o incluya a todos los comerciantes\u201d, manifest\u00f3.<\/p>\n\n\n\n<p>El alcalde del municipio de Santiago,&nbsp;<strong>Ulises Rodr\u00edguez<\/strong>, calific\u00f3 la visita del presidente como \u201chist\u00f3rica\u201d por la trascendencia de la obra, debido a que \u201cdurante muchos a\u00f1os hemos estado esperando que se le ponga atenci\u00f3n a este mercado, ya que aqu\u00ed se procesan y comercializan la mayor\u00eda de los alimentos que consumimos, lo que tiene un impacto directo en la salud y en la vida social de nuestra gente\u201d.<\/p>\n\n\n\n<p>Rodr\u00edguez revel\u00f3, adem\u00e1s, que los recursos para iniciar los trabajos ya fueron transferidos y destac\u00f3 el compromiso del Gobierno con el desarrollo de la ciudad.<\/p>\n\n\n\n<p>\u201cEsta obra era esperada por muchos a\u00f1os, porque este mercado estaba abandonado. Pero recuerden que el presidente Abinader se comprometi\u00f3 a poner la atenci\u00f3n en Santiago, a impulsar su desarrollo, y dijo que quer\u00eda una alcald\u00eda que trabajara de la mano con \u00e9l, y eso es lo que estamos haciendo hoy: trabajando juntos como un solo gobierno coordinado\u201d, indic\u00f3.<\/p>\n\n\n\n<p>El alcalde detall\u00f3 que el nuevo&nbsp;<strong>Hospedaje Yaque<\/strong>&nbsp;ser\u00e1 una construcci\u00f3n de tres niveles, dise\u00f1ada para garantizar inclusi\u00f3n, espacio y la participaci\u00f3n de todos los comerciantes que hacen vida en este importante centro de abastos.<\/p>\n\n\n\n<p>Con este proyecto, tanto el Gobierno central como la alcald\u00eda buscan no solo mejorar las condiciones del comercio en&nbsp;<strong>Santiago<\/strong>, sino tambi\u00e9n impulsar la econom\u00eda regional y ofrecer un espacio seguro, limpio y digno para vendedores y consumidores.<\/p>\n","protected":false},"excerpt":{"rendered":"<p>El primer mandatario anunci\u00f3 que la obra tendr\u00e1 un costo de RD$658 millones de pesos,<\/p>\n","protected":false},"author":1,"featured_media":19903,"comment_status":"open","ping_status":"open","sticky":false,"template":"","format":"standard","meta":{"footnotes":""},"categories":[12],"tags":[],"class_list":["post-19902","post","type-post","status-publish","format-standard","has-post-thumbnail","hentry","category-nacionales"],"_links":{"self":[{"href":"https:\/\/samantharadionline.com\/index.php\/wp-json\/wp\/v2\/posts\/19902","targetHints":{"allow":["GET"]}}],"collection":[{"href":"https:\/\/samantharadionline.com\/index.php\/wp-json\/wp\/v2\/posts"}],"about":[{"href":"https:\/\/samantharadionline.com\/index.php\/wp-json\/wp\/v2\/types\/post"}],"author":[{"embeddable":true,"href":"https:\/\/samantharadionline.com\/index.php\/wp-json\/wp\/v2\/users\/1"}],"replies":[{"embeddable":true,"href":"https:\/\/samantharadionline.com\/index.php\/wp-json\/wp\/v2\/comments?post=19902"}],"version-history":[{"count":1,"href":"https:\/\/samantharadionline.com\/index.php\/wp-json\/wp\/v2\/posts\/19902\/revisions"}],"predecessor-version":[{"id":19904,"href":"https:\/\/samantharadionline.com\/index.php\/wp-json\/wp\/v2\/posts\/19902\/revisions\/19904"}],"wp:featuredmedia":[{"embeddable":true,"href":"https:\/\/samantharadionline.com\/index.php\/wp-json\/wp\/v2\/media\/19903"}],"wp:attachment":[{"href":"https:\/\/samantharadionline.com\/index.php\/wp-json\/wp\/v2\/media?parent=19902"}],"wp:term":[{"taxonomy":"category","embeddable":true,"href":"https:\/\/samantharadionline.com\/index.php\/wp-json\/wp\/v2\/categories?post=19902"},{"taxonomy":"post_tag","embeddable":true,"href":"https:\/\/samantharadionline.com\/index.php\/wp-json\/wp\/v2\/tags?post=19902"}],"curies":[{"name":"wp","href":"https:\/\/api.w.org\/{rel}","templated":true}]}}