{"id":19883,"date":"2025-09-29T08:46:18","date_gmt":"2025-09-29T12:46:18","guid":{"rendered":"https:\/\/samantharadionline.com\/?p=19883"},"modified":"2025-09-29T08:46:19","modified_gmt":"2025-09-29T12:46:19","slug":"lo-que-dice-el-gobierno-sobre-reduccion-de-pobreza-son-cifras-manipuladas","status":"publish","type":"post","link":"https:\/\/samantharadionline.com\/index.php\/2025\/09\/29\/lo-que-dice-el-gobierno-sobre-reduccion-de-pobreza-son-cifras-manipuladas\/","title":{"rendered":"Lo que dice el Gobierno sobre reducci\u00f3n de pobreza son cifras manipuladas"},"content":{"rendered":"\n<p class=\"has-medium-font-size\"><em>El pasado mi\u00e9rcoles, el presidente Luis Abinader destac\u00f3 durante su alocuci\u00f3n en la octog\u00e9sima Asamblea de las Naciones Unidas (ONU) los avances que ha alcanzado el pa\u00eds en la reducci\u00f3n de la pobreza moderada, situ\u00e1ndola de \u201c25.8% en 2019 a 18.05% en el primer trimestre\u201d de este a\u00f1o<\/em><\/p>\n\n\n\n<figure class=\"wp-block-image\"><img decoding=\"async\" src=\"https:\/\/listindiario.com\/files\/image_60_60\/uploads\/2023\/05\/16\/64637a1e3ff38.jpeg\" alt=\"Avatar del \u00c1ngel Valdez\"\/><\/figure>\n\n\n\n<p><em>\u00a0<\/em>\u00c1ngel Valdez,<strong> Santo Domingo, RD.\u00a0<\/strong><\/p>\n\n\n\n<p>El pasado mi\u00e9rcoles,&nbsp;<strong>el presidente Luis Abinader<\/strong>&nbsp;destac\u00f3 durante su alocuci\u00f3n en la octog\u00e9sima Asamblea de las Naciones Unidas (ONU) los avances que ha alcanzado el pa\u00eds en la reducci\u00f3n de la pobreza moderada, situ\u00e1ndola de \u201c25.8% en 2019 a 18.05% en el primer trimestre\u201d de este a\u00f1o.<\/p>\n\n\n\n<p>Cuatro d\u00edas despu\u00e9s,&nbsp;<strong>el exmandatario Danilo Medina<\/strong>&nbsp;reacciona a los avances econ\u00f3micos expresados de manera constante por el Gobierno, asegurando que la poblaci\u00f3n no ha podido mantener las condiciones en las cuales viv\u00eda antes de Abinader ser escogido para asumir el Poder Ejecutivo en 2020.<\/p>\n\n\n\n<p>Medina dijo que las declaraciones de la gesti\u00f3n gubernamental dirigida por Abinader sobre la mejor\u00eda econ\u00f3mica de la ciudadan\u00eda registrada en los \u00faltimos cinco a\u00f1os solo son la muestra de&nbsp;<strong>\u201ccifras maquilladas y manipuladas\u201d<\/strong>.<\/p>\n\n\n\n<p>\u201cCuando nos fuimos del Gobierno, las personas que viv\u00edan en condici\u00f3n de clase media eran m\u00e1s que los que viv\u00edan en pobreza, pero esta nefasta obra de Gobierno los ha mandado de nuevo a vivir en la pobreza. Todo lo que dicen (de que) ha bajado la pobreza son cifras maquilladas y manipuladas\u201d, expres\u00f3 al encabezar una asamblea pol\u00edtica en la provincia Hato Mayor, como presidente del Partido de la Liberaci\u00f3n Dominicana (PLD), ante parte de la dirigencia pelede\u00edsta que asisti\u00f3 al encuentro.<\/p>\n\n\n\n<p>Para Medina, el \u00fanico gobierno que se dedic\u00f3 a reducir la pobreza en la Rep\u00fablica Dominicana fue el encabezado por el PLD, no obstante, emiti\u00f3 esta expresi\u00f3n sin especificar a cu\u00e1l de los dos se refer\u00eda, teniendo en cuenta que el presidente de la Fuerza del Pueblo (FP), Leonel Fern\u00e1ndez, result\u00f3 electo presidente en tres ocasiones a trav\u00e9s de la organizaci\u00f3n pol\u00edtica morada. &nbsp;<\/p>\n\n\n\n<p>El exgobernante est\u00e1 convencido de que&nbsp;<strong>el pa\u00eds tiene \u201cproblemas serios\u201d<\/strong>, ya que las condiciones materiales de la poblaci\u00f3n se han deteriorado, raz\u00f3n por la cual se encuentra&nbsp;<strong>\u201csumido en el abandono y la pobreza\u201d<\/strong>.<\/p>\n\n\n\n<p>Por \u00faltimo, Medina mencion\u00f3 diversas iniciativas edificadas por el PLD, detallando c\u00f3mo las autoridades, seg\u00fan asever\u00f3, no han podido mantener la calidad del servicio gubernamental ofrecido a los habitantes.<\/p>\n\n\n\n<h3 class=\"wp-block-heading\">911<\/h3>\n\n\n\n<p>\u201cEl (Sistema Nacional de Atenci\u00f3n a Emergencia) 911 era un servicio que a los 5 minutos de haberlo llamado hab\u00eda una motocicleta con param\u00e9dicos y a los 8 o 10 minutos iba la ambulancia para llevarlo dignamente a un hospital\u201d, indic\u00f3.<\/p>\n\n\n\n<p>Medina alega que sus mandatos, comprendidos desde el 2012, hasta el 2020, terminaron con \u201cel drama de ver a un pobre tirado en una cama de una camioneta que sufr\u00eda una enfermedad o una madre que estaba a punto de dar a luz\u201d.<\/p>\n\n\n\n<p><strong>\u201cEst\u00e1bamos transformando la vida de los dominicanos, (pero) desgraciadamente esas cosas se han perdido\u201d<\/strong>, afirm\u00f3.<\/p>\n\n\n\n<h3 class=\"wp-block-heading\">Energ\u00eda el\u00e9ctrica<\/h3>\n\n\n\n<p>Asimismo, asegura que durante sus a\u00f1os de gesti\u00f3n gubernamental desarrollaron, \u201cpr\u00e1cticamente\u201d, la electrificaci\u00f3n de las 32 provincias, dejando en el olvido las aver\u00edas e inestabilidades visualizadas en el sistema energ\u00e9tico.<\/p>\n\n\n\n<p>\u201cSin apagones&#8230; No lo ten\u00edamos y mucho mejor todav\u00eda: tarifa barata. Bajamos la energ\u00eda a niveles en que la gente nunca esper\u00f3\u201d, expres\u00f3.<\/p>\n\n\n\n<p>Estos se\u00f1alamientos del exgobernante ocurren d\u00edas despu\u00e9s de que diversas comunidades del pa\u00eds estuviesen siendo afectadas por una ola de apagones, provocando una serie de protestas para pedir la mejora de este servicio. Uno de estos casos sucedi\u00f3 en el municipio Bonao, el pasado 14 de agosto, donde residentes realizaron una marcha pac\u00edfica para manifestar su malestar.<\/p>\n\n\n\n<h3 class=\"wp-block-heading\">Medicamentos<\/h3>\n\n\n\n<p>El \u00faltimo caso que lament\u00f3 el expresidente Medina fue el&nbsp;<strong>Programa de Medicamentos de Alto Costo<\/strong>. &nbsp;<\/p>\n\n\n\n<p>\u201cEse no es un programa que se hizo al azar, ni fue creado antojadizamente, nosotros vivimos la experiencia de cientos de dominicanos que ten\u00edan en sus casas un (familiar) con una enfermedad catastr\u00f3fica. C\u00e1ncer, diabetes\u2026 todas esas enfermedades que requieren de medicamentos de altos costos, que no lo pueden pagar\u201d, dijo.<\/p>\n\n\n\n<p>Medina record\u00f3 que habilit\u00f3 este mecanismo en 2015 para evitar que este tipo de tr\u00e1gicos padecimientos puedan ser tratados, sin importar que las familias no dispongan del dinero necesario para solventar los excesivos gastos m\u00e9dicos.<\/p>\n\n\n\n<p>\u201cEn la campa\u00f1a promet\u00ed porque me di cuenta de que con (esas enfermedades llegaban a las familias) esa familia, si era pobre, sencillamente se mor\u00eda el paciente y arrastraba a su familia a la pobreza, oblig\u00e1ndola a vender sus bienes y a vivir en la miseria. Ese programa est\u00e1 ah\u00ed para proteger a las familias dominicanas, no puede ser que esos programas sean eliminados cuando este gobierno ha manejado m\u00e1s recursos que ning\u00fan gobierno en la historia de la Rep\u00fablica Dominicana\u201d, puntualiz\u00f3.<\/p>\n\n\n\n<h3 class=\"wp-block-heading\">Respuesta a denuncias como las de medina<\/h3>\n\n\n\n<p>Horas despu\u00e9s, la Direcci\u00f3n de Acceso a Medicamentos de Alto Costo (Damac) del Ministerio de Salud P\u00fablica y Asistencia Social (Mispas) alega que&nbsp;<strong>las denuncias realizadas en contra del programa de medicamentos se deben a \u201cintenciones pol\u00edticas y desinformaci\u00f3n\u201d<\/strong>, destacando el eficiente funcionamiento de los servicios en la actualidad.<\/p>\n\n\n\n<p>Seg\u00fan la nota de prensa, el presupuesto \u00abapenas\u00bb conten\u00eda en agosto de 2020 RD$2,786,696,976, destinados a unos 2,500 pacientes. \u201cEn contraste\u201d, para el presente a\u00f1o el presupuesto de la instituci\u00f3n asciende a RD$7,313,861,754, lo que permite cubrir a 7,400 pacientes, es decir, tres veces la cantidad atendida en 2020.<\/p>\n\n\n\n<p>\u201cTodos los pacientes activos, con tratamiento ya iniciado por enfermedades oncol\u00f3gicas y cualquier otra patolog\u00eda de las que son atendidas por esa direcci\u00f3n, tienen garantizado su tratamiento de por vida y que en sus almacenes reposa el tratamiento hasta el a\u00f1o 2026\u201d, indica el director gubernamental, doctor Carlos S\u00e1nchez, en la redacci\u00f3n publicada en los medios de comunicaci\u00f3n.<\/p>\n","protected":false},"excerpt":{"rendered":"<p>El pasado mi\u00e9rcoles, el presidente Luis Abinader destac\u00f3 durante su alocuci\u00f3n en la octog\u00e9sima Asamblea<\/p>\n","protected":false},"author":1,"featured_media":19884,"comment_status":"open","ping_status":"open","sticky":false,"template":"","format":"standard","meta":{"footnotes":""},"categories":[12],"tags":[],"class_list":["post-19883","post","type-post","status-publish","format-standard","has-post-thumbnail","hentry","category-nacionales"],"_links":{"self":[{"href":"https:\/\/samantharadionline.com\/index.php\/wp-json\/wp\/v2\/posts\/19883","targetHints":{"allow":["GET"]}}],"collection":[{"href":"https:\/\/samantharadionline.com\/index.php\/wp-json\/wp\/v2\/posts"}],"about":[{"href":"https:\/\/samantharadionline.com\/index.php\/wp-json\/wp\/v2\/types\/post"}],"author":[{"embeddable":true,"href":"https:\/\/samantharadionline.com\/index.php\/wp-json\/wp\/v2\/users\/1"}],"replies":[{"embeddable":true,"href":"https:\/\/samantharadionline.com\/index.php\/wp-json\/wp\/v2\/comments?post=19883"}],"version-history":[{"count":1,"href":"https:\/\/samantharadionline.com\/index.php\/wp-json\/wp\/v2\/posts\/19883\/revisions"}],"predecessor-version":[{"id":19885,"href":"https:\/\/samantharadionline.com\/index.php\/wp-json\/wp\/v2\/posts\/19883\/revisions\/19885"}],"wp:featuredmedia":[{"embeddable":true,"href":"https:\/\/samantharadionline.com\/index.php\/wp-json\/wp\/v2\/media\/19884"}],"wp:attachment":[{"href":"https:\/\/samantharadionline.com\/index.php\/wp-json\/wp\/v2\/media?parent=19883"}],"wp:term":[{"taxonomy":"category","embeddable":true,"href":"https:\/\/samantharadionline.com\/index.php\/wp-json\/wp\/v2\/categories?post=19883"},{"taxonomy":"post_tag","embeddable":true,"href":"https:\/\/samantharadionline.com\/index.php\/wp-json\/wp\/v2\/tags?post=19883"}],"curies":[{"name":"wp","href":"https:\/\/api.w.org\/{rel}","templated":true}]}}