{"id":19880,"date":"2025-09-29T08:43:08","date_gmt":"2025-09-29T12:43:08","guid":{"rendered":"https:\/\/samantharadionline.com\/?p=19880"},"modified":"2025-09-29T08:43:09","modified_gmt":"2025-09-29T12:43:09","slug":"grito-de-guerra-de-haiti-borra-de-un-plumazo-el-sueno-electoral","status":"publish","type":"post","link":"https:\/\/samantharadionline.com\/index.php\/2025\/09\/29\/grito-de-guerra-de-haiti-borra-de-un-plumazo-el-sueno-electoral\/","title":{"rendered":"Grito de guerra de Hait\u00ed borra de un plumazo el sue\u00f1o electoral"},"content":{"rendered":"\n<p>L.D., <strong>Guillermo P\u00e9rez<\/strong><\/p>\n\n\n\n<p>El an\u00e1lisis cr\u00edtico publicado en este medio el pasado 11 de agosto, bajo el t\u00edtulo \u00abNuevo l\u00edder del CPT afronta peligro de rebeli\u00f3n en Hait\u00ed\u00bb, ha pasado de ser una advertencia a un vaticinio escalofriante.<\/p>\n\n\n\n<p>En este, el peligro de colapso y guerra civil que se extra\u00eda de la realidad haitiana acaba de ser formalmente confirmado por la propia c\u00fapula de poder del pa\u00eds ante la comunidad internacional.<\/p>\n\n\n\n<figure class=\"wp-block-image\" id=\"m49915-49914-49916\"><img decoding=\"async\" src=\"https:\/\/listindiario.com\/files\/vertical_main_image\/uploads\/2025\/09\/28\/68d99b7cb839e.jpeg\" alt=\"La asunci\u00f3n del empresario Laurent Saint-Cyr a la presidencia rotativa del Consejo Presidencial de Transici\u00f3n (CPT) de Hait\u00ed,\"\/><figcaption class=\"wp-element-caption\">Laurent Saint-Cyr,&nbsp;titular de la presidencia rotativa del Consejo Presidencial de Transici\u00f3n (CPT) de Hait\u00ed.<\/figcaption><\/figure>\n\n\n\n<p>Apenas 45 d\u00edas despu\u00e9s de haber alertado sobre los \u00abescollos fundamentales\u00bb que compromet\u00edan la misi\u00f3n del Consejo Presidencial de Transici\u00f3n (CPT), su presidente rotativo, Laurent Saint-Cyr, se present\u00f3 el pasado jueves 25 de septiembre ante la Asamblea General de la ONU para declarar que Hait\u00ed es, oficialmente, \u00abun pa\u00eds en guerra\u00bb, un \u00abGuernica contempor\u00e1neo\u00bb.<\/p>\n\n\n\n<p>Para poner en contexto, Saint-Cyr aludi\u00f3 al bombardeo de Guernica de 1937, una de las tragedias m\u00e1s brutales de la Guerra Civil Espa\u00f1ola, donde la aviaci\u00f3n nazi y fascista destruy\u00f3 la ciudad vasca.&nbsp;<\/p>\n\n\n\n<p>Al trazar este paralelo, el l\u00edder del CPT equipar\u00f3 la devastaci\u00f3n actual causada por las bandas en Hait\u00ed con un conflicto armado total y una cat\u00e1strofe humanitaria.<\/p>\n\n\n\n<p>Con esta dram\u00e1tica y cruda declaraci\u00f3n, la m\u00e1xima autoridad de Hait\u00ed ha borrado de un plumazo la tenue esperanza de una transici\u00f3n ordenada el 7 de febrero de 2026 mediante elecciones presidenciales que, seg\u00fan el calendario previsto, deber\u00edan tener lugar el pr\u00f3ximo 15 de noviembre.<\/p>\n\n\n\n<p><strong>Atrapado en el dilema: Elecciones o muerte<\/strong><\/p>\n\n\n\n<p>La intervenci\u00f3n del presidente del CPT en la ONU pinta un panorama de crisis profunda que desaf\u00eda la base misma de cualquier proceso electoral y una transici\u00f3n pac\u00edfica.<\/p>\n\n\n\n<p>Los hechos presentados por Saint-Cyr demuestran, de manera irrefutable, que la meta electoral para este a\u00f1o es descartable.<\/p>\n\n\n\n<p>El CPT fue creado con una meta espec\u00edfica y vital: \u00abcrear las condiciones de seguridad y estabilidad\u00bb necesarias para celebrar elecciones libres y devolver a Hait\u00ed al orden constitucional.<\/p>\n\n\n\n<p>En nuestro an\u00e1lisis de agosto, se advirti\u00f3 que esta misi\u00f3n enfrentaba dos enemigos: la sombra de la corrupci\u00f3n sobre sus l\u00edderes y la \u00abdeclaraci\u00f3n de guerra\u00bb de las bandas, encabezadas por figuras como Jimmy Ch\u00e9rizier, alias \u00abBarbecue\u00bb.<\/p>\n\n\n\n<p>La principal conclusi\u00f3n de aquel enfoque era lapidaria: el fracaso en neutralizar el poder de las bandas significar\u00eda que la v\u00eda pol\u00edtica es un proyecto indefendible.<\/p>\n\n\n\n<p>La cruda realidad que Saint-Cyr describi\u00f3 en Nueva York es la prueba definitiva de que el poder de las bandas se ha impuesto por completo.<\/p>\n\n\n\n<p><strong>El descarte de la v\u00eda electoral<\/strong><\/p>\n\n\n\n<p>La declaraci\u00f3n de Saint-Cyr de que su pa\u00eds est\u00e1 \u00aben guerra\u00bb valida plenamente la tesis de que el poder criminal se ha consolidado como un poder paralelo que disputa el control total del territorio, llevando a Hait\u00ed al borde de una guerra civil.<\/p>\n\n\n\n<p><strong>Inviabilidad log\u00edstica y humanitaria<\/strong><\/p>\n\n\n\n<p>Los datos oficiales presentados por el CPT son catastr\u00f3ficos: m\u00e1s de un mill\u00f3n de personas en \u00abexilio interno\u00bb, barrios enteros desaparecidos y hospitales cerrados.&nbsp;<\/p>\n\n\n\n<p>Esta realidad confirma que la base log\u00edstica y humanitaria para organizar una votaci\u00f3n justa y segura ha sido pulverizada.<\/p>\n\n\n\n<p>Las elecciones son inviales cuando el gobierno no tiene el poder de movilizar a una poblaci\u00f3n aterrorizada y desplazada en casi la totalidad del territorio.<\/p>\n\n\n\n<p><strong>Se agota el tiempo para la paz<\/strong><\/p>\n\n\n\n<p>El enfoque period\u00edstico del 11 de agosto estableci\u00f3 que \u00abel tiempo es el enemigo\u00bb para equipar y entrenar a las fuerzas de seguridad.&nbsp;<\/p>\n\n\n\n<p>La autoridad haitiana lo corrobor\u00f3 al revelar que la Misi\u00f3n Multinacional de Seguridad (MMAS) est\u00e1 mal equipada, insuficientemente financiada y opera con apenas una fracci\u00f3n de la fuerza necesaria.<\/p>\n\n\n\n<p>La \u00fanica soluci\u00f3n que ve el CPT es una escalada militar de emergencia con m\u00e1s de 5,500 efectivos, pero este nivel de despliegue y pacificaci\u00f3n es inalcanzable en el plazo restante para las elecciones de noviembre (solo 48 d\u00edas a partir de este lunes, 29 de septiembre) y una transici\u00f3n de poder el 7 de febrero de 2026.<\/p>\n\n\n\n<p><strong>De las urnas al rescate militar<\/strong><\/p>\n\n\n\n<p>La crisis ha mutado de una inestabilidad cr\u00f3nica a un conflicto armado abierto que el CPT no puede ganar solo. Hoy, la carrera no es por una fecha electoral, sino por la supervivencia de Hait\u00ed.<\/p>\n\n\n\n<p>El llamado desesperado a que la comunidad internacional muestre la \u00abmisma determinaci\u00f3n que en la lucha contra el terrorismo\u00bb es la prueba de que la prioridad absoluta ha pasado de la gesti\u00f3n pol\u00edtica y electoral a la pacificaci\u00f3n y la estabilizaci\u00f3n militar.<\/p>\n\n\n\n<p>Si la asistencia internacional no logra revertir dr\u00e1sticamente la situaci\u00f3n y expulsar a las redes criminales que buscan \u00abdominar las econom\u00edas\u00bb de la regi\u00f3n, el fracaso del CPT es inevitable.<\/p>\n\n\n\n<p>Hait\u00ed corre el riesgo real de dejar de ser un Estado funcional, creando un \u00abagujero negro de inseguridad regional\u00bb en las puertas de Am\u00e9rica.<\/p>\n\n\n\n<p>El sue\u00f1o de una transici\u00f3n pac\u00edfica y democr\u00e1tica el 7 de febrero de 2026 se ha revelado como una peligrosa ilusi\u00f3n.<\/p>\n\n\n\n<p>La celebraci\u00f3n de elecciones bajo estas condiciones de guerra abierta ser\u00eda una farsa peligrosa y, por lo tanto, una opci\u00f3n no viable para una transici\u00f3n ordenada en Hait\u00ed.<\/p>\n\n\n\n<p>Esta conclusi\u00f3n ya no se basa en una opini\u00f3n period\u00edstica, sino en la evidencia dura y dram\u00e1tica proporcionada por las propias autoridades haitianas.<\/p>\n\n\n\n<p>De nuevo, esperemos por la fecha. Ya falta poco.<\/p>\n","protected":false},"excerpt":{"rendered":"<p>L.D., Guillermo P\u00e9rez El an\u00e1lisis cr\u00edtico publicado en este medio el pasado 11 de agosto,<\/p>\n","protected":false},"author":1,"featured_media":19881,"comment_status":"open","ping_status":"open","sticky":false,"template":"","format":"standard","meta":{"footnotes":""},"categories":[13],"tags":[],"class_list":["post-19880","post","type-post","status-publish","format-standard","has-post-thumbnail","hentry","category-opinion"],"_links":{"self":[{"href":"https:\/\/samantharadionline.com\/index.php\/wp-json\/wp\/v2\/posts\/19880","targetHints":{"allow":["GET"]}}],"collection":[{"href":"https:\/\/samantharadionline.com\/index.php\/wp-json\/wp\/v2\/posts"}],"about":[{"href":"https:\/\/samantharadionline.com\/index.php\/wp-json\/wp\/v2\/types\/post"}],"author":[{"embeddable":true,"href":"https:\/\/samantharadionline.com\/index.php\/wp-json\/wp\/v2\/users\/1"}],"replies":[{"embeddable":true,"href":"https:\/\/samantharadionline.com\/index.php\/wp-json\/wp\/v2\/comments?post=19880"}],"version-history":[{"count":1,"href":"https:\/\/samantharadionline.com\/index.php\/wp-json\/wp\/v2\/posts\/19880\/revisions"}],"predecessor-version":[{"id":19882,"href":"https:\/\/samantharadionline.com\/index.php\/wp-json\/wp\/v2\/posts\/19880\/revisions\/19882"}],"wp:featuredmedia":[{"embeddable":true,"href":"https:\/\/samantharadionline.com\/index.php\/wp-json\/wp\/v2\/media\/19881"}],"wp:attachment":[{"href":"https:\/\/samantharadionline.com\/index.php\/wp-json\/wp\/v2\/media?parent=19880"}],"wp:term":[{"taxonomy":"category","embeddable":true,"href":"https:\/\/samantharadionline.com\/index.php\/wp-json\/wp\/v2\/categories?post=19880"},{"taxonomy":"post_tag","embeddable":true,"href":"https:\/\/samantharadionline.com\/index.php\/wp-json\/wp\/v2\/tags?post=19880"}],"curies":[{"name":"wp","href":"https:\/\/api.w.org\/{rel}","templated":true}]}}