{"id":19877,"date":"2025-09-28T17:33:11","date_gmt":"2025-09-28T21:33:11","guid":{"rendered":"https:\/\/samantharadionline.com\/?p=19877"},"modified":"2025-09-28T17:33:12","modified_gmt":"2025-09-28T21:33:12","slug":"la-pantoja-se-muda-a-republica-dominicana-en-busca-de-estabilidad-economica","status":"publish","type":"post","link":"https:\/\/samantharadionline.com\/index.php\/2025\/09\/28\/la-pantoja-se-muda-a-republica-dominicana-en-busca-de-estabilidad-economica\/","title":{"rendered":"La Pantoja se muda a Rep\u00fablica Dominicana en busca de estabilidad econ\u00f3mica"},"content":{"rendered":"\n<p class=\"has-medium-font-size\"><em>La artista ya vaci\u00f3 su finca en Espa\u00f1a<\/em><\/p>\n\n\n\n<p>L.D., <strong>Rep\u00fablica Dominicana<\/strong><\/p>\n\n\n\n<p>La cantante espa\u00f1ola Isabel Pantoja ha vaciado la finca Cantora en Espa\u00f1a para comenzar su nueva vida en Rep\u00fablica Dominicana.<\/p>\n\n\n\n<p>De acuerdo a medios espa\u00f1oles,&nbsp; artista busca recuperar la estabilidad y la asfixia econ\u00f3mica lejos del hogar donde ha residido durante cuatro d\u00e9cadas.<\/p>\n\n\n\n<p>Nadie del entorno de la artista se ha pronunciado sobre la marcha de esta a&nbsp;<strong>Latinoam\u00e9rica<\/strong>, ni siquiera Anabel Pantoja, que es la \u00fanica persona medi\u00e1tica de la familia que mantiene el contacto y la relaci\u00f3n con ella despu\u00e9s de todas las pol\u00e9micas en las que se ha visto envuelta con sus hijos, public\u00f3 Europa Press.<\/p>\n\n\n\n<p><strong>\u201cCantora ya no es un lugar para vivir ni para mantener. Econ\u00f3micamente es insostenible. El nuevo centro de operaciones ser\u00e1 Rep\u00fablica Dominicana, desde donde intentar\u00e1 relanzar su carrera internacional\u201d<\/strong>, explic\u00f3 Antonio Rossi en Telecinco.<\/p>\n\n\n\n<p>Rep\u00fablica Dominicana se ha convertido en el destino elegido para vivir por celebridades espa\u00f1olas. Pantoja se muda al pa\u00eds, tal como han hecho Paz Vega, Diego El Cigala y Concha Buika.<\/p>\n","protected":false},"excerpt":{"rendered":"<p>La artista ya vaci\u00f3 su finca en Espa\u00f1a L.D., Rep\u00fablica Dominicana La cantante espa\u00f1ola Isabel<\/p>\n","protected":false},"author":1,"featured_media":19878,"comment_status":"open","ping_status":"open","sticky":false,"template":"","format":"standard","meta":{"footnotes":""},"categories":[11],"tags":[],"class_list":["post-19877","post","type-post","status-publish","format-standard","has-post-thumbnail","hentry","category-entretenimiento"],"_links":{"self":[{"href":"https:\/\/samantharadionline.com\/index.php\/wp-json\/wp\/v2\/posts\/19877","targetHints":{"allow":["GET"]}}],"collection":[{"href":"https:\/\/samantharadionline.com\/index.php\/wp-json\/wp\/v2\/posts"}],"about":[{"href":"https:\/\/samantharadionline.com\/index.php\/wp-json\/wp\/v2\/types\/post"}],"author":[{"embeddable":true,"href":"https:\/\/samantharadionline.com\/index.php\/wp-json\/wp\/v2\/users\/1"}],"replies":[{"embeddable":true,"href":"https:\/\/samantharadionline.com\/index.php\/wp-json\/wp\/v2\/comments?post=19877"}],"version-history":[{"count":1,"href":"https:\/\/samantharadionline.com\/index.php\/wp-json\/wp\/v2\/posts\/19877\/revisions"}],"predecessor-version":[{"id":19879,"href":"https:\/\/samantharadionline.com\/index.php\/wp-json\/wp\/v2\/posts\/19877\/revisions\/19879"}],"wp:featuredmedia":[{"embeddable":true,"href":"https:\/\/samantharadionline.com\/index.php\/wp-json\/wp\/v2\/media\/19878"}],"wp:attachment":[{"href":"https:\/\/samantharadionline.com\/index.php\/wp-json\/wp\/v2\/media?parent=19877"}],"wp:term":[{"taxonomy":"category","embeddable":true,"href":"https:\/\/samantharadionline.com\/index.php\/wp-json\/wp\/v2\/categories?post=19877"},{"taxonomy":"post_tag","embeddable":true,"href":"https:\/\/samantharadionline.com\/index.php\/wp-json\/wp\/v2\/tags?post=19877"}],"curies":[{"name":"wp","href":"https:\/\/api.w.org\/{rel}","templated":true}]}}