{"id":19651,"date":"2025-09-19T17:11:38","date_gmt":"2025-09-19T21:11:38","guid":{"rendered":"https:\/\/samantharadionline.com\/?p=19651"},"modified":"2025-09-19T17:11:39","modified_gmt":"2025-09-19T21:11:39","slug":"implicados-que-violaron-adolescente-en-los-tres-brazos-van-a-prision","status":"publish","type":"post","link":"https:\/\/samantharadionline.com\/index.php\/2025\/09\/19\/implicados-que-violaron-adolescente-en-los-tres-brazos-van-a-prision\/","title":{"rendered":"Implicados que violaron adolescente en Los Tres Brazos van  a prisi\u00f3n"},"content":{"rendered":"\n<p class=\"has-medium-font-size\"><em>La jueza Karen Casado Minyety dict\u00f3 la medida de coerci\u00f3n y orden\u00f3 su cumplimiento en el Centro de Correcci\u00f3n y Rehabilitaci\u00f3n (CCR) de San Pedro de Macor\u00eds<\/em><\/p>\n\n\n\n<p>R. L.D., <strong>Santo Domingo, RD<\/strong><\/p>\n\n\n\n<p>La Oficina Judicial de Servicios de Atenci\u00f3n Permanente de Santo Domingo Este impuso tres meses de&nbsp;<strong>prisi\u00f3n preventiva<\/strong>&nbsp;a cinco hombres vinculados con la&nbsp;<strong>violaci\u00f3n sexual<\/strong>&nbsp;grupal de una adolescente de 16 a\u00f1os de edad, en el sector de Los Tres Ojos.<\/p>\n\n\n\n<p>Los procesados&nbsp;<strong>Joel Morrobel Pe\u00f1a<\/strong>&nbsp;(Matat\u00e1n),&nbsp;<strong>Brailyn Cepeda Ram\u00edrez<\/strong>, (el Gago), Harolin Jos\u00e9 Mart\u00ednez (Arolin),&nbsp;<strong>Julio Jos\u00e9 Mateo<\/strong>&nbsp;y Omar Reyes V\u00e1squez son vinculados al hecho delictivo perpetrado contra la v\u00edctima menor de edad.<\/p>\n\n\n\n<p>El expediente, instrumentado por la fiscal investigadora Elizabeth Parra, indica que el d\u00eda 23 de agosto de 2025, mediante la denuncia marcada con el n\u00fam. 8841, se puso en conocimiento de lo sucedido al&nbsp;<strong>Ministerio P\u00fablico<\/strong>.<\/p>\n\n\n\n<p>Se\u00f1ala que el hecho ocurri\u00f3 luego de que la adolescente saliera de su casa a primeras horas del citado d\u00eda con destino al trabajo de su padre.<\/p>\n\n\n\n<p>El expediente detalla que, durante el trayecto, se encontr\u00f3 con una persona que le ofreci\u00f3 llevarla con su padre, sin embargo, la llev\u00f3 hasta donde estaban los ahora imputados, quienes, igualmente, le dijeron que la llevar\u00edan donde su padre, pero fue llevada a una casa desconocida en donde la violaron sexualmente.<\/p>\n\n\n\n<p>La jueza Karen Casado Minyety dict\u00f3 la medida de coerci\u00f3n y orden\u00f3 su cumplimiento en el Centro de Correcci\u00f3n y Rehabilitaci\u00f3n (CCR) de San Pedro de Macor\u00eds.<\/p>\n\n\n\n<p>El caso fue calificado provisionalmente de violaci\u00f3n a los art\u00edculos 331 y 354 del C\u00f3digo Penal dominicano, modificado por la&nbsp;<strong>Ley 24-97<\/strong>, sobre Violencia de G\u00e9nero e Intrafamiliar, y los art\u00edculos 12, 14, 16, 18 y 396 del C\u00f3digo para la Protecci\u00f3n y los Derechos Fundamentales de Ni\u00f1os, Ni\u00f1as y Adolescentes.<\/p>\n","protected":false},"excerpt":{"rendered":"<p>La jueza Karen Casado Minyety dict\u00f3 la medida de coerci\u00f3n y orden\u00f3 su cumplimiento en<\/p>\n","protected":false},"author":1,"featured_media":19652,"comment_status":"open","ping_status":"open","sticky":false,"template":"","format":"standard","meta":{"footnotes":""},"categories":[12],"tags":[],"class_list":["post-19651","post","type-post","status-publish","format-standard","has-post-thumbnail","hentry","category-nacionales"],"_links":{"self":[{"href":"https:\/\/samantharadionline.com\/index.php\/wp-json\/wp\/v2\/posts\/19651","targetHints":{"allow":["GET"]}}],"collection":[{"href":"https:\/\/samantharadionline.com\/index.php\/wp-json\/wp\/v2\/posts"}],"about":[{"href":"https:\/\/samantharadionline.com\/index.php\/wp-json\/wp\/v2\/types\/post"}],"author":[{"embeddable":true,"href":"https:\/\/samantharadionline.com\/index.php\/wp-json\/wp\/v2\/users\/1"}],"replies":[{"embeddable":true,"href":"https:\/\/samantharadionline.com\/index.php\/wp-json\/wp\/v2\/comments?post=19651"}],"version-history":[{"count":1,"href":"https:\/\/samantharadionline.com\/index.php\/wp-json\/wp\/v2\/posts\/19651\/revisions"}],"predecessor-version":[{"id":19653,"href":"https:\/\/samantharadionline.com\/index.php\/wp-json\/wp\/v2\/posts\/19651\/revisions\/19653"}],"wp:featuredmedia":[{"embeddable":true,"href":"https:\/\/samantharadionline.com\/index.php\/wp-json\/wp\/v2\/media\/19652"}],"wp:attachment":[{"href":"https:\/\/samantharadionline.com\/index.php\/wp-json\/wp\/v2\/media?parent=19651"}],"wp:term":[{"taxonomy":"category","embeddable":true,"href":"https:\/\/samantharadionline.com\/index.php\/wp-json\/wp\/v2\/categories?post=19651"},{"taxonomy":"post_tag","embeddable":true,"href":"https:\/\/samantharadionline.com\/index.php\/wp-json\/wp\/v2\/tags?post=19651"}],"curies":[{"name":"wp","href":"https:\/\/api.w.org\/{rel}","templated":true}]}}