{"id":19648,"date":"2025-09-19T16:09:35","date_gmt":"2025-09-19T20:09:35","guid":{"rendered":"https:\/\/samantharadionline.com\/?p=19648"},"modified":"2025-09-19T16:09:36","modified_gmt":"2025-09-19T20:09:36","slug":"francia-honra-a-rosa-hernandez-de-grullon-con-la-legion-de-honor-diplomacia-dominicana-en-su-maxima-expresion","status":"publish","type":"post","link":"https:\/\/samantharadionline.com\/index.php\/2025\/09\/19\/francia-honra-a-rosa-hernandez-de-grullon-con-la-legion-de-honor-diplomacia-dominicana-en-su-maxima-expresion\/","title":{"rendered":"Francia honra a Rosa Hern\u00e1ndez de Grull\u00f3n con la Legi\u00f3n de Honor: Diplomacia dominicana en su m\u00e1xima expresi\u00f3n"},"content":{"rendered":"\n<p class=\"has-medium-font-size\"><em>La embajadora dominicana recibe la m\u00e1s alta distinci\u00f3n francesa por su trayectoria ejemplar, sensibilidad humana y compromiso con el fortalecimiento de los lazos bilaterales<\/em><\/p>\n\n\n\n<p><strong>Santo Domingo, R.D.<\/strong><\/p>\n\n\n\n<p>En una ceremonia cargada de elegancia, gratitud y reconocimiento internacional, la Excelent\u00edsima se\u00f1ora <strong>Rosa Margarita Hern\u00e1ndez de Grull\u00f3n<\/strong>, embajadora de la Rep\u00fablica Dominicana ante el Reino Unido e Irlanda del Norte, fue condecorada con el t\u00edtulo de <strong>Comendador de la Orden Nacional de la Legi\u00f3n de Honor<\/strong>, la m\u00e1s alta distinci\u00f3n que otorga la Rep\u00fablica Francesa a personalidades extranjeras que han contribuido significativamente a la promoci\u00f3n de sus valores y al fortalecimiento de sus relaciones diplom\u00e1ticas.<\/p>\n\n\n\n<p>La condecoraci\u00f3n fue impuesta por la se\u00f1ora <strong>Sonia Barbry<\/strong>, Embajadora de Francia en la Rep\u00fablica Dominicana, en nombre del Presidente <strong>Emmanuel Macron<\/strong>, durante una emotiva ceremonia celebrada el <strong>18 de septiembre<\/strong> en la Residencia de Francia en Santo Domingo. El acto no solo exalt\u00f3 la trayectoria institucional de Hern\u00e1ndez de Grull\u00f3n, sino tambi\u00e9n su sensibilidad humana y su firme vocaci\u00f3n de servicio al bien com\u00fan.<\/p>\n\n\n\n<p><strong>Una diplomacia con rostro humano<\/strong><\/p>\n\n\n\n<p>Desde sus funciones como representante permanente ante la <strong>UNESCO<\/strong> en Par\u00eds, hasta su liderazgo al frente de la delegaci\u00f3n dominicana en Francia entre 2010 y 2025, la embajadora Hern\u00e1ndez de Grull\u00f3n ha sido una figura clave en el fortalecimiento de los v\u00ednculos bilaterales. Su gesti\u00f3n se ha caracterizado por una visi\u00f3n integral que abarca la <strong>promoci\u00f3n del arte y la cultura dominicana<\/strong>, el impulso a la <strong>cooperaci\u00f3n internacional<\/strong> y el respaldo a <strong>causas sociales<\/strong> con enfoque proactivo.<\/p>\n\n\n\n<p><strong>Impacto pol\u00edtico y econ\u00f3mico<\/strong><\/p>\n\n\n\n<p>En el plano pol\u00edtico, logr\u00f3 una cercan\u00eda estrat\u00e9gica con autoridades francesas, elevando el perfil internacional de la Rep\u00fablica Dominicana en organismos multilaterales como la UNESCO. En el \u00e1mbito econ\u00f3mico, facilit\u00f3 <strong>inversiones hist\u00f3ricas<\/strong>, promovi\u00f3 el <strong>intercambio comercial<\/strong> y posicion\u00f3 al pa\u00eds como un socio confiable en turismo y negocios, generando beneficios tangibles que proyectan un futuro prometedor.<\/p>\n\n\n\n<p><em>Samantha Radio Online<\/em> celebra este reconocimiento como un testimonio del poder transformador de la diplomacia dominicana cuando se ejerce con visi\u00f3n, sensibilidad y compromiso. Porque comunicar es servir, y servir con prop\u00f3sito es sembrar legado.<\/p>\n","protected":false},"excerpt":{"rendered":"<p>La embajadora dominicana recibe la m\u00e1s alta distinci\u00f3n francesa por su trayectoria ejemplar, sensibilidad humana<\/p>\n","protected":false},"author":1,"featured_media":19649,"comment_status":"open","ping_status":"open","sticky":false,"template":"","format":"standard","meta":{"footnotes":""},"categories":[12],"tags":[],"class_list":["post-19648","post","type-post","status-publish","format-standard","has-post-thumbnail","hentry","category-nacionales"],"_links":{"self":[{"href":"https:\/\/samantharadionline.com\/index.php\/wp-json\/wp\/v2\/posts\/19648","targetHints":{"allow":["GET"]}}],"collection":[{"href":"https:\/\/samantharadionline.com\/index.php\/wp-json\/wp\/v2\/posts"}],"about":[{"href":"https:\/\/samantharadionline.com\/index.php\/wp-json\/wp\/v2\/types\/post"}],"author":[{"embeddable":true,"href":"https:\/\/samantharadionline.com\/index.php\/wp-json\/wp\/v2\/users\/1"}],"replies":[{"embeddable":true,"href":"https:\/\/samantharadionline.com\/index.php\/wp-json\/wp\/v2\/comments?post=19648"}],"version-history":[{"count":1,"href":"https:\/\/samantharadionline.com\/index.php\/wp-json\/wp\/v2\/posts\/19648\/revisions"}],"predecessor-version":[{"id":19650,"href":"https:\/\/samantharadionline.com\/index.php\/wp-json\/wp\/v2\/posts\/19648\/revisions\/19650"}],"wp:featuredmedia":[{"embeddable":true,"href":"https:\/\/samantharadionline.com\/index.php\/wp-json\/wp\/v2\/media\/19649"}],"wp:attachment":[{"href":"https:\/\/samantharadionline.com\/index.php\/wp-json\/wp\/v2\/media?parent=19648"}],"wp:term":[{"taxonomy":"category","embeddable":true,"href":"https:\/\/samantharadionline.com\/index.php\/wp-json\/wp\/v2\/categories?post=19648"},{"taxonomy":"post_tag","embeddable":true,"href":"https:\/\/samantharadionline.com\/index.php\/wp-json\/wp\/v2\/tags?post=19648"}],"curies":[{"name":"wp","href":"https:\/\/api.w.org\/{rel}","templated":true}]}}