{"id":19633,"date":"2025-09-19T15:47:16","date_gmt":"2025-09-19T19:47:16","guid":{"rendered":"https:\/\/samantharadionline.com\/?p=19633"},"modified":"2025-09-19T15:47:17","modified_gmt":"2025-09-19T19:47:17","slug":"someten-a-alex-bueno-a-una-intervencion-quirurgica-menor-en-ee-uu","status":"publish","type":"post","link":"https:\/\/samantharadionline.com\/index.php\/2025\/09\/19\/someten-a-alex-bueno-a-una-intervencion-quirurgica-menor-en-ee-uu\/","title":{"rendered":"Someten a Alex Bueno a una intervenci\u00f3n quir\u00fargica menor en EE.UU."},"content":{"rendered":"\n<p class=\"has-medium-font-size\"><em>\u00abAcabo de recibir una peque\u00f1a cirug\u00eda y con Dios y la Virgen todo sali\u00f3 bien, as\u00ed que hay Alex para rato\u00bb, se escucha un audio en su propia voz en su Instagram, acompa\u00f1ado de un trozo de la canci\u00f3n \u00abC\u00f3mo no creer en Dios\u00bb<\/em><\/p>\n\n\n\n<p>L.D., <strong>Santo Domingo<\/strong><\/p>\n\n\n\n<p>El cantante<strong>&nbsp;Alex Bueno<\/strong>&nbsp;fue sometido a \u00abuna intervenci\u00f3n quir\u00fargica menor\u00bb en un hospital de Nueva York \u00abpara retirarle una peque\u00f1a lesi\u00f3n ubicada en la cabeza\u00bb.<\/p>\n\n\n\n<p>\u00abHola mis amigos, soy Alex Bueno y acabo de recibir una peque\u00f1a cirug\u00eda y con Dios y la Virgen todo sali\u00f3 bien, as\u00ed que hay Alex para rato\u00bb, se escucha un audio en su propia voz en su Instagram, acompa\u00f1ado de un trozo de la canci\u00f3n \u00abC\u00f3mo no creer en Dios\u00bb.<\/p>\n\n\n\n<p>En el post publicado este viernes se reitera que \u00abel procedimiento fue todo un \u00e9xito, gracias a Dios\u00bb y que&nbsp;\u00abel equipo m\u00e9dico que lo atiende se\u00f1al\u00f3 que este procedimiento era lo m\u00e1s recomendable como medida preventiva, con el fin de evitar posibles complicaciones a futuro\u00bb.<\/p>\n\n\n\n<p>Actualmente se encuentra en la ciudad de Nueva York, donde es atendido por un equipo de neur\u00f3logos, se indica.<\/p>\n\n\n\n<p>\u00ab<strong>El Mayimbito<\/strong>\u00ab, sostiene el comunicado, se encuentra \u00abde muy buen \u00e1nimo, alegre por su nominaci\u00f3n a los\u00a0<strong>Latin Grammy<\/strong>, deseoso de regresar a los escenarios, con una actitud positiva, pero comprometido con su pronta recuperaci\u00f3n, siguiendo al pie de la letra las recomendaciones m\u00e9dicas, entre ellas: varios d\u00edas de absoluto reposo y chequeos rutinarios\u00bb.<\/p>\n\n\n\n<p>El cantante dominicano fue dado de alta m\u00e9dica el domingo de un centro hospitalario de Santo Domingo tras mostrar una notable mejor\u00eda en su estado de salud relacionado a un \u00abbaj\u00f3n de az\u00facar\u00bb o&nbsp;<strong>hipoglucemia<\/strong>.<\/p>\n\n\n\n<p>El popular artista fue despachado de&nbsp;<strong>Cedimat&nbsp;<\/strong>luego de que los m\u00e9dicos controlaran sus&nbsp;<strong>niveles de az\u00facar en la sangre<\/strong>.<\/p>\n\n\n\n<p>Despu\u00e9s de recibir atenci\u00f3n m\u00e9dica en la capital dominicana, los doctores recomendaron que el int\u00e9rprete de \u00e9xitos como \u00ab<strong>Querida<\/strong>\u00ab, \u00abJard\u00edn prohibido\u00bb, \u00ab<strong>Colegiada<\/strong>\u00bb y \u00abQu\u00e9 cara m\u00e1s bonita\u00bb fuera trasladado a Estados Unidos, donde esta semana se someti\u00f3 a una serie de estudios m\u00e9dicos avanzados y la \u00abpeque\u00f1a cirug\u00eda\u00bb.<\/p>\n","protected":false},"excerpt":{"rendered":"<p>\u00abAcabo de recibir una peque\u00f1a cirug\u00eda y con Dios y la Virgen todo sali\u00f3 bien,<\/p>\n","protected":false},"author":1,"featured_media":19634,"comment_status":"open","ping_status":"open","sticky":false,"template":"","format":"standard","meta":{"footnotes":""},"categories":[11],"tags":[],"class_list":["post-19633","post","type-post","status-publish","format-standard","has-post-thumbnail","hentry","category-entretenimiento"],"_links":{"self":[{"href":"https:\/\/samantharadionline.com\/index.php\/wp-json\/wp\/v2\/posts\/19633","targetHints":{"allow":["GET"]}}],"collection":[{"href":"https:\/\/samantharadionline.com\/index.php\/wp-json\/wp\/v2\/posts"}],"about":[{"href":"https:\/\/samantharadionline.com\/index.php\/wp-json\/wp\/v2\/types\/post"}],"author":[{"embeddable":true,"href":"https:\/\/samantharadionline.com\/index.php\/wp-json\/wp\/v2\/users\/1"}],"replies":[{"embeddable":true,"href":"https:\/\/samantharadionline.com\/index.php\/wp-json\/wp\/v2\/comments?post=19633"}],"version-history":[{"count":1,"href":"https:\/\/samantharadionline.com\/index.php\/wp-json\/wp\/v2\/posts\/19633\/revisions"}],"predecessor-version":[{"id":19635,"href":"https:\/\/samantharadionline.com\/index.php\/wp-json\/wp\/v2\/posts\/19633\/revisions\/19635"}],"wp:featuredmedia":[{"embeddable":true,"href":"https:\/\/samantharadionline.com\/index.php\/wp-json\/wp\/v2\/media\/19634"}],"wp:attachment":[{"href":"https:\/\/samantharadionline.com\/index.php\/wp-json\/wp\/v2\/media?parent=19633"}],"wp:term":[{"taxonomy":"category","embeddable":true,"href":"https:\/\/samantharadionline.com\/index.php\/wp-json\/wp\/v2\/categories?post=19633"},{"taxonomy":"post_tag","embeddable":true,"href":"https:\/\/samantharadionline.com\/index.php\/wp-json\/wp\/v2\/tags?post=19633"}],"curies":[{"name":"wp","href":"https:\/\/api.w.org\/{rel}","templated":true}]}}