{"id":19629,"date":"2025-09-19T15:43:01","date_gmt":"2025-09-19T19:43:01","guid":{"rendered":"https:\/\/samantharadionline.com\/?p=19629"},"modified":"2025-09-19T15:43:02","modified_gmt":"2025-09-19T19:43:02","slug":"nueve-provincias-en-alerta-verde-por-onda-tropical","status":"publish","type":"post","link":"https:\/\/samantharadionline.com\/index.php\/2025\/09\/19\/nueve-provincias-en-alerta-verde-por-onda-tropical\/","title":{"rendered":"Nueve provincias en alerta verde por onda tropical"},"content":{"rendered":"\n<p class=\"has-medium-font-size\"><em>El organismo recomend\u00f3 a las personas abstenerse a cruzar r\u00edos, arroyos y ca\u00f1adas<\/em><\/p>\n\n\n\n<p><em>\u00a0<\/em>R. L. D.,<strong> Santo Domingo, RD<\/strong><\/p>\n\n\n\n<p>El&nbsp;<strong>Centro de Operaciones de Emergencias<\/strong>&nbsp;(<strong>COE<\/strong>) coloc\u00f3 este viernes nueve provincias en alerta verde por la incidencia de una&nbsp;<strong>onda tropical<\/strong>&nbsp;y la inestabilidad de una&nbsp;<strong>vaguada&nbsp;<\/strong>en territorio dominicano.<\/p>\n\n\n\n<p>El organismo inform\u00f3 que en la actualidad \u201cocurren chubascos dispersos,&nbsp;<strong>tormentas el\u00e9ctricas&nbsp;<\/strong>aisladas y r\u00e1fagas de viento\u201d, debido a la humedad que ha dejado la onda tropical.<\/p>\n\n\n\n<p>A trav\u00e9s de sus redes sociales, el COE recomend\u00f3 a las personas abstenerse a cruzar r\u00edos, arroyos y ca\u00f1adas que presenten altos vol\u00famenes de agua en las provincias bajo<strong>&nbsp;alerta verde<\/strong>:&nbsp;La Altagracia, El Seibo, Azua, La Vega, Hato Mayor, San Jos\u00e9 de Ocoa, El\u00edas Pi\u00f1a, Dajab\u00f3n y Pedernales.<\/p>\n\n\n\n<p>\u201cDesde tempranas horas de la ma\u00f1ana se registraron aguaceros y tronadas ocasionales en localidades pr\u00f3ximas al litoral costero caribe\u00f1o y el noreste del pa\u00eds\u201d, inform\u00f3 m\u00e1s temprano el&nbsp;<strong>Instituto Dominicana de Meteorolog\u00eda<\/strong>&nbsp;(<strong>Indomet<\/strong>).<\/p>\n\n\n\n<p>Indomet indic\u00f3 que en la tarde y noche de este viernes se prev\u00e9n importantes desarrollos nubosos que generar\u00e1n aguaceros moderados y fuertes, acompa\u00f1ados de tormentas el\u00e9ctricas y r\u00e1fagas de viento en localidades de las provincias bajo alerta.<\/p>\n","protected":false},"excerpt":{"rendered":"<p>El organismo recomend\u00f3 a las personas abstenerse a cruzar r\u00edos, arroyos y ca\u00f1adas \u00a0R. L.<\/p>\n","protected":false},"author":1,"featured_media":19630,"comment_status":"open","ping_status":"open","sticky":false,"template":"","format":"standard","meta":{"footnotes":""},"categories":[12],"tags":[],"class_list":["post-19629","post","type-post","status-publish","format-standard","has-post-thumbnail","hentry","category-nacionales"],"_links":{"self":[{"href":"https:\/\/samantharadionline.com\/index.php\/wp-json\/wp\/v2\/posts\/19629","targetHints":{"allow":["GET"]}}],"collection":[{"href":"https:\/\/samantharadionline.com\/index.php\/wp-json\/wp\/v2\/posts"}],"about":[{"href":"https:\/\/samantharadionline.com\/index.php\/wp-json\/wp\/v2\/types\/post"}],"author":[{"embeddable":true,"href":"https:\/\/samantharadionline.com\/index.php\/wp-json\/wp\/v2\/users\/1"}],"replies":[{"embeddable":true,"href":"https:\/\/samantharadionline.com\/index.php\/wp-json\/wp\/v2\/comments?post=19629"}],"version-history":[{"count":1,"href":"https:\/\/samantharadionline.com\/index.php\/wp-json\/wp\/v2\/posts\/19629\/revisions"}],"predecessor-version":[{"id":19631,"href":"https:\/\/samantharadionline.com\/index.php\/wp-json\/wp\/v2\/posts\/19629\/revisions\/19631"}],"wp:featuredmedia":[{"embeddable":true,"href":"https:\/\/samantharadionline.com\/index.php\/wp-json\/wp\/v2\/media\/19630"}],"wp:attachment":[{"href":"https:\/\/samantharadionline.com\/index.php\/wp-json\/wp\/v2\/media?parent=19629"}],"wp:term":[{"taxonomy":"category","embeddable":true,"href":"https:\/\/samantharadionline.com\/index.php\/wp-json\/wp\/v2\/categories?post=19629"},{"taxonomy":"post_tag","embeddable":true,"href":"https:\/\/samantharadionline.com\/index.php\/wp-json\/wp\/v2\/tags?post=19629"}],"curies":[{"name":"wp","href":"https:\/\/api.w.org\/{rel}","templated":true}]}}