{"id":19621,"date":"2025-09-19T09:31:24","date_gmt":"2025-09-19T13:31:24","guid":{"rendered":"https:\/\/samantharadionline.com\/?p=19621"},"modified":"2025-09-19T09:31:25","modified_gmt":"2025-09-19T13:31:25","slug":"oficinas-de-protecom-para-reclamar-elevada-facturacion-de-electricidad-no-existe-en-tres-provincias","status":"publish","type":"post","link":"https:\/\/samantharadionline.com\/index.php\/2025\/09\/19\/oficinas-de-protecom-para-reclamar-elevada-facturacion-de-electricidad-no-existe-en-tres-provincias\/","title":{"rendered":"Oficinas de Protecom para reclamar elevada facturaci\u00f3n de electricidad no existe en tres provincias"},"content":{"rendered":"\n<p class=\"has-medium-font-size\"><em>Usuarios de Monte Cristi, Dajab\u00f3n y Santiago Rodr\u00edguez se quejan por carecer de un lugar donde se pueda reclamar contra las distribuidoras<\/em><\/p>\n\n\n\n<p>Goidy Reyes, <strong>DAJAB\u00d3N, RD<\/strong><\/p>\n\n\n\n<p>Pese a las quedas de miles de usuarios por las alzas en la facturaci\u00f3n del&nbsp;<strong>servicio de electricidad<\/strong>, las provincias Monte Cristi, Dajab\u00f3n y Santiago Rodr\u00edguez no cuentan con oficinas de Protecci\u00f3n al Consumidor de Electricidad (<strong>Protecom<\/strong>) donde los consumidores presenten quejas en contra de la empresa Distribuidora de Electricidad del Norte (<strong>Edenorte<\/strong>).<\/p>\n\n\n\n<p>El se\u00f1or Jos\u00e9 Luis P\u00e9rez dijo que no tienen donde reclamar y que este mes la luz le lleg\u00f3 elevada, por lo que exige una oficina de Protecom donde se pueda hacer un reclamo.<\/p>\n\n\n\n<p>Jos\u00e9 Natanael Liriano, otro usuario, declar\u00f3 que se debe instalar una oficina de Protecom para poder reclamar, ya que en varias ocasiones se han dirigido a Valverde para hacer su reclamo, porque en esa provincia si hay una oficina de Protecom.<\/p>\n\n\n\n<p>\u201cPor eso es que las gentes de Dajab\u00f3n no van a Protecom porque si la luz les llega de tres mil pesos van a gastar m\u00e1s de 3,000 para ir a Protecom en Mao, entonces es muy inc\u00f3modo cerrar tu negocio, dejar de ganar dinero para salir para otra ciudad\u201d, dijo Liriano, quien en d\u00edas pasados fue detenido luego de alterarse cuando fue a la oficina de Edenorte en Dajab\u00f3n para reclamar por un alza en la facturaci\u00f3n.<\/p>\n\n\n\n<p>El se\u00f1or H\u00e9ctor Valerio dijo que los ciudadanos en Dajab\u00f3n no tienen donde ir a reclamar cuando llegan los recibos de luz alterados, por lo que hizo un llamado al Estado dominicano para que permita a los consumidores ir a quejarse.<\/p>\n\n\n\n<p>\u201cYo pago 1,500 pesos porque aqu\u00ed nada m\u00e1s vivimos en una sola habitaci\u00f3n porque la casa no se ha terminado, entonces si yo pago 1,500 y luego me tiran un recibo de 22,900 pesos es un abuso, entonces hago un llamado, que yo ni vengo droga, ni robo, ni atraco yo lo que trabajo es construcci\u00f3n\u00bb, dijo Valerio, enojado por el alza de la facturaci\u00f3n del&nbsp;<strong>servicio el\u00e9ctrico<\/strong>.<\/p>\n\n\n\n<p>Miles de habitantes de escasos recursos de las provincias Monte Cristi, Dajab\u00f3n y Santiago Rodr\u00edguez no pueden aprovechar todos los servicios que ofrece Protecom, por lo que exigen oficinas de esa entidad, ya que en su mayor\u00eda desconf\u00edan del sistema de reclamo de Edenorte.<\/p>\n","protected":false},"excerpt":{"rendered":"<p>Usuarios de Monte Cristi, Dajab\u00f3n y Santiago Rodr\u00edguez se quejan por carecer de un lugar<\/p>\n","protected":false},"author":1,"featured_media":19622,"comment_status":"open","ping_status":"open","sticky":false,"template":"","format":"standard","meta":{"footnotes":""},"categories":[10],"tags":[],"class_list":["post-19621","post","type-post","status-publish","format-standard","has-post-thumbnail","hentry","category-economica"],"_links":{"self":[{"href":"https:\/\/samantharadionline.com\/index.php\/wp-json\/wp\/v2\/posts\/19621","targetHints":{"allow":["GET"]}}],"collection":[{"href":"https:\/\/samantharadionline.com\/index.php\/wp-json\/wp\/v2\/posts"}],"about":[{"href":"https:\/\/samantharadionline.com\/index.php\/wp-json\/wp\/v2\/types\/post"}],"author":[{"embeddable":true,"href":"https:\/\/samantharadionline.com\/index.php\/wp-json\/wp\/v2\/users\/1"}],"replies":[{"embeddable":true,"href":"https:\/\/samantharadionline.com\/index.php\/wp-json\/wp\/v2\/comments?post=19621"}],"version-history":[{"count":1,"href":"https:\/\/samantharadionline.com\/index.php\/wp-json\/wp\/v2\/posts\/19621\/revisions"}],"predecessor-version":[{"id":19623,"href":"https:\/\/samantharadionline.com\/index.php\/wp-json\/wp\/v2\/posts\/19621\/revisions\/19623"}],"wp:featuredmedia":[{"embeddable":true,"href":"https:\/\/samantharadionline.com\/index.php\/wp-json\/wp\/v2\/media\/19622"}],"wp:attachment":[{"href":"https:\/\/samantharadionline.com\/index.php\/wp-json\/wp\/v2\/media?parent=19621"}],"wp:term":[{"taxonomy":"category","embeddable":true,"href":"https:\/\/samantharadionline.com\/index.php\/wp-json\/wp\/v2\/categories?post=19621"},{"taxonomy":"post_tag","embeddable":true,"href":"https:\/\/samantharadionline.com\/index.php\/wp-json\/wp\/v2\/tags?post=19621"}],"curies":[{"name":"wp","href":"https:\/\/api.w.org\/{rel}","templated":true}]}}