{"id":19618,"date":"2025-09-19T09:23:55","date_gmt":"2025-09-19T13:23:55","guid":{"rendered":"https:\/\/samantharadionline.com\/?p=19618"},"modified":"2025-09-19T09:23:56","modified_gmt":"2025-09-19T13:23:56","slug":"brea-frank-tokischa-caro-brito-y-alberto-vargas-provocan-incomodidades-en-pueblos-dominicanos","status":"publish","type":"post","link":"https:\/\/samantharadionline.com\/index.php\/2025\/09\/19\/brea-frank-tokischa-caro-brito-y-alberto-vargas-provocan-incomodidades-en-pueblos-dominicanos\/","title":{"rendered":"Brea Frank, Tokischa, Caro Brito y Alberto Vargas provocan incomodidades en pueblos dominicanos"},"content":{"rendered":"\n<p class=\"has-medium-font-size\"><em>Han confrontado situaciones en San Pedro de Macor\u00eds, Montecristi, Jarabacoa y Santiago de los Caballeros, donde sus pronunciamientos sobre temas particulares han provocado diversas reacciones<\/em><\/p>\n\n\n\n<figure class=\"wp-block-image\"><img decoding=\"async\" src=\"https:\/\/listindiario.com\/files\/image_60_60\/uploads\/2025\/01\/21\/678fb9bbee568.png\" alt=\"Avatar del Yeil\u00edn Pe\u00f1a\"\/><\/figure>\n\n\n\n<p><em>\u00a0<\/em>Yeil\u00edn Pe\u00f1a, <strong>Santo Domingo<\/strong><\/p>\n\n\n\n<p>En m\u00e1s de una ocasi\u00f3n, figuras del entretenimiento y la vida p\u00fablica han protagonizado inconformidades sobre las condiciones y el desarrollo de los pueblos.<\/p>\n\n\n\n<p><strong>Brea Frank<\/strong>,&nbsp;<strong>Tokischa<\/strong>,&nbsp;<strong>Caro Brito<\/strong>&nbsp;y<strong>&nbsp;Alberto Vargas<\/strong>&nbsp;han confrontado situaciones en San Pedro de Macor\u00eds, Montecristi, Jarabacoa y Santiago de los Caballeros, donde sus pronunciamientos sobre temas particulares han provocado diversas reacciones.<\/p>\n\n\n\n<p>El caso m\u00e1s reciente es del comunicador Brea Frank, quien manifest\u00f3 su indignaci\u00f3n al enterarse de que San Pedro de Macor\u00eds contar\u00e1 con un cine antes que San Crist\u00f3bal, lugar del que es oriundo.<\/p>\n\n\n\n<p>\u201cEn San Crist\u00f3bal hay m\u00e1s cuarto (dinero) que en San Pedro y no es posible que vayan a construir un cine primero que en San Crist\u00f3bal\u201d, expres\u00f3.<\/p>\n\n\n\n<p>Las<strong>&nbsp;expresiones de Brea Frank no cayeron del todo bien&nbsp;<\/strong>en muchos ciudadanos de San Pedro, que se sintieron que la comparaci\u00f3n no es justa y lo sintieron como un menosprecio.<\/p>\n\n\n\n<p>El comunicador Maicol Nova sali\u00f3 al frente para responder a este comentario: \u201cEstoy de acuerdo con \u00e9l en cuanto a que san Crist\u00f3bal merece un cine\u201d.<\/p>\n\n\n\n<p>Sin embargo, le record\u00f3 las bondades de su tierra natal: \u201cEs una ciudad muy trabajadora, tenemos ingenios, universidades, Cemex, C\u00e9sar Iglesias, un equipo de pelota invernal, turismo, productores de energ\u00eda, siembra y ganader\u00eda\u201d.<\/p>\n\n\n\n<p>Nova destac\u00f3 que uno de los mayores orgullos de los petromacorisanos es el talento beisbolero.<\/p>\n\n\n\n<p>\u201cEs la ciudad del mundo que m\u00e1s peloteros le han firmado en Grandes Ligas\u201d, puntualiz\u00f3. Entre ellos mencion\u00f3 a Robinson Can\u00f3, Fernando Tatis, Alfonso Soriano y Sammy Sosa.<\/p>\n\n\n\n<figure class=\"wp-block-image\" id=\"m78933-78932-78934\"><img decoding=\"async\" src=\"https:\/\/listindiario.com\/files\/composite_image\/uploads\/2020\/10\/13\/6431814593efc.jpeg\" alt=\"Brea Frank forma parte de \u201cSal y Pimienta\u201d.\"\/><figcaption class=\"wp-element-caption\">Brea Frank<\/figcaption><\/figure>\n\n\n\n<p>Nova invit\u00f3 a Frank a visitar San Pedropara palpar de cerca sus virtudes y que se disculpe p\u00fablicamente en el nuevo malec\u00f3n.&nbsp;<\/p>\n\n\n\n<p>Esta semana, Caribbean Cinemas anunci\u00f3 que iniciar\u00e1 operaciones en San Pedro de Macor\u00eds y contar\u00e1 con seis salas equipadas con tecnolog\u00eda de \u00faltima generaci\u00f3n, dise\u00f1adas para ofrecer una experiencia audiovisual de la m\u00e1s alta calidad.<\/p>\n\n\n\n<p>Las instalaciones estar\u00e1n ubicadas en Interplaza San Pedro de Macor\u00eds, y abrir\u00e1 sus puertas en 2026.<\/p>\n\n\n\n<figure class=\"wp-block-image\" id=\"m78945-78944-78946\"><img decoding=\"async\" src=\"https:\/\/listindiario.com\/files\/vertical_main_image\/uploads\/2024\/04\/01\/660b3ae25d443.jpeg\" alt=\"Caro Brito\"\/><figcaption class=\"wp-element-caption\">Caro BritoCortes\u00eda<\/figcaption><\/figure>\n\n\n\n<h3 class=\"wp-block-heading\">EN MONTECRISTI<\/h3>\n\n\n\n<p>El 19 de abril de 2023, en medio de una rueda de prensa en Montecristi, la presentadora colombiana&nbsp;<strong>Caro Brito recibi\u00f3 insultos del p\u00fablico<\/strong>, que no perdon\u00f3 las expresiones despectivas que hab\u00eda hecho sobre el lugar d\u00edas atr\u00e1s.<\/p>\n\n\n\n<p>Todo empez\u00f3 cuando en una transmisi\u00f3n del programa radial \u201cLa M\u00e1xima Radio Show\u201d, Brito explic\u00f3 que no sali\u00f3 en Semana Santa porque ella y su pareja decidieron quedarse en casa, debido a que salir les implicaba \u201cm\u00ednimo 10 mil d\u00f3lares\u201d.<\/p>\n\n\n\n<p>Las declaraciones encendieron las redes y la atenci\u00f3n p\u00fablica cuando otra comunicadora, Vitaly S\u00e1nchez, coment\u00f3 que hab\u00eda ido a Montecristi sin gastar tanto y le cuestion\u00f3 en tono sarc\u00e1stico: \u201c\u00bfQu\u00e9 salida es que ustedes hacen?\u201d. Ante esto, Brito respondi\u00f3 de forma ofensiva.<\/p>\n\n\n\n<p>\u201cQue pena que te humille de esta manera, pero t\u00fa nunca has alquilado una villa mi reina en Casa de Campo en Semana Santa y yo no me voy para un campo como Montecristi, porque ni soy de Montecristi ni tampoco voy a rastrer\u00eda\u201d.<\/p>\n\n\n\n<p>La frase fue suficiente para la reacci\u00f3n del pueblo de Montecristi. Los ciudadanos propusieron declararla \u201cno grata\u201d de recibir en la provincia.<\/p>\n\n\n\n<figure class=\"wp-block-image\" id=\"m78957-78956-78958\"><img decoding=\"async\" src=\"https:\/\/listindiario.com\/files\/vertical_main_image\/uploads\/2021\/08\/05\/64325b135b7c9.jpeg\" alt=\"Tokischa se hizo fotos con poca ropa o provocativa frente a un altar de la Virgen en Jarabacoa.\"\/><figcaption class=\"wp-element-caption\">Tokischa se hizo fotos con poca ropa o provocativa frente a un altar de la Virgen en Jarabacoa.<\/figcaption><\/figure>\n\n\n\n<h3 class=\"wp-block-heading\">CASO TOKISCHA<\/h3>\n\n\n\n<p>En 2021, la exponente urbana<strong>\u00a0Tokischa gener\u00f3 un esc\u00e1ndalo nacional tras posar semidesnuda\u00a0<\/strong>en el Santuario de la Virgen de la Altagracia, ubicado en Jarabacoa, provincia La Vega. Las im\u00e1genes, en las que pos\u00f3 simulando<strong>\u00a0actitudes sexuales<\/strong>, desataron el enojo de las autoridades locales y de gran parte de la comunidad cat\u00f3lica.<\/p>\n\n\n\n<p>El Ayuntamiento Municipal de Jarabacoa reaccion\u00f3 y, a trav\u00e9s de un comunicado, rechaz\u00f3 la conducta de la int\u00e9rprete. En el texto, calificaron a Tokischa como \u201c<strong>irreverente&nbsp;<\/strong>e&nbsp;<strong>irrespetuosa<\/strong>\u201d. La declaraci\u00f3n oficial no se limit\u00f3 a un simple se\u00f1alamiento: el cabildo tild\u00f3 de \u201c<strong>repudiable<\/strong>\u201d su accionar y advirti\u00f3 que \u201cno ser\u00e1 pasado por alto por nuestro pueblo\u201d.<\/p>\n\n\n\n<p>Adem\u00e1s, lamentaron que la cantante haya tenido que recurrir a lo que consideraron una \u201ctan despreciable actuaci\u00f3n para ganar notoriedad\u201d.<\/p>\n\n\n\n<p>\u201cEstamos seguros de que nuestros j\u00f3venes talentos del arte no imitar\u00e1n tan errada actitud\u201d, concluy\u00f3 el comunicado.<\/p>\n\n\n\n<figure class=\"wp-block-image\" id=\"m78969-78968-78970\"><img decoding=\"async\" src=\"https:\/\/listindiario.com\/files\/vertical_main_image\/uploads\/2024\/03\/26\/66031e6546498.jpeg\" alt=\"Alberto Vargas queda fuera del programa radial &quot;Ritmo de la Ma\u00f1ana&quot;.\"\/><figcaption class=\"wp-element-caption\">Alberto Vargas es la cabeza del programa radial \u00abRitmo de la Ma\u00f1ana\u00bb.Foto: Instagram<\/figcaption><\/figure>\n\n\n\n<h3 class=\"wp-block-heading\">ALBERTO VARGAS EN SANTIago<\/h3>\n\n\n\n<p>En 2021, Santiago de los Caballeros fue objeto de una pol\u00e9mica provocada por los comunicadores Alberto Vargas y Wilson Sued.<\/p>\n\n\n\n<p>Vargas, en su programa radial \u201cEl ritmo de la ma\u00f1ana\u201d mencion\u00f3 ciertas cualidades que, a su criterio, eran caracter\u00edsticas de los nacidos en Santiago.<\/p>\n\n\n\n<p>Sus expresiones no pasaron desapercibidas y provocaron la molestia de Sued, oriundo de esa ciudad.<\/p>\n\n\n\n<p>El santiaguero us\u00f3 su cuenta de Instagram para responder, publicando una imagen con las fotograf\u00edas de Alberto Vargas y otros integrantes del programa, como Peter V\u00e1squez, Adriana G\u00f3mez y Eduardo Santos.<\/p>\n\n\n\n<p>Sued pidi\u00f3 a sus seguidores del Cibao tratar a esos comunicadores \u201ccon estilo\u201d, mostrando su enfado. \u201cHay que tener tacto y ser un poco m\u00e1s inteligente\u201d, escribi\u00f3 Wilson Sued en respuesta a los comentarios que hizo Alberto Vargas en el programa.<\/p>\n\n\n\n<p>El comunicador santiaguero advirti\u00f3 a sus seguidores que, si en alg\u00fan momento se encontraban con los integrantes del espacio radial en su ciudad o en cualquier punto del Cibao, deb\u00edan recordar lo que ellos pensaban de ese territorio.<\/p>\n\n\n\n<p>Seg\u00fan explic\u00f3, no solo se trataba de Vargas, sino tambi\u00e9n de sus compa\u00f1eros del elenco.<\/p>\n\n\n\n<p>\u201cYa ustedes saben lo que piensan de ustedes y este territorio. As\u00ed mismo me lo tratan por fa. Ah, y con estilo como sabemos\u201d, concluy\u00f3 Sued.<\/p>\n","protected":false},"excerpt":{"rendered":"<p>Han confrontado situaciones en San Pedro de Macor\u00eds, Montecristi, Jarabacoa y Santiago de los Caballeros,<\/p>\n","protected":false},"author":1,"featured_media":19619,"comment_status":"open","ping_status":"open","sticky":false,"template":"","format":"standard","meta":{"footnotes":""},"categories":[11],"tags":[],"class_list":["post-19618","post","type-post","status-publish","format-standard","has-post-thumbnail","hentry","category-entretenimiento"],"_links":{"self":[{"href":"https:\/\/samantharadionline.com\/index.php\/wp-json\/wp\/v2\/posts\/19618","targetHints":{"allow":["GET"]}}],"collection":[{"href":"https:\/\/samantharadionline.com\/index.php\/wp-json\/wp\/v2\/posts"}],"about":[{"href":"https:\/\/samantharadionline.com\/index.php\/wp-json\/wp\/v2\/types\/post"}],"author":[{"embeddable":true,"href":"https:\/\/samantharadionline.com\/index.php\/wp-json\/wp\/v2\/users\/1"}],"replies":[{"embeddable":true,"href":"https:\/\/samantharadionline.com\/index.php\/wp-json\/wp\/v2\/comments?post=19618"}],"version-history":[{"count":1,"href":"https:\/\/samantharadionline.com\/index.php\/wp-json\/wp\/v2\/posts\/19618\/revisions"}],"predecessor-version":[{"id":19620,"href":"https:\/\/samantharadionline.com\/index.php\/wp-json\/wp\/v2\/posts\/19618\/revisions\/19620"}],"wp:featuredmedia":[{"embeddable":true,"href":"https:\/\/samantharadionline.com\/index.php\/wp-json\/wp\/v2\/media\/19619"}],"wp:attachment":[{"href":"https:\/\/samantharadionline.com\/index.php\/wp-json\/wp\/v2\/media?parent=19618"}],"wp:term":[{"taxonomy":"category","embeddable":true,"href":"https:\/\/samantharadionline.com\/index.php\/wp-json\/wp\/v2\/categories?post=19618"},{"taxonomy":"post_tag","embeddable":true,"href":"https:\/\/samantharadionline.com\/index.php\/wp-json\/wp\/v2\/tags?post=19618"}],"curies":[{"name":"wp","href":"https:\/\/api.w.org\/{rel}","templated":true}]}}