{"id":19614,"date":"2025-09-19T09:20:13","date_gmt":"2025-09-19T13:20:13","guid":{"rendered":"https:\/\/samantharadionline.com\/?p=19614"},"modified":"2025-09-19T09:20:13","modified_gmt":"2025-09-19T13:20:13","slug":"wendy-garcia-la-subcomisionada-de-prisiones-de-ny-acusada-de-estafa-y-falsificacion","status":"publish","type":"post","link":"https:\/\/samantharadionline.com\/index.php\/2025\/09\/19\/wendy-garcia-la-subcomisionada-de-prisiones-de-ny-acusada-de-estafa-y-falsificacion\/","title":{"rendered":"Wendy Garc\u00eda, la subcomisionada de Prisiones de NY acusada de estafa y falsificaci\u00f3n"},"content":{"rendered":"\n<p class=\"has-medium-font-size\"><em>Es una dominicana nacida en el Alto Manhattan, de madre soltera y con or\u00edgenes en Santiago de los Caballeros, al norte del pa\u00eds<\/em><\/p>\n\n\n\n<p><strong>Santo Domingo, RD\u00a0<\/strong><\/p>\n\n\n\n<p>El nombre de&nbsp;<strong>Wendy Garc\u00eda<\/strong>, la subcomisionada de Prisiones de la ciudad de Nueva York, ha resonado en las \u00faltimas horas, tras enfrentar acusaciones de estafa, robo de identidad y falsificaci\u00f3n para la compra de un veh\u00edculo junto a su pareja,&nbsp;<strong>Nathaniel Rojas<\/strong>.<\/p>\n\n\n\n<p>Garc\u00eda es una dominicana nacida en el Alto Manhattan, de madre soltera y con or\u00edgenes en Santiago de los Caballeros, al norte del pa\u00eds.<\/p>\n\n\n\n<p>Estudi\u00f3&nbsp;<strong>Relaciones Internacionales en la Universidad de Delaware<\/strong>, inclin\u00e1ndose desde joven en la ayuda y trabajo social, seg\u00fan relat\u00f3 en una entrevista para el medio neoyorkino Spectrum Noticias.<\/p>\n\n\n\n<p>En ese entonces, indic\u00f3 que los 19 a\u00f1os, mientras trabajaba como traductora para v\u00edctimas de&nbsp;<strong>violencia dom\u00e9stica<\/strong>, una trabajadora le indic\u00f3 que no podr\u00eda seguir brindando ayuda a la&nbsp;<strong>v\u00edctima&nbsp;<\/strong>por falta de recursos, lo que la impulso a trazarse una meta, trabajar para el Gobierno.<\/p>\n\n\n\n<p>Estudi\u00f3 una maestr\u00eda en pol\u00edticas urbanas y su primer trabajo para el Gobierno estadounidense fue en el 2006 como enlace del presidente del condado de Manhattan.<\/p>\n\n\n\n<p>Tras esta experiencia, luego fue directora del&nbsp;<strong>departamento de Juventud y Desarrollo Comunitario<\/strong>&nbsp;para el alcalde Michael Bloomberg y por ocho a\u00f1os fue directora de la oficina de Diversidad fiscal de Nueva York.<\/p>\n\n\n\n<p>En 2022 asumi\u00f3 como vicecomisionada de inclusi\u00f3n y equidad, de la&nbsp;<strong>Polic\u00eda de Nueva York<\/strong>, primera dominicana en lograr esta haza\u00f1a, teniendo bajo supervisi\u00f3n 60 personas y sobre ella tres supervisores.<\/p>\n\n\n\n<p>Desde esa posici\u00f3n busc\u00f3 visibilizar las voces de las mujeres y mayor representaci\u00f3n de la comunidad LGBTQ.<\/p>\n\n\n\n<p>\u201cCuando t\u00fa representas a las voces m\u00e1s vulnerables, t\u00fa representas a todo el mundo\u00bb, dijo en ese entonces.<\/p>\n\n\n\n<p>En 2023 recibi\u00f3 un reconocimiento de parte de la vicepresidenta dominicana, Raquel Pe\u00f1a, por ser la primera dominicana en designarse comisionada de Equidad e Inclusi\u00f3n de Nueva York, el rango m\u00e1s alto a lo interno del organismo.<\/p>\n\n\n\n<h3 class=\"wp-block-heading\">Acusaci\u00f3n<\/h3>\n\n\n\n<p>La acusaci\u00f3n contra Garc\u00eda fue depositada por el hermano de su novio, Eddy Rojas.<\/p>\n\n\n\n<p>De acuerdo a la acusaci\u00f3n Nathaniel y Wendy usaron el nombre y los documentos de Eddy para comprar un Mercedez Benz por US$ 36,000, adem\u00e1s de que le hicieron una cuenta que pasa de US$ 37,000 con el sistema de paso r\u00e1pido de los peajes.<\/p>\n\n\n\n<p>Todav\u00eda las autoridades no se han referido a Garc\u00eda, The New York Daily News, quien primero public\u00f3 la historia dijo que el&nbsp;<strong>NYPD&nbsp;<\/strong>no ofreci\u00f3 explicaciones en torno a si arrestar\u00edan o no a Garc\u00eda, incluida en la querella presentada por el hermano de su novio.<\/p>\n\n\n\n<p>La subsecretaria del Departamento de Seguridad Interna, Tricia McLaughlin, describi\u00f3 a Rojas como un \u201cextranjero criminal de la Rep\u00fablica Dominicana\u201d.<\/p>\n\n\n\n<p>\u201cUna tarjeta verde es un privilegio, no un derecho y bajo las leyes de nuestra naci\u00f3n, nuestro Gobierno tiene la autoridad de revocar la tarjeta verde si nuestras leyes han sido violadas y abusadas\u201d, agreg\u00f3 McLaughlin.<\/p>\n","protected":false},"excerpt":{"rendered":"<p>Es una dominicana nacida en el Alto Manhattan, de madre soltera y con or\u00edgenes en<\/p>\n","protected":false},"author":1,"featured_media":19615,"comment_status":"open","ping_status":"open","sticky":false,"template":"","format":"standard","meta":{"footnotes":""},"categories":[4],"tags":[],"class_list":["post-19614","post","type-post","status-publish","format-standard","has-post-thumbnail","hentry","category-mundiales"],"_links":{"self":[{"href":"https:\/\/samantharadionline.com\/index.php\/wp-json\/wp\/v2\/posts\/19614","targetHints":{"allow":["GET"]}}],"collection":[{"href":"https:\/\/samantharadionline.com\/index.php\/wp-json\/wp\/v2\/posts"}],"about":[{"href":"https:\/\/samantharadionline.com\/index.php\/wp-json\/wp\/v2\/types\/post"}],"author":[{"embeddable":true,"href":"https:\/\/samantharadionline.com\/index.php\/wp-json\/wp\/v2\/users\/1"}],"replies":[{"embeddable":true,"href":"https:\/\/samantharadionline.com\/index.php\/wp-json\/wp\/v2\/comments?post=19614"}],"version-history":[{"count":1,"href":"https:\/\/samantharadionline.com\/index.php\/wp-json\/wp\/v2\/posts\/19614\/revisions"}],"predecessor-version":[{"id":19616,"href":"https:\/\/samantharadionline.com\/index.php\/wp-json\/wp\/v2\/posts\/19614\/revisions\/19616"}],"wp:featuredmedia":[{"embeddable":true,"href":"https:\/\/samantharadionline.com\/index.php\/wp-json\/wp\/v2\/media\/19615"}],"wp:attachment":[{"href":"https:\/\/samantharadionline.com\/index.php\/wp-json\/wp\/v2\/media?parent=19614"}],"wp:term":[{"taxonomy":"category","embeddable":true,"href":"https:\/\/samantharadionline.com\/index.php\/wp-json\/wp\/v2\/categories?post=19614"},{"taxonomy":"post_tag","embeddable":true,"href":"https:\/\/samantharadionline.com\/index.php\/wp-json\/wp\/v2\/tags?post=19614"}],"curies":[{"name":"wp","href":"https:\/\/api.w.org\/{rel}","templated":true}]}}