{"id":18997,"date":"2025-09-01T15:32:23","date_gmt":"2025-09-01T19:32:23","guid":{"rendered":"https:\/\/samantharadionline.com\/?p=18997"},"modified":"2025-09-01T15:32:24","modified_gmt":"2025-09-01T19:32:24","slug":"republica-dominicana-sacudida-por-una-ola-de-violencia-cinco-dias-de-horror","status":"publish","type":"post","link":"https:\/\/samantharadionline.com\/index.php\/2025\/09\/01\/republica-dominicana-sacudida-por-una-ola-de-violencia-cinco-dias-de-horror\/","title":{"rendered":"Rep\u00fablica Dominicana sacudida por una ola de violencia: cinco d\u00edas de horror"},"content":{"rendered":"\n<p class=\"has-large-font-size\"><em>Cr\u00edmenes familiares, asesinatos m\u00faltiples y tragedias infantiles estremecen al pa\u00eds desde el viernes hasta el d\u00eda de hoy<\/em><\/p>\n\n\n\n<p><strong>Por la Redacci\u00f3n de Samantha Radio Online,\u00a0<strong>Santo Domingo, R.D.<\/strong><\/strong><\/p>\n\n\n\n<p>Al menos&nbsp;<strong>tres hombres con antecedentes judiciales<\/strong>&nbsp;fallecieron la madrugada de este lunes en un hecho vinculado a presuntos asuntos del narcotr\u00e1fico en el<strong>&nbsp;sector Libertador de Herrera<\/strong>,&nbsp;<strong>Santo Domingo Oeste,<\/strong>&nbsp;inform\u00f3 el vocero de la Polic\u00eda, coronel Diego Pesqueira.<\/p>\n\n\n\n<p>\u00abEste lamentable hecho es un conflicto social vinculado a asuntos del bajo mundo, hasta el momento&nbsp;<strong>narcotr\u00e1fico<\/strong>\u00ab, indic\u00f3 el portavoz en rueda de prensa.<\/p>\n\n\n\n<p>Las v\u00edctimas fueron identificadas como&nbsp;<strong>Jos\u00e9 Eduardo Cipri\u00e1n Lebr\u00f3n (alias Chucky)<\/strong>, de 35 a\u00f1os;&nbsp;<strong>Luis Javier Santana Asencio<\/strong>, de 38; y<strong>&nbsp;Jos\u00e9 Antonio Ovalles Mart\u00ednez<\/strong>&nbsp;(alias Tony Papeleta), de 47.<\/p>\n\n\n\n<p>En el mismo incidente result\u00f3 herido<strong>&nbsp;Jos\u00e9 Antonio P\u00e9rez Garc\u00eda.<\/strong><\/p>\n\n\n\n<p>Pesqueira inform\u00f3 que varias personas ya se encuentran detenidas para fines de investigaci\u00f3n.<\/p>\n\n\n\n<p>En la escena se levantaron al menos 13 casquillos, mientras los peritos profundizan en la recolecci\u00f3n de evidencias, detall\u00f3 el vocero.<\/p>\n\n\n\n<p>\u00abEl proceso investigativo se encuentra bien avanzado\u00bb, agreg\u00f3.<\/p>\n\n\n\n<p>Desde el viernes 29 de agosto hasta este lunes 1 de septiembre de 2025, la Rep\u00fablica Dominicana ha sido escenario de una serie de hechos violentos que han conmocionado a la poblaci\u00f3n. En apenas cinco d\u00edas, se han registrado m\u00faltiples muertes, muchas de ellas en el seno familiar, que han reavivado el debate sobre salud mental, violencia dom\u00e9stica y la efectividad de las instituciones de protecci\u00f3n.<\/p>\n\n\n\n<p>Uno de los casos m\u00e1s estremecedores ocurri\u00f3 en el Ensanche Isabelita, Santo Domingo Este, donde una mujer de 36 a\u00f1os envenen\u00f3 a sus tres hijos de 7, 9 y 11 a\u00f1os, y luego se quit\u00f3 la vida ingiriendo la misma sustancia. El padre de los menores encontr\u00f3 la escena al regresar a casa. La mujer dej\u00f3 una carta manuscrita que est\u00e1 en manos del Ministerio P\u00fablico.<\/p>\n\n\n\n<p>En Mao, provincia Valverde, se report\u00f3 otro crimen atroz: un hombre asesin\u00f3 a su hermana, la descuartiz\u00f3 y escondi\u00f3 el cuerpo en un cubo. Seg\u00fan el informe policial, el agresor aleg\u00f3 que la empuj\u00f3 durante una discusi\u00f3n y crey\u00f3 que hab\u00eda muerto. Luego, decidi\u00f3 mutilarla para ocultar el crimen. El caso ha generado repudio nacional.<\/p>\n\n\n\n<p>En el sector Los Guandules, Distrito Nacional, un hombre fue detenido tras causar la muerte por asfixia a su hijo de apenas 1 a\u00f1o y 8 meses. El acusado declar\u00f3 que lo hizo por \u201cmandato divino\u201d, mientras su abogado aleg\u00f3 que fue un \u201cabrazo excesivo\u201d. El ni\u00f1o muri\u00f3 por presi\u00f3n tor\u00e1cica, y el padre fue enviado a prisi\u00f3n preventiva.<\/p>\n\n\n\n<p>Tambi\u00e9n en Los Guandules, una pareja fue arrestada por el asesinato de una ni\u00f1a de 7 a\u00f1os que estaba bajo su custodia. La menor presentaba quemaduras, golpes y laceraciones. El tribunal impuso tres meses de prisi\u00f3n preventiva a los acusados, quienes enfrentan cargos por tortura, barbarie y homicidio.<\/p>\n\n\n\n<p>En Nagua, tres personas murieron por heridas de bala tras una ri\u00f1a en un negocio de comida. Las autoridades investigan si el hecho est\u00e1 vinculado a conflictos previos entre los involucrados. Testigos aseguran que la discusi\u00f3n se torn\u00f3 violenta en cuesti\u00f3n de segundos.<\/p>\n\n\n\n<p>En Santiago, un hombre de 70 a\u00f1os fue asesinado por un joven de 31 a\u00f1os luego de negarse a darle 200 pesos. El crimen ocurri\u00f3 en plena v\u00eda p\u00fablica y ha sido calificado como un acto de brutalidad sin sentido. El agresor fue detenido horas despu\u00e9s.<\/p>\n\n\n\n<p>En La Ceiba, un accidente de tr\u00e1nsito dej\u00f3 al menos ocho muertos, incluyendo cinco ni\u00f1os que regresaban de una actividad religiosa. El conductor del veh\u00edculo dio positivo a alcohol, lo que ha desatado indignaci\u00f3n por la falta de controles en carreteras rurales.<\/p>\n\n\n\n<p>En Villa Mella, un hombre de 50 a\u00f1os muri\u00f3 en un enfrentamiento con una patrulla policial. Seg\u00fan testigos, el incidente se produjo tras una discusi\u00f3n por una intervenci\u00f3n en una fiesta callejera. La Polic\u00eda investiga si hubo uso excesivo de la fuerza.<\/p>\n\n\n\n<p>En El Factor, Mar\u00eda Trinidad S\u00e1nchez, otro caso de infanticidio estremeci\u00f3 al pa\u00eds: un hombre mat\u00f3 a su hijo de dos a\u00f1os por ahorcamiento y luego se suicid\u00f3. El hecho ocurri\u00f3 en una vivienda humilde, y los vecinos aseguran que el agresor mostraba signos de desequilibrio mental.<\/p>\n\n\n\n<p>La Fiscal\u00eda tambi\u00e9n ha solicitado investigar la IP de la persona que difundi\u00f3 un video de violaci\u00f3n en Villa Gonz\u00e1lez, donde varios j\u00f3venes fueron arrestados por abuso sexual a una menor. El caso ha generado protestas en la comunidad y llamados a reforzar la protecci\u00f3n infantil.<\/p>\n\n\n\n<p>Estos hechos violentos, ocurridos en distintos puntos del pa\u00eds, han encendido las alarmas sobre el deterioro social y la falta de atenci\u00f3n a la salud mental. Organizaciones civiles exigen al gobierno implementar pol\u00edticas urgentes para prevenir tragedias similares.<\/p>\n\n\n\n<p>La Rep\u00fablica Dominicana enfrenta una semana marcada por el dolor, la indignaci\u00f3n y la urgencia de respuestas. Cada v\u00edctima representa una vida truncada y una familia devastada. El pa\u00eds necesita m\u00e1s que condenas: necesita acci\u00f3n, prevenci\u00f3n y justicia efectiva.<\/p>\n","protected":false},"excerpt":{"rendered":"<p>Cr\u00edmenes familiares, asesinatos m\u00faltiples y tragedias infantiles estremecen al pa\u00eds desde el viernes hasta el<\/p>\n","protected":false},"author":1,"featured_media":18998,"comment_status":"open","ping_status":"open","sticky":false,"template":"","format":"standard","meta":{"footnotes":""},"categories":[12],"tags":[],"class_list":["post-18997","post","type-post","status-publish","format-standard","has-post-thumbnail","hentry","category-nacionales"],"_links":{"self":[{"href":"https:\/\/samantharadionline.com\/index.php\/wp-json\/wp\/v2\/posts\/18997","targetHints":{"allow":["GET"]}}],"collection":[{"href":"https:\/\/samantharadionline.com\/index.php\/wp-json\/wp\/v2\/posts"}],"about":[{"href":"https:\/\/samantharadionline.com\/index.php\/wp-json\/wp\/v2\/types\/post"}],"author":[{"embeddable":true,"href":"https:\/\/samantharadionline.com\/index.php\/wp-json\/wp\/v2\/users\/1"}],"replies":[{"embeddable":true,"href":"https:\/\/samantharadionline.com\/index.php\/wp-json\/wp\/v2\/comments?post=18997"}],"version-history":[{"count":1,"href":"https:\/\/samantharadionline.com\/index.php\/wp-json\/wp\/v2\/posts\/18997\/revisions"}],"predecessor-version":[{"id":18999,"href":"https:\/\/samantharadionline.com\/index.php\/wp-json\/wp\/v2\/posts\/18997\/revisions\/18999"}],"wp:featuredmedia":[{"embeddable":true,"href":"https:\/\/samantharadionline.com\/index.php\/wp-json\/wp\/v2\/media\/18998"}],"wp:attachment":[{"href":"https:\/\/samantharadionline.com\/index.php\/wp-json\/wp\/v2\/media?parent=18997"}],"wp:term":[{"taxonomy":"category","embeddable":true,"href":"https:\/\/samantharadionline.com\/index.php\/wp-json\/wp\/v2\/categories?post=18997"},{"taxonomy":"post_tag","embeddable":true,"href":"https:\/\/samantharadionline.com\/index.php\/wp-json\/wp\/v2\/tags?post=18997"}],"curies":[{"name":"wp","href":"https:\/\/api.w.org\/{rel}","templated":true}]}}