{"id":18981,"date":"2025-09-01T09:26:38","date_gmt":"2025-09-01T13:26:38","guid":{"rendered":"https:\/\/samantharadionline.com\/?p=18981"},"modified":"2025-09-01T09:26:39","modified_gmt":"2025-09-01T13:26:39","slug":"adocco-deposita-querella-penal-contra-exministro-de-educacion-angel-hernandez","status":"publish","type":"post","link":"https:\/\/samantharadionline.com\/index.php\/2025\/09\/01\/adocco-deposita-querella-penal-contra-exministro-de-educacion-angel-hernandez\/","title":{"rendered":"ADOCCO deposita querella penal contra exministro de Educaci\u00f3n \u00c1ngel Hern\u00e1ndez"},"content":{"rendered":"\n<p class=\"has-medium-font-size\"><em>Organizaci\u00f3n anticorrupci\u00f3n convoca a medios para presenciar acci\u00f3n judicial en la Procuradur\u00eda General<\/em><\/p>\n\n\n\n<p>Por la Redacci\u00f3n de Samantha Radio Online, <strong>Santo Domingo, R.D.<\/strong><\/p>\n\n\n\n<p>En un hecho que podr\u00eda marcar un nuevo cap\u00edtulo en la lucha contra la corrupci\u00f3n administrativa en el pa\u00eds, la Alianza Dominicana Contra la Corrupci\u00f3n (ADOCCO) anunci\u00f3 este lunes el dep\u00f3sito formal de una querella penal contra el exministro de Educaci\u00f3n, \u00c1ngel Enrique Hern\u00e1ndez Castillo. La acci\u00f3n legal fue presentada a las 9:00 de la ma\u00f1ana en la Procuradur\u00eda General de la Rep\u00fablica, ubicada en el Centro de los H\u00e9roes, Distrito Nacional.<\/p>\n\n\n\n<p>La organizaci\u00f3n hizo una convocatoria abierta a todos los medios de comunicaci\u00f3n, tanto digitales como impresos, para que acompa\u00f1aran el proceso y documentaran el momento en que se formaliz\u00f3 la denuncia. ADOCCO considera que la transparencia y la cobertura medi\u00e1tica son esenciales para garantizar que los casos de presunta corrupci\u00f3n no queden en el anonimato ni en la impunidad.<\/p>\n\n\n\n<p>Aunque los detalles espec\u00edficos de la querella a\u00fan no han sido divulgados p\u00fablicamente, fuentes cercanas a la organizaci\u00f3n se\u00f1alan que se trata de presuntas irregularidades cometidas durante la gesti\u00f3n de Hern\u00e1ndez al frente del Ministerio de Educaci\u00f3n. La querella incluir\u00eda alegatos relacionados con contrataciones, manejo presupuestario y posibles violaciones a la Ley de Funci\u00f3n P\u00fablica.<\/p>\n\n\n\n<p>La Direcci\u00f3n de Comunicaci\u00f3n de ADOCCO, con sede en la calle Cayetano Rodr\u00edguez No. 153, Gazcue, reiter\u00f3 su compromiso con el fortalecimiento institucional y el combate frontal a la corrupci\u00f3n. En su comunicado oficial, la entidad expres\u00f3 que \u201cla educaci\u00f3n no puede ser administrada bajo sombras de sospecha, y quienes hayan fallado al pa\u00eds deben responder ante la justicia\u201d.<\/p>\n\n\n\n<p>Este movimiento legal se suma a una serie de acciones emprendidas por ADOCCO en los \u00faltimos a\u00f1os, en las que ha denunciado a funcionarios de distintas \u00e1reas del gobierno por presuntas pr\u00e1cticas corruptas. La organizaci\u00f3n ha sido reconocida por su rol vigilante y por promover reformas que buscan mayor rendici\u00f3n de cuentas en el sector p\u00fablico.<\/p>\n\n\n\n<p>La presencia de medios en la Procuradur\u00eda fue notoria, con periodistas, camar\u00f3grafos y reporteros digitales cubriendo el evento desde temprano. Algunos ciudadanos tambi\u00e9n se acercaron al lugar, manifestando su apoyo a la iniciativa y exigiendo que se investigue a fondo el caso.<\/p>\n\n\n\n<p>Hasta el momento, el exministro \u00c1ngel Hern\u00e1ndez no ha emitido declaraciones p\u00fablicas sobre la querella. Se espera que en los pr\u00f3ximos d\u00edas su equipo legal responda a las acusaciones y que la Procuradur\u00eda determine si procede abrir una investigaci\u00f3n formal.<\/p>\n","protected":false},"excerpt":{"rendered":"<p>Organizaci\u00f3n anticorrupci\u00f3n convoca a medios para presenciar acci\u00f3n judicial en la Procuradur\u00eda General Por la<\/p>\n","protected":false},"author":1,"featured_media":18982,"comment_status":"open","ping_status":"open","sticky":false,"template":"","format":"standard","meta":{"footnotes":""},"categories":[12],"tags":[],"class_list":["post-18981","post","type-post","status-publish","format-standard","has-post-thumbnail","hentry","category-nacionales"],"_links":{"self":[{"href":"https:\/\/samantharadionline.com\/index.php\/wp-json\/wp\/v2\/posts\/18981","targetHints":{"allow":["GET"]}}],"collection":[{"href":"https:\/\/samantharadionline.com\/index.php\/wp-json\/wp\/v2\/posts"}],"about":[{"href":"https:\/\/samantharadionline.com\/index.php\/wp-json\/wp\/v2\/types\/post"}],"author":[{"embeddable":true,"href":"https:\/\/samantharadionline.com\/index.php\/wp-json\/wp\/v2\/users\/1"}],"replies":[{"embeddable":true,"href":"https:\/\/samantharadionline.com\/index.php\/wp-json\/wp\/v2\/comments?post=18981"}],"version-history":[{"count":1,"href":"https:\/\/samantharadionline.com\/index.php\/wp-json\/wp\/v2\/posts\/18981\/revisions"}],"predecessor-version":[{"id":18983,"href":"https:\/\/samantharadionline.com\/index.php\/wp-json\/wp\/v2\/posts\/18981\/revisions\/18983"}],"wp:featuredmedia":[{"embeddable":true,"href":"https:\/\/samantharadionline.com\/index.php\/wp-json\/wp\/v2\/media\/18982"}],"wp:attachment":[{"href":"https:\/\/samantharadionline.com\/index.php\/wp-json\/wp\/v2\/media?parent=18981"}],"wp:term":[{"taxonomy":"category","embeddable":true,"href":"https:\/\/samantharadionline.com\/index.php\/wp-json\/wp\/v2\/categories?post=18981"},{"taxonomy":"post_tag","embeddable":true,"href":"https:\/\/samantharadionline.com\/index.php\/wp-json\/wp\/v2\/tags?post=18981"}],"curies":[{"name":"wp","href":"https:\/\/api.w.org\/{rel}","templated":true}]}}