{"id":18978,"date":"2025-09-01T09:12:01","date_gmt":"2025-09-01T13:12:01","guid":{"rendered":"https:\/\/samantharadionline.com\/?p=18978"},"modified":"2025-09-01T09:12:02","modified_gmt":"2025-09-01T13:12:02","slug":"tormenta-tropical-kiko-cerca-de-las-costas-de-mexico","status":"publish","type":"post","link":"https:\/\/samantharadionline.com\/index.php\/2025\/09\/01\/tormenta-tropical-kiko-cerca-de-las-costas-de-mexico\/","title":{"rendered":"Tormenta tropical Kiko  cerca de las costas de M\u00e9xico"},"content":{"rendered":"\n<p class=\"has-medium-font-size\"><em>Kiko se desarroll\u00f3 el domingo temprano y est\u00e1 prevista a convertirse en hurac\u00e1n m\u00e1s adelante esta semana<\/em><\/p>\n\n\n\n<figure class=\"wp-block-image\"><img decoding=\"async\" src=\"https:\/\/listindiario.com\/files\/image_60_60\/uploads\/2023\/05\/23\/646ccfb2f0e7e.jpeg\" alt=\"Avatar del Agencia AP\"\/><\/figure>\n\n\n\n<p><em>\u00a0<\/em>Agencia AP, <strong>MIAMI<\/strong><\/p>\n\n\n\n<p>Una&nbsp;<strong>nueva tormenta tropical<\/strong>&nbsp;se form\u00f3 el domingo en el&nbsp;<strong>oc\u00e9ano Pac\u00edfico oriental<\/strong>, a m\u00e1s de 1.000 kil\u00f3metros (millas) de la costa de&nbsp;<strong>M\u00e9xico<\/strong>. No hay amenaza inmediata para tierra firme.<\/p>\n\n\n\n<p>La&nbsp;<strong>tormenta tropical Kiko<\/strong>&nbsp;se desarroll\u00f3 el domingo temprano y est\u00e1 prevista a convertirse en hurac\u00e1n m\u00e1s adelante esta semana, seg\u00fan el&nbsp;<strong>Centro Nacional de Huracanes de Estados Unidos<\/strong>&nbsp;en Miami. El centro de huracanes no emiti\u00f3 ninguna vigilancia o advertencia costera.<\/p>\n\n\n\n<p>\u00abSe espera un fortalecimiento durante los pr\u00f3ximos d\u00edas, y se pronostica que el sistema se convierta en&nbsp;<strong>hurac\u00e1n&nbsp;<\/strong>para el martes\u00bb, afirm\u00f3 el centro de huracanes.<\/p>\n\n\n\n<p>El centro de la&nbsp;<strong>tormenta&nbsp;<\/strong>se encontraba a unos 1.760 kil\u00f3metros (1.090 millas) al oeste-suroeste de la punta sur de Baja California.<\/p>\n\n\n\n<p>Sus vientos m\u00e1ximos sostenidos se registraron en 65 km\/h (40 mph). Se mueve hacia el oeste a una velocidad de 15 km\/h (9 mph).<\/p>\n\n\n\n<p>Las<strong>&nbsp;tormentas tropicales<\/strong>&nbsp;tienen velocidades de viento de entre aproximadamente 63 y 73 km\/h (entre 39 y 73 mph). Se convierte en&nbsp;<strong>hurac\u00e1n<\/strong>&nbsp;cuando la velocidad del viento alcanza aproximadamente 119 km\/h (74 mph).<\/p>\n","protected":false},"excerpt":{"rendered":"<p>Kiko se desarroll\u00f3 el domingo temprano y est\u00e1 prevista a convertirse en hurac\u00e1n m\u00e1s adelante<\/p>\n","protected":false},"author":1,"featured_media":18979,"comment_status":"open","ping_status":"open","sticky":false,"template":"","format":"standard","meta":{"footnotes":""},"categories":[4],"tags":[],"class_list":["post-18978","post","type-post","status-publish","format-standard","has-post-thumbnail","hentry","category-mundiales"],"_links":{"self":[{"href":"https:\/\/samantharadionline.com\/index.php\/wp-json\/wp\/v2\/posts\/18978","targetHints":{"allow":["GET"]}}],"collection":[{"href":"https:\/\/samantharadionline.com\/index.php\/wp-json\/wp\/v2\/posts"}],"about":[{"href":"https:\/\/samantharadionline.com\/index.php\/wp-json\/wp\/v2\/types\/post"}],"author":[{"embeddable":true,"href":"https:\/\/samantharadionline.com\/index.php\/wp-json\/wp\/v2\/users\/1"}],"replies":[{"embeddable":true,"href":"https:\/\/samantharadionline.com\/index.php\/wp-json\/wp\/v2\/comments?post=18978"}],"version-history":[{"count":1,"href":"https:\/\/samantharadionline.com\/index.php\/wp-json\/wp\/v2\/posts\/18978\/revisions"}],"predecessor-version":[{"id":18980,"href":"https:\/\/samantharadionline.com\/index.php\/wp-json\/wp\/v2\/posts\/18978\/revisions\/18980"}],"wp:featuredmedia":[{"embeddable":true,"href":"https:\/\/samantharadionline.com\/index.php\/wp-json\/wp\/v2\/media\/18979"}],"wp:attachment":[{"href":"https:\/\/samantharadionline.com\/index.php\/wp-json\/wp\/v2\/media?parent=18978"}],"wp:term":[{"taxonomy":"category","embeddable":true,"href":"https:\/\/samantharadionline.com\/index.php\/wp-json\/wp\/v2\/categories?post=18978"},{"taxonomy":"post_tag","embeddable":true,"href":"https:\/\/samantharadionline.com\/index.php\/wp-json\/wp\/v2\/tags?post=18978"}],"curies":[{"name":"wp","href":"https:\/\/api.w.org\/{rel}","templated":true}]}}