{"id":18975,"date":"2025-09-01T09:09:44","date_gmt":"2025-09-01T13:09:44","guid":{"rendered":"https:\/\/samantharadionline.com\/?p=18975"},"modified":"2025-09-01T09:09:44","modified_gmt":"2025-09-01T13:09:44","slug":"en-afganistan-mas-de-800-muertos-y-2-500-heridos-por-terremoto-de-60","status":"publish","type":"post","link":"https:\/\/samantharadionline.com\/index.php\/2025\/09\/01\/en-afganistan-mas-de-800-muertos-y-2-500-heridos-por-terremoto-de-60\/","title":{"rendered":"En Afganist\u00e1n mas de 800 muertos y 2.500 heridos por Terremoto de 6,0"},"content":{"rendered":"\n<p class=\"has-medium-font-size\"><em>Los equipos de rescate trabajan desde la madrugada para localizar supervivientes entre los escombros. Afganist\u00e1n es uno de los pa\u00edses m\u00e1s vulnerables del mundo a los desastres naturales<\/em><\/p>\n\n\n\n<figure class=\"wp-block-image\"><img decoding=\"async\" src=\"https:\/\/listindiario.com\/files\/image_60_60\/uploads\/2023\/05\/23\/646cd02f4f53e.jpeg\" alt=\"Avatar del Agencia EFE\"\/><\/figure>\n\n\n\n<p><em>\u00a0<\/em>Agencia EFE,<strong> Kabul<\/strong><\/p>\n\n\n\n<p>El&nbsp;<strong>Gobierno de facto talib\u00e1n&nbsp;<\/strong>elev\u00f3 este lunes a 800 los muertos y a unos 2.500 los heridos por el&nbsp;<strong>terremoto&nbsp;<\/strong>de magnitud 6,0 que sacudi\u00f3 anoche el este de&nbsp;<strong>Afganist\u00e1n<\/strong>, seg\u00fan confirmaron fuentes oficiales.<\/p>\n\n\n\n<p>\u00abComo resultado de los&nbsp;<strong>terremotos&nbsp;<\/strong>de anoche en las provincias orientales, el n\u00famero de muertos en&nbsp;<strong>Kunar&nbsp;<\/strong>ha alcanzado los 800, mientras que el de heridos se eleva a 2.500&#8243;, declar\u00f3 en una rueda de prensa el portavoz talib\u00e1n Zabihullah Mujahid.<\/p>\n\n\n\n<p>El funcionario advirti\u00f3 de que las cifras \u00abno son definitivas y podr\u00edan aumentar\u00bb. A\u00f1adi\u00f3 que en&nbsp;<strong>Nangarhar&nbsp;<\/strong>el balance no ha cambiado, con 12 muertos y 255 heridos.<\/p>\n\n\n\n<p>\u00abNuestros<strong>&nbsp;equipos de apoyo y m\u00e9dicos&nbsp;<\/strong>de varios ministerios est\u00e1n plenamente implicados en la asistencia a los afectados\u00bb, asegur\u00f3 Mujahid.<\/p>\n\n\n\n<p>El<strong>&nbsp;ministro del Interior, Khalifa Sirajuddin Haqqani,<\/strong>&nbsp;ha dado instrucciones a los funcionarios locales para que presten asistencia inmediata a las familias afectadas, confirmaron fuentes oficiales.<\/p>\n\n\n\n<figure class=\"wp-block-image\" id=\"m4620-4619-4621\"><img decoding=\"async\" src=\"https:\/\/listindiario.com\/files\/vertical_main_image\/uploads\/2025\/09\/01\/68b58ed69b48f.jpeg\" alt=\"Trabajadores de defensa civil, vecinos y soldados en Afganist\u00e1n\"\/><figcaption class=\"wp-element-caption\">Trabajadores de defensa civil, vecinos y soldados se preparan para evacuar a personas heridas en un terremoto que mat\u00f3 a cientos de personas y destruy\u00f3 poblados en el este de Afganist\u00e1n, en Mazar Dara, en la provincia de Kunar, el lunes 1 de septiembre de 2025. (AP Foto\/Hedayat Shah)AP<\/figcaption><\/figure>\n\n\n\n<p>El&nbsp;<strong>Servicio Geol\u00f3gico de Estados Unidos (USGS)&nbsp;<\/strong>situ\u00f3 el epicentro del se\u00edsmo principal, de magnitud 6.0, a 27 kil\u00f3metros al este de la provincia de Nangarhar y a una profundidad de ocho kil\u00f3metros, lo que suele amplificar el poder de destrucci\u00f3n.<\/p>\n\n\n\n<p>Al temblor inicial, registrado a las 23:47 del domingo hora local (19:17 GMT), le siguieron al menos dos r\u00e9plicas de magnitud 5.2.<\/p>\n\n\n\n<p>Los<strong>&nbsp;equipos de rescate<\/strong>&nbsp;trabajan desde la madrugada para localizar&nbsp;<strong>supervivientes&nbsp;<\/strong>entre los escombros, aunque las operaciones se ven dificultadas por los deslizamientos de tierra que han bloqueado carreteras clave en las regiones del este del pa\u00eds.<\/p>\n\n\n\n<p>Las autoridades temen que el balance aumente a medida que se accede a las zonas m\u00e1s remotas.<\/p>\n\n\n\n<p><strong>Afganist\u00e1n&nbsp;<\/strong>es uno de los pa\u00edses m\u00e1s vulnerables del mundo a los desastres naturales. La precariedad de sus infraestructuras, el fr\u00e1gil sistema sanitario y la falta de apoyo internacional agravan el impacto de cat\u00e1strofes como la ocurrida anoche en el este del pa\u00eds.<\/p>\n","protected":false},"excerpt":{"rendered":"<p>Los equipos de rescate trabajan desde la madrugada para localizar supervivientes entre los escombros. Afganist\u00e1n<\/p>\n","protected":false},"author":1,"featured_media":18976,"comment_status":"open","ping_status":"open","sticky":false,"template":"","format":"standard","meta":{"footnotes":""},"categories":[4],"tags":[],"class_list":["post-18975","post","type-post","status-publish","format-standard","has-post-thumbnail","hentry","category-mundiales"],"_links":{"self":[{"href":"https:\/\/samantharadionline.com\/index.php\/wp-json\/wp\/v2\/posts\/18975","targetHints":{"allow":["GET"]}}],"collection":[{"href":"https:\/\/samantharadionline.com\/index.php\/wp-json\/wp\/v2\/posts"}],"about":[{"href":"https:\/\/samantharadionline.com\/index.php\/wp-json\/wp\/v2\/types\/post"}],"author":[{"embeddable":true,"href":"https:\/\/samantharadionline.com\/index.php\/wp-json\/wp\/v2\/users\/1"}],"replies":[{"embeddable":true,"href":"https:\/\/samantharadionline.com\/index.php\/wp-json\/wp\/v2\/comments?post=18975"}],"version-history":[{"count":1,"href":"https:\/\/samantharadionline.com\/index.php\/wp-json\/wp\/v2\/posts\/18975\/revisions"}],"predecessor-version":[{"id":18977,"href":"https:\/\/samantharadionline.com\/index.php\/wp-json\/wp\/v2\/posts\/18975\/revisions\/18977"}],"wp:featuredmedia":[{"embeddable":true,"href":"https:\/\/samantharadionline.com\/index.php\/wp-json\/wp\/v2\/media\/18976"}],"wp:attachment":[{"href":"https:\/\/samantharadionline.com\/index.php\/wp-json\/wp\/v2\/media?parent=18975"}],"wp:term":[{"taxonomy":"category","embeddable":true,"href":"https:\/\/samantharadionline.com\/index.php\/wp-json\/wp\/v2\/categories?post=18975"},{"taxonomy":"post_tag","embeddable":true,"href":"https:\/\/samantharadionline.com\/index.php\/wp-json\/wp\/v2\/tags?post=18975"}],"curies":[{"name":"wp","href":"https:\/\/api.w.org\/{rel}","templated":true}]}}