{"id":18968,"date":"2025-08-31T10:23:52","date_gmt":"2025-08-31T14:23:52","guid":{"rendered":"https:\/\/samantharadionline.com\/?p=18968"},"modified":"2025-08-31T10:23:53","modified_gmt":"2025-08-31T14:23:53","slug":"luis-perez-y-gabriel-cruz-ganan-cdp-e-ippp-en-elecciones-del-colegio-dominicano-de-periodistas","status":"publish","type":"post","link":"https:\/\/samantharadionline.com\/index.php\/2025\/08\/31\/luis-perez-y-gabriel-cruz-ganan-cdp-e-ippp-en-elecciones-del-colegio-dominicano-de-periodistas\/","title":{"rendered":"Luis P\u00e9rez y Gabriel Cruz ganan CDP e IPPP en elecciones del Colegio Dominicano de Periodistas"},"content":{"rendered":"\n<p>Los candidatos por el Movimiento Marcelino Vega (MMV), Luis P\u00e9rez y Gabriel Cruz \u00abCruzman\u00bb, resulataron electos esta madrugada para presidir el Colegio Dominicano de Periodistas (CDP) y el Instituto de Previsi\u00f3n y Protecci\u00f3n del Periodista (IPPP), respectivamente, quienes tienen como reto relanzar la instrucci\u00f3n y acercar a cientos de periodistas al gremio.<\/p>\n\n\n\n<p>Expresaron estar agradecidos de los dirigentes del Movimiento Marcelino Vega (MMV) que coordina Olivo de Le\u00f3n, sub coordina Mercedes Castillo y que tiene como presidente Ad Vitam a Jos\u00e9 Bujosa Mieses \u00abEl Chino Bujosa\u00bb, tambi\u00e9n a los dirigentes de todas las seccionales y a los cientos de periodistas que respaldaron de manera mayoritaria sus propuestas.<\/p>\n\n\n\n<p>Asimismo, felicitaron a los movimientos contrarios participantes, sus coordinadores y candidatos por el manejo prudente durante el proceso de votaci\u00f3n, respeto y civismo e institucional exhibido para fortalecer la entidad gremial de los profesionales de la comunicaci\u00f3n social.<\/p>\n\n\n\n<p>Ambos gremialistas prometen desarrollar un amplio programa de gesti\u00f3n interinstitucional de cara al plan estrat\u00e9gico gremial integrado prometido durante la campa\u00f1a.<\/p>\n\n\n\n<p>Tanto Luis P\u00e9rez como Gabriel Cruz tienen como reto garantizar la representaci\u00f3n y seguridad social de unos 5,400 periodistas en el pa\u00eds y el extranjero que pertenecen al gremio.<\/p>\n\n\n\n<p>Adem\u00e1s, ponderaron la organizaci\u00f3n democr\u00e1tica con que transcurri\u00f3 el proceso administrado por la Comisi\u00f3n Nacional Electoral (CNE) y las garant\u00edas de transparencia, seguridad y configuraci\u00f3n plural de cara al gremio y la sociedad.<\/p>\n\n\n\n<p>Tambi\u00e9n enviaron gratitud a todos los periodistas en el pa\u00eds como el extranjero por la conducta ejemplar en acudir de manera masiva a ejercer su derecho al voto en cada una de las seccionales.<\/p>\n\n\n\n<p>Culminaron en decir que en los pr\u00f3ximos d\u00edas estar\u00e1n informando sobre acciones inmediatas que pondr\u00e1n en ejecuci\u00f3n desde que sean juramnetados en sus respectivas organizaciones.<\/p>\n\n\n\n<p>Por igual, fueron electos por la Plancha 1 que represent\u00f3 al MMV los periodistas Yudelki Guerrero en la presidencia del Tribunal Disciplinario (TD) y Wilder P\u00e1ez en la secretar\u00eda general del CDP por el Distrito Nacional.<\/p>\n\n\n\n<p>La Comisi\u00f3n Nacional Electoral estar\u00e1 ofreciendo los resultados finales en el transcurso de los d\u00edas por venir.<\/p>\n","protected":false},"excerpt":{"rendered":"<p>Los candidatos por el Movimiento Marcelino Vega (MMV), Luis P\u00e9rez y Gabriel Cruz \u00abCruzman\u00bb, resulataron<\/p>\n","protected":false},"author":1,"featured_media":18969,"comment_status":"open","ping_status":"open","sticky":false,"template":"","format":"standard","meta":{"footnotes":""},"categories":[12],"tags":[],"class_list":["post-18968","post","type-post","status-publish","format-standard","has-post-thumbnail","hentry","category-nacionales"],"_links":{"self":[{"href":"https:\/\/samantharadionline.com\/index.php\/wp-json\/wp\/v2\/posts\/18968","targetHints":{"allow":["GET"]}}],"collection":[{"href":"https:\/\/samantharadionline.com\/index.php\/wp-json\/wp\/v2\/posts"}],"about":[{"href":"https:\/\/samantharadionline.com\/index.php\/wp-json\/wp\/v2\/types\/post"}],"author":[{"embeddable":true,"href":"https:\/\/samantharadionline.com\/index.php\/wp-json\/wp\/v2\/users\/1"}],"replies":[{"embeddable":true,"href":"https:\/\/samantharadionline.com\/index.php\/wp-json\/wp\/v2\/comments?post=18968"}],"version-history":[{"count":1,"href":"https:\/\/samantharadionline.com\/index.php\/wp-json\/wp\/v2\/posts\/18968\/revisions"}],"predecessor-version":[{"id":18970,"href":"https:\/\/samantharadionline.com\/index.php\/wp-json\/wp\/v2\/posts\/18968\/revisions\/18970"}],"wp:featuredmedia":[{"embeddable":true,"href":"https:\/\/samantharadionline.com\/index.php\/wp-json\/wp\/v2\/media\/18969"}],"wp:attachment":[{"href":"https:\/\/samantharadionline.com\/index.php\/wp-json\/wp\/v2\/media?parent=18968"}],"wp:term":[{"taxonomy":"category","embeddable":true,"href":"https:\/\/samantharadionline.com\/index.php\/wp-json\/wp\/v2\/categories?post=18968"},{"taxonomy":"post_tag","embeddable":true,"href":"https:\/\/samantharadionline.com\/index.php\/wp-json\/wp\/v2\/tags?post=18968"}],"curies":[{"name":"wp","href":"https:\/\/api.w.org\/{rel}","templated":true}]}}