{"id":18964,"date":"2025-08-31T10:21:53","date_gmt":"2025-08-31T14:21:53","guid":{"rendered":"https:\/\/samantharadionline.com\/?p=18964"},"modified":"2025-08-31T10:21:54","modified_gmt":"2025-08-31T14:21:54","slug":"captan-a-ex-de-shakira-mientras-ella-canta-la-cancion-que-le-dedico-y-este-gesto-desata-dudas","status":"publish","type":"post","link":"https:\/\/samantharadionline.com\/index.php\/2025\/08\/31\/captan-a-ex-de-shakira-mientras-ella-canta-la-cancion-que-le-dedico-y-este-gesto-desata-dudas\/","title":{"rendered":"Captan a ex de Shakira mientras ella canta la canci\u00f3n que le dedic\u00f3 y este gesto desata dudas"},"content":{"rendered":"\n<p><strong>Shakira<\/strong>, con su gira\u00a0<em>Las Mujeres Ya No Lloran World Tour<\/em>, ha conquistado nuevamente M\u00e9xico, registrando llenos totales alrededor del pa\u00eds. La\u00a0<strong>segunda etapa de la gira<\/strong>\u00a0no solo reafirma su estatus como una de las artistas m\u00e1s influyentes de la m\u00fasica latina, sino que tambi\u00e9n ha tra\u00eddo consigo\u00a0<strong>sorpresas\u00a0<\/strong>que han dejado boquiabiertos a sus fans. Entre los cambios m\u00e1s comentados del repertorio,<strong>\u00a0la inclusi\u00f3n de la balada\u00a0<\/strong><em><strong>D\u00eda de Enero<\/strong><\/em>\u00a0se ha convertido en el momento m\u00e1s emotivo y cargado de nostalgia del show.<\/p>\n\n\n\n<figure class=\"wp-block-embed is-type-video is-provider-tiktok wp-block-embed-tiktok\"><div class=\"wp-block-embed__wrapper\">\n<blockquote class=\"tiktok-embed\" cite=\"https:\/\/www.tiktok.com\/@pabloenriqueof\/video\/7544390417207266578\" data-video-id=\"7544390417207266578\" data-embed-from=\"oembed\" style=\"max-width:605px; min-width:325px;\"> <section> <a target=\"_blank\" title=\"@pabloenriqueof\" href=\"https:\/\/www.tiktok.com\/@pabloenriqueof?refer=embed\">@pabloenriqueof<\/a> <p>El invitado sorpresa de Shakira en Ciudad de M\u00e9xico. \ud83d\udde3\ufe0f\ud83d\ude2d <a title=\"shakira\" target=\"_blank\" href=\"https:\/\/www.tiktok.com\/tag\/shakira?refer=embed\">#shakira<\/a> <a title=\"lmynlworldtour\" target=\"_blank\" href=\"https:\/\/www.tiktok.com\/tag\/lmynlworldtour?refer=embed\">#lmynlworldtour<\/a> <a title=\"cdmx\" target=\"_blank\" href=\"https:\/\/www.tiktok.com\/tag\/cdmx?refer=embed\">#cdmx<\/a> <a title=\"concierto\" target=\"_blank\" href=\"https:\/\/www.tiktok.com\/tag\/concierto?refer=embed\">#concierto<\/a> <a title=\"diadeenero\" target=\"_blank\" href=\"https:\/\/www.tiktok.com\/tag\/diadeenero?refer=embed\">#diadeenero<\/a> <\/p> <a target=\"_blank\" title=\"\u266c sonido original - Pablo Enrique\" href=\"https:\/\/www.tiktok.com\/music\/sonido-original-7544390436610231056?refer=embed\">\u266c sonido original &#8211; Pablo Enrique<\/a> <\/section> <\/blockquote> <script async src=\"https:\/\/www.tiktok.com\/embed.js\"><\/script>\n<\/div><\/figure>\n\n\n\n<p>Interpretar\u00a0<em>D\u00eda de Enero<\/em>, canci\u00f3n escrita hace m\u00e1s de veinte a\u00f1os para<strong>\u00a0Antonio de la R\u00faa,<\/strong>\u00a0fue un gesto que no pas\u00f3 desapercibido. La balada, cargada de historia y emoci\u00f3n, encendi\u00f3 los \u00e1nimos de los asistentes y reaviv\u00f3 rumores sobre un posible acercamiento entre la cantante y su exm\u00e1nager y expareja. Durante el concierto, un momento se volvi\u00f3 viral:\u00a0<strong>Antonio de la R\u00faa fue captado<\/strong>,\u00a0<strong>acompa\u00f1ado de su hija, visiblemente emocionado al escuchar la canci\u00f3n<\/strong>. Los videos compartidos por los asistentes muestran a Antonio conmovido, mientras los fans comentaban: \u201cel aut\u00e9ntico \u2018weeey mi canci\u00f3n\u2019\u201d,\u00a0<strong>\u201cComo la mira \ud83d\ude0d\ud83d\ude2d lo que haya sido pero \u00e9l sac\u00f3 la mejor versi\u00f3n de Shakira y punto.\u201d\u00a0<\/strong>\u201cCuando se da cuenta que esa jovencita que el conoci\u00f3 lo logr\u00f3 \ud83d\udc4c\u2728 y que esas canciones que empezaron todo aun suenan con la misma emoci\u00f3n de esos a\u00f1os \ud83e\udd70\ud83d\ude01\u201d\u00a0<strong>\u201cLa emoci\u00f3n apenas y la contiene jajajaja.<\/strong><\/p>\n\n\n\n<p>La&nbsp;<strong>reacci\u00f3n&nbsp;<\/strong>de Antonio y la inclusi\u00f3n de&nbsp;<em>D\u00eda de Enero<\/em>&nbsp;generaron toda clase de interpretaciones entre los seguidores, quienes vieron en estos gestos<strong>&nbsp;una mezcla de nostalgia, respeto y, quiz\u00e1s, un mensaje cargado de simbolismo sobre el pasado de ambos.<\/strong>&nbsp;Aunque la relaci\u00f3n entre Shakira y Antonio termin\u00f3 hace m\u00e1s de 15 a\u00f1os y estuvo marcada por conflictos y la exposici\u00f3n p\u00fablica de traiciones, estos instantes demuestran que<strong>&nbsp;la conexi\u00f3n art\u00edstica y emocional sigue vigente.<\/strong><img decoding=\"async\" src=\"https:\/\/img-s-msn-com.akamaized.net\/tenant\/amp\/entityid\/AA1Lyeor.img?w=768&amp;h=571&amp;m=6&amp;x=2019&amp;y=972&amp;s=367&amp;d=367\" alt=\"Antonio de la R\u00faa en el concierto de Shakira\"><\/p>\n\n\n\n<p class=\"has-small-font-size\"><strong>Antonio de la R\u00faa en el concierto de Shakira<\/strong><\/p>\n\n\n\n<h3 class=\"wp-block-heading\"><strong>Pasado y presente entrelazados<\/strong><\/h3>\n\n\n\n<p>La aparici\u00f3n de Antonio de la R\u00faa en el concierto y su reacci\u00f3n a la balada ha a\u00f1adido un nuevo nivel de expectaci\u00f3n. A pesar de las&nbsp;<strong>especulaciones sobre posibles reconciliaciones sentimentales<\/strong>,&nbsp;<strong>todo apunta a que su presencia responde a acuerdos profesionales<\/strong>&nbsp;y a la cercan\u00eda que mantiene con Shakira tras a\u00f1os de colaboraci\u00f3n y respeto mutuo. Sin embargo, los fans no han dejado de so\u00f1ar y comentar sobre la posibilidad de un reencuentro rom\u00e1ntico, haciendo que cada interpretaci\u00f3n de la balada se viva con una emoci\u00f3n especial.<\/p>\n\n\n\n<p>En definitiva, Shakira ha logrado algo m\u00e1s que un concierto; ha creado un espacio donde pasado y presente se entrelazan, donde la m\u00fasica se convierte en puente entre recuerdos, emociones y reencuentros inesperados.<\/p>\n\n\n\n<figure class=\"wp-block-image size-full\"><img loading=\"lazy\" decoding=\"async\" width=\"416\" height=\"746\" src=\"https:\/\/samantharadionline.com\/wp-content\/uploads\/2025\/08\/image-12.png\" alt=\"\" class=\"wp-image-18965\" srcset=\"https:\/\/samantharadionline.com\/wp-content\/uploads\/2025\/08\/image-12.png 416w, https:\/\/samantharadionline.com\/wp-content\/uploads\/2025\/08\/image-12-167x300.png 167w\" sizes=\"auto, (max-width: 416px) 100vw, 416px\" \/><\/figure>\n\n\n\n<h3 class=\"wp-block-heading\"><strong>Gira renovada, \u00e9xito asegurado<\/strong><\/h3>\n\n\n\n<p>M\u00e1s all\u00e1 de los rumores,&nbsp;<strong>la gira&nbsp;<\/strong><em><strong>Las Mujeres Ya No Lloran World Tour<\/strong><\/em><strong>&nbsp;ha confirmado que Shakira sigue dominando escenarios con un espect\u00e1culo completo<\/strong>: coreograf\u00edas impactantes, cambios de vestuario audaces y un repertorio que combina nostalgia y actualidad. La segunda vuelta a M\u00e9xico ha sido un \u00e9xito rotundo en ventas y en reacciones del p\u00fablico, reafirmando que la colombiana sabe c\u00f3mo reinventarse y mantener la magia que la ha caracterizado durante m\u00e1s de dos d\u00e9cadas de carrera.<\/p>\n\n\n\n<p>Cada interpretaci\u00f3n de la artista no solo celebra sus hits m\u00e1s ic\u00f3nicos, sino que tambi\u00e9n ofrece momentos \u00edntimos, como lo fue\u00a0<em>D\u00eda de Enero<\/em>, que permiten a los fans reconectar con su historia y sus emociones. En redes, los seguidores no dejaron pasar detalle y celebraron la manera en que Shakira sigue transformando recuerdos en experiencias memorables.<\/p>\n","protected":false},"excerpt":{"rendered":"<p>Shakira, con su gira\u00a0Las Mujeres Ya No Lloran World Tour, ha conquistado nuevamente M\u00e9xico, registrando<\/p>\n","protected":false},"author":1,"featured_media":18966,"comment_status":"open","ping_status":"open","sticky":false,"template":"","format":"standard","meta":{"footnotes":""},"categories":[11],"tags":[],"class_list":["post-18964","post","type-post","status-publish","format-standard","has-post-thumbnail","hentry","category-entretenimiento"],"_links":{"self":[{"href":"https:\/\/samantharadionline.com\/index.php\/wp-json\/wp\/v2\/posts\/18964","targetHints":{"allow":["GET"]}}],"collection":[{"href":"https:\/\/samantharadionline.com\/index.php\/wp-json\/wp\/v2\/posts"}],"about":[{"href":"https:\/\/samantharadionline.com\/index.php\/wp-json\/wp\/v2\/types\/post"}],"author":[{"embeddable":true,"href":"https:\/\/samantharadionline.com\/index.php\/wp-json\/wp\/v2\/users\/1"}],"replies":[{"embeddable":true,"href":"https:\/\/samantharadionline.com\/index.php\/wp-json\/wp\/v2\/comments?post=18964"}],"version-history":[{"count":1,"href":"https:\/\/samantharadionline.com\/index.php\/wp-json\/wp\/v2\/posts\/18964\/revisions"}],"predecessor-version":[{"id":18967,"href":"https:\/\/samantharadionline.com\/index.php\/wp-json\/wp\/v2\/posts\/18964\/revisions\/18967"}],"wp:featuredmedia":[{"embeddable":true,"href":"https:\/\/samantharadionline.com\/index.php\/wp-json\/wp\/v2\/media\/18966"}],"wp:attachment":[{"href":"https:\/\/samantharadionline.com\/index.php\/wp-json\/wp\/v2\/media?parent=18964"}],"wp:term":[{"taxonomy":"category","embeddable":true,"href":"https:\/\/samantharadionline.com\/index.php\/wp-json\/wp\/v2\/categories?post=18964"},{"taxonomy":"post_tag","embeddable":true,"href":"https:\/\/samantharadionline.com\/index.php\/wp-json\/wp\/v2\/tags?post=18964"}],"curies":[{"name":"wp","href":"https:\/\/api.w.org\/{rel}","templated":true}]}}