{"id":18961,"date":"2025-08-31T10:13:24","date_gmt":"2025-08-31T14:13:24","guid":{"rendered":"https:\/\/samantharadionline.com\/?p=18961"},"modified":"2025-08-31T10:13:25","modified_gmt":"2025-08-31T14:13:25","slug":"los-estrenos-mas-esperados-del-ultimo-cuatrimestre-de-2025","status":"publish","type":"post","link":"https:\/\/samantharadionline.com\/index.php\/2025\/08\/31\/los-estrenos-mas-esperados-del-ultimo-cuatrimestre-de-2025\/","title":{"rendered":"Los estrenos m\u00e1s esperados del \u00faltimo cuatrimestre de 2025"},"content":{"rendered":"\n<p class=\"has-medium-font-size\"><em>&#8216;Avatar&#8217; y &#8216;Wicked&#8217;,, son algunas de las pel\u00edculas que se estrenan este a\u00f1o<\/em><\/p>\n\n\n\n<figure class=\"wp-block-image\"><img decoding=\"async\" src=\"https:\/\/listindiario.com\/files\/image_60_60\/uploads\/2023\/05\/23\/646cd02f4f53e.jpeg\" alt=\"Avatar del Agencia EFE\"\/><\/figure>\n\n\n\n<p>Las esperad\u00edsimas secuelas de &#8216;Avatar&#8217; (&#8216;Fire and Ash&#8217;, la tercera) y &#8216;<strong>Wicked&#8217;&nbsp;<\/strong>(&#8216;For Good&#8217;, la segunda), son los estrenos cinematogr\u00e1ficos m\u00e1s destacados del \u00faltimo cuatrimestre de 2025, en el que tambi\u00e9n llegar\u00e1, por fin, el ansiado proyecto de &#8216;Frankenstein&#8217;, de Guillermo del Toro.<\/p>\n\n\n\n<h3 class=\"wp-block-heading\">&#8216;Avatar&#8217;, a seguir batiendo r\u00e9cords<\/h3>\n\n\n\n<p>La primera pel\u00edcula del universo &#8216;Avatar&#8217; se convirti\u00f3 en 2009 en la m\u00e1s taquillera de la historia del cine, con 2.923 millones de recaudaci\u00f3n. Y la segunda, &#8216;The Way of Water&#8217;, en la tercera, con 2.320 millones. Solo se col\u00f3 en medio el final de los &#8216;Avengers&#8217;, con 2.799.<\/p>\n\n\n\n<p>Ahora, el 19 de diciembre James Cameron regresa con &#8216;Fire and Ash&#8217;, la tercera de las quinta entregas anunciadas del clan Na&#8217;vi -las dos restantes llegar\u00e1n en 2029 y 2031-, que se espera espectacular y que contar\u00e1 de nuevo con las voces de Zoe Salda\u00f1a, Sam Worthington y Sigourney Weaver.<\/p>\n\n\n\n<h3 class=\"wp-block-heading\">Ariana Grande y Cynthia Erivo, repiten en &#8216;Wicked&#8217;<\/h3>\n\n\n\n<p>Unas semanas antes, el 21 de noviembre, llegar\u00e1 a las salas la segunda entrega del musical de fantas\u00eda &#8216;Wicked&#8217;, protagonizado por Cynthia Erivo, Ariana Grande y Jonathan Bailey.<\/p>\n\n\n\n<p>Una segunda parte de la secuela de &#8216;The Wizard of Oz&#8217; avalada por el \u00e9xito de la primera, que en 2024 se situ\u00f3 como la quinta m\u00e1s taquillera del a\u00f1o, con 756 millones de d\u00f3lares en todo el mundo.<\/p>\n\n\n\n<h3 class=\"wp-block-heading\">Y Guillermo del Toro consigui\u00f3 hacer su &#8216;Frankenstein&#8217;<\/h3>\n\n\n\n<p>Tras m\u00e1s de diez a\u00f1os trabajando en este proyecto con el que so\u00f1aba desde ni\u00f1o, Guillermo del Toro ha logrado finalizar su producci\u00f3n de &#8216;Frankenstein&#8217;, una historia \u00absentimental\u00bb y no de miedo, en las palabras del mexicano, que defendi\u00f3 hace unos meses en Cannes que el personaje de Mary Shelley no es un monstruo, es simplemente que \u00abla gente mira a los otros de manera incorrecta\u00bb.<\/p>\n\n\n\n<p>El estadounidense de origen guatemalteco Oscar Isaac interpreta al cient\u00edfico que se crey\u00f3 un dios y el australiano de origen espa\u00f1ol Jacob Elordi a la criatura salida de su mente retorcida. Un filme que tras pasar por el Festival de Venecia, se estrenar\u00e1 en noviembre en todo el mundo.<\/p>\n\n\n\n<h3 class=\"wp-block-heading\">La mente de Lanthimos y la estrella de Stone, en &#8216;Bugonia&#8217;<\/h3>\n\n\n\n<p>Tambi\u00e9n competir\u00e1 en Venecia el griego Yorgos Lanthimos, que sin duda sorprender\u00e1 de nuevo con &#8216;Bugonia&#8217;, cuarto t\u00edtulo en el que trabaja con Emma Stone. Es una nueva versi\u00f3n de la comedia de ciencia ficci\u00f3n &#8216;Save the green planet&#8217; (2003) del surcoreano Jang Joon-hwan, sobre dos j\u00f3venes obsesionados con las conspiraciones. En cines en la primera semana de noviembre.<\/p>\n\n\n\n<h3 class=\"wp-block-heading\">Secuela de animaci\u00f3n de calidad, &#8216;Zootopia 2&#8217;<\/h3>\n\n\n\n<p>A finales de ese mes saldr\u00e1 en las salas la secuela de una aclamada cinta de animaci\u00f3n, &#8216;Zootopia&#8217; (2016), que super\u00f3 los 1.000 millones de d\u00f3lares en taquilla y fue la quinta m\u00e1s vista de aquel a\u00f1o. Una nueva aventura de este mundo de mam\u00edferos antropom\u00f3rficos.<\/p>\n\n\n\n<h3 class=\"wp-block-heading\">&#8216;Tron: Ares\u2019, la saga que sigue viva 43 a\u00f1os despu\u00e9s<\/h3>\n\n\n\n<p>Fallida en taquilla pero convertida en t\u00edtulo de culto, la &#8216;Tron&#8217; original, de 1982, con Jeff Bridges a la cabeza, se recuper\u00f3 con una secuela en 2010 (&#8216;Legacy&#8217;) y ahora llega una tercera entrega de esta historia de ciencia ficci\u00f3n que se estrenar\u00e1 el 10 de octubre. Al veterano actor le acompa\u00f1an, Jared Leto como Ares y Gillian Anderson.<\/p>\n\n\n\n<h3 class=\"wp-block-heading\">&#8216;Springsteen: Deliver Me From Nowhere&#8217;, llega &#8216;the Boss&#8217;<\/h3>\n\n\n\n<p>Jeremy Allen White interpreta a &#8216;The Boss&#8217; (&#8216;el jefe&#8217;), es decir a uno de los iconos de la historia del rock, Bruce Springsteen, en &#8216;Springsteen: Deliver Me From Nowhere&#8217;, que se estrenar\u00e1 el 24 de octubre y que narra la creaci\u00f3n del \u00e1lbum &#8216;Nebraska&#8217;, de 1982, grabado en un viejo casete de cuatro pistas en su habitaci\u00f3n en Nueva Jersey.<\/p>\n\n\n\n<h3 class=\"wp-block-heading\">El cierre de la elegancia brit\u00e1nica de &#8216;Downton Abbey 3&#8217;<\/h3>\n\n\n\n<p>Quince a\u00f1os despu\u00e9s de que se estrenar\u00e1 la serie sobre la familia Crowley, su elegante historia se cierra el 12 de septiembre con &#8216;The Grand Finale&#8217;, el tercer largometraje, en el que volver\u00e1n a estar Michelle Dockery (Lady Mary), Hugh Bonneville (Robert, conde de Grantham), Laura Carmichael (condesa de Grantham) o Jim Carter (Charles Carson), a quienes se une en esta ocasi\u00f3n Paul Giamatti.<\/p>\n\n\n\n<h3 class=\"wp-block-heading\">&#8216;One Battle after another&#8217;, se unen Anderson y DiCaprio<\/h3>\n\n\n\n<p>Uno de los cineastas cuyos trabajos se esperan siempre con intriga es Paul Thomas Anderson, que ahora se une a Leonardo DiCaprio en la adaptaci\u00f3n de &#8216;Vineland&#8217;, de otro inclasificable, Thomas Pynchon, sobre los movimientos radicales en Estados Unidos en los sesenta, que llegar\u00e1 a los cines a finales de septiembre.<\/p>\n\n\n\n<p>Muchos y destacados t\u00edtulos a los que se unir\u00e1n en noviembre otros como &#8216;The Running Man&#8217;, con uno de los actores de moda, Glen Powell, en una nueva adaptaci\u00f3n de la novela hom\u00f3nima de Stephen King, o &#8216;Badlans&#8217;, la nueva entrega de la saga &#8216;Predator&#8217;, con Elle Fanning.<\/p>\n\n\n\n<p>Y diciembre culminar\u00e1 el a\u00f1o de cine con &#8216;Marty Supreme&#8217;, protagonizada por Thimoth\u00e9e Chalamet como un jugador de ping pong, o &#8216;The Housemaid&#8217;, adaptaci\u00f3n del superventas de Freida McFadden, con Sydney Sweeney y Amanda Seyfried.<\/p>\n","protected":false},"excerpt":{"rendered":"<p>&#8216;Avatar&#8217; y &#8216;Wicked&#8217;,, son algunas de las pel\u00edculas que se estrenan este a\u00f1o Las esperad\u00edsimas<\/p>\n","protected":false},"author":1,"featured_media":18962,"comment_status":"open","ping_status":"open","sticky":false,"template":"","format":"standard","meta":{"footnotes":""},"categories":[11],"tags":[],"class_list":["post-18961","post","type-post","status-publish","format-standard","has-post-thumbnail","hentry","category-entretenimiento"],"_links":{"self":[{"href":"https:\/\/samantharadionline.com\/index.php\/wp-json\/wp\/v2\/posts\/18961","targetHints":{"allow":["GET"]}}],"collection":[{"href":"https:\/\/samantharadionline.com\/index.php\/wp-json\/wp\/v2\/posts"}],"about":[{"href":"https:\/\/samantharadionline.com\/index.php\/wp-json\/wp\/v2\/types\/post"}],"author":[{"embeddable":true,"href":"https:\/\/samantharadionline.com\/index.php\/wp-json\/wp\/v2\/users\/1"}],"replies":[{"embeddable":true,"href":"https:\/\/samantharadionline.com\/index.php\/wp-json\/wp\/v2\/comments?post=18961"}],"version-history":[{"count":1,"href":"https:\/\/samantharadionline.com\/index.php\/wp-json\/wp\/v2\/posts\/18961\/revisions"}],"predecessor-version":[{"id":18963,"href":"https:\/\/samantharadionline.com\/index.php\/wp-json\/wp\/v2\/posts\/18961\/revisions\/18963"}],"wp:featuredmedia":[{"embeddable":true,"href":"https:\/\/samantharadionline.com\/index.php\/wp-json\/wp\/v2\/media\/18962"}],"wp:attachment":[{"href":"https:\/\/samantharadionline.com\/index.php\/wp-json\/wp\/v2\/media?parent=18961"}],"wp:term":[{"taxonomy":"category","embeddable":true,"href":"https:\/\/samantharadionline.com\/index.php\/wp-json\/wp\/v2\/categories?post=18961"},{"taxonomy":"post_tag","embeddable":true,"href":"https:\/\/samantharadionline.com\/index.php\/wp-json\/wp\/v2\/tags?post=18961"}],"curies":[{"name":"wp","href":"https:\/\/api.w.org\/{rel}","templated":true}]}}