{"id":18949,"date":"2025-08-31T09:55:35","date_gmt":"2025-08-31T13:55:35","guid":{"rendered":"https:\/\/samantharadionline.com\/?p=18949"},"modified":"2025-08-31T09:55:36","modified_gmt":"2025-08-31T13:55:36","slug":"8-fallecidos-en-accidente-en-la-otra-banda","status":"publish","type":"post","link":"https:\/\/samantharadionline.com\/index.php\/2025\/08\/31\/8-fallecidos-en-accidente-en-la-otra-banda\/","title":{"rendered":"8 fallecidos en accidente en La Otra Banda"},"content":{"rendered":"\n<p class=\"has-medium-font-size\"><em>Un cami\u00f3n recolector de basura impact\u00f3 una camioneta y a una motocicleta\u00a0<\/em><\/p>\n\n\n\n<p><br>Mayerlin Mart\u00ednez, <strong>Hig\u00fcey<\/strong><\/p>\n\n\n\n<p>Al menos ocho personas fallecidas y 12 resultaron heridas en un accidente m\u00faltiple ocurrido la noche de este s\u00e1bado, en la comunidad de La Ceiba, en la carretera La Ceiba\u2013Otra Banda, municipio Hig\u00fcey.<\/p>\n\n\n\n<p>El hecho se produjo cuando un cami\u00f3n recolector de basura, propiedad de una empresa privada, impact\u00f3 una camioneta que transportaba a varias personas que regresaban de un servicio religioso. Tambi\u00e9n impact\u00f3 a una motocicleta.<\/p>\n\n\n\n<p>De los fallecidos, fueron identificados Ingrid Yan Batiste, de 36 a\u00f1os; Milenor Yan, de 50 a\u00f1os; Youseka Yan Rimpel, de 19 a\u00f1os; Jael Lauf, de 35 a\u00f1os; Estefani Guraud, de 33 a\u00f1os; Rosalva Yanair\u00eds Castro Yan, menor de 13 a\u00f1os; y Florencio Hilario, de 58 a\u00f1os. Estos dos \u00faltimos fallecieron a causa de politraumatismo craneoencef\u00e1lico mientras recib\u00edan atenciones m\u00e9dicas en el Hospital General y de Especialidades Nuestra Se\u00f1ora de La Altagracia (HGENSA). Todas las v\u00edctimas son de nacionalidad haitiana.<\/p>\n\n\n\n<p>De los heridos, siete contin\u00faan ingresados en el hospital local con trauma craneal, de t\u00f3rax, de miembro inferior y lumbar.<\/p>\n\n\n\n<p>Los lesionados fueron trasladados por unidades del Sistema Nacional de Atenci\u00f3n a Emergencias y Seguridad 9-1-1 al Hospital Materno Infantil y al Hospital General y de Especialidades Nuestra Se\u00f1ora de La Altagracia, donde reciben atenci\u00f3n m\u00e9dica.<\/p>\n\n\n\n<p>De acuerdo con el informe de la Secci\u00f3n de Procedimientos de Accidentes de Tr\u00e1nsito de la Digesett-Hig\u00fcey, el choque involucr\u00f3 un cami\u00f3n recolector de basura marca Mack, modelo LEU600, placa L497988, conducido por Jos\u00e9 Laurencio Severino, de 47 a\u00f1os; una motocicleta de datos desconocidos en la que viajaban dos personas; y una camioneta Toyota Tacoma, placa L004828, conducida por Shalmay Senson Agapito, de 58 a\u00f1os.<\/p>\n","protected":false},"excerpt":{"rendered":"<p>Un cami\u00f3n recolector de basura impact\u00f3 una camioneta y a una motocicleta\u00a0 Mayerlin Mart\u00ednez, Hig\u00fcey<\/p>\n","protected":false},"author":1,"featured_media":18950,"comment_status":"open","ping_status":"open","sticky":false,"template":"","format":"standard","meta":{"footnotes":""},"categories":[12],"tags":[],"class_list":["post-18949","post","type-post","status-publish","format-standard","has-post-thumbnail","hentry","category-nacionales"],"_links":{"self":[{"href":"https:\/\/samantharadionline.com\/index.php\/wp-json\/wp\/v2\/posts\/18949","targetHints":{"allow":["GET"]}}],"collection":[{"href":"https:\/\/samantharadionline.com\/index.php\/wp-json\/wp\/v2\/posts"}],"about":[{"href":"https:\/\/samantharadionline.com\/index.php\/wp-json\/wp\/v2\/types\/post"}],"author":[{"embeddable":true,"href":"https:\/\/samantharadionline.com\/index.php\/wp-json\/wp\/v2\/users\/1"}],"replies":[{"embeddable":true,"href":"https:\/\/samantharadionline.com\/index.php\/wp-json\/wp\/v2\/comments?post=18949"}],"version-history":[{"count":1,"href":"https:\/\/samantharadionline.com\/index.php\/wp-json\/wp\/v2\/posts\/18949\/revisions"}],"predecessor-version":[{"id":18951,"href":"https:\/\/samantharadionline.com\/index.php\/wp-json\/wp\/v2\/posts\/18949\/revisions\/18951"}],"wp:featuredmedia":[{"embeddable":true,"href":"https:\/\/samantharadionline.com\/index.php\/wp-json\/wp\/v2\/media\/18950"}],"wp:attachment":[{"href":"https:\/\/samantharadionline.com\/index.php\/wp-json\/wp\/v2\/media?parent=18949"}],"wp:term":[{"taxonomy":"category","embeddable":true,"href":"https:\/\/samantharadionline.com\/index.php\/wp-json\/wp\/v2\/categories?post=18949"},{"taxonomy":"post_tag","embeddable":true,"href":"https:\/\/samantharadionline.com\/index.php\/wp-json\/wp\/v2\/tags?post=18949"}],"curies":[{"name":"wp","href":"https:\/\/api.w.org\/{rel}","templated":true}]}}