{"id":18943,"date":"2025-08-29T20:33:23","date_gmt":"2025-08-30T00:33:23","guid":{"rendered":"https:\/\/samantharadionline.com\/?p=18943"},"modified":"2025-08-29T20:33:24","modified_gmt":"2025-08-30T00:33:24","slug":"confirman-5-anos-de-condena-contra-exdiputada-del-prm","status":"publish","type":"post","link":"https:\/\/samantharadionline.com\/index.php\/2025\/08\/29\/confirman-5-anos-de-condena-contra-exdiputada-del-prm\/","title":{"rendered":"Confirman 5 a\u00f1os de condena contra exdiputada del PRM"},"content":{"rendered":"\n<p class=\"has-medium-font-size\"><em>La sentencia firmada condena a Rosa Amalia Pilarte al pago de una multa de 200 salarios m\u00ednimos del sector p\u00fablico<\/em><\/p>\n\n\n\n<figure class=\"wp-block-image\"><img decoding=\"async\" src=\"https:\/\/listindiario.com\/files\/image_60_60\/uploads\/2023\/05\/11\/645d0fa7541ad.png\" alt=\"Avatar del Ram\u00f3n Cruz Benz\u00e1n\"\/><\/figure>\n\n\n\n<p><em>\u00a0<\/em>Ram\u00f3n Cruz Benz\u00e1n, <strong>Santo Domingo, RD.<\/strong><\/p>\n\n\n\n<p>En una decisi\u00f3n de jurisdicci\u00f3n privilegiada, el pleno de la&nbsp;<strong>Suprema Corte de Justicia<\/strong>&nbsp;ratific\u00f3 la condena de cinco a\u00f1os de prisi\u00f3n contra la exdiputada por La Vega,&nbsp;<strong>Rosa Amalia Pilarte<\/strong>, por lavado de activos y financiamiento del terrorismo.<\/p>\n\n\n\n<p>La sentencia firmada por el presidente de la Suprema, Henry Molina y los dem\u00e1s integrantes, condena adem\u00e1s a la exlegisladora por el Partido Revolucionario Moderno (PRM) al pago de una multa de 200 salarios m\u00ednimos del sector p\u00fablico contra<\/p>\n\n\n\n<p>La sentencia, emitida este 29 de agosto, rechaz\u00f3 en su totalidad el recurso de casaci\u00f3n de la defensa y confirm\u00f3 la culpabilidad de Pilarte por infracciones a la Ley n\u00fam. 155-17 sobre Lavado de Activos y Financiamiento del Terrorismo.<\/p>\n\n\n\n<h3 class=\"wp-block-heading\">Discrepancia financiera y base de la condena<\/h3>\n\n\n\n<p>La sentencia destaca que la defensa no pudo refutar las pruebas que demostraron que Pilarte moviliz\u00f3 m\u00e1s de RD$4,400 millones en sus cuentas entre 2003 y 2021, a pesar de haber declarado ingresos por solo RD$16 millones durante ese mismo per\u00edodo.<\/p>\n\n\n\n<p>El tribunal consider\u00f3 insostenible la discrepancia entre sus ingresos declarados y los movimientos millonarios.<\/p>\n\n\n\n<p>Adem\u00e1s, el pleno de la Suprema determin\u00f3 que Pilarte actu\u00f3 con pleno conocimiento del origen il\u00edcito de los fondos.<\/p>\n\n\n\n<p>La acusada transfiri\u00f3 m\u00faltiples inmuebles a una empresa fachada, Inversiones Inmobiliaria Cutup\u00fa, S.R.L., siguiendo un patr\u00f3n de colocaci\u00f3n, estratificaci\u00f3n e integraci\u00f3n t\u00edpico de las operaciones de lavado de activos.<\/p>\n\n\n\n<p>La Suprema confirm\u00f3 que la condena se fundamenta en pruebas suficientes e indicios razonables presentados durante el juicio.<\/p>\n\n\n\n<p>La sentencia incluye el pago de las costas procesales y ser\u00e1 notificada a las partes y al Tribunal de Ejecuci\u00f3n de la Pena de La Vega para su cumplimiento.<\/p>\n\n\n\n<p>En la audiencia, la&nbsp;<strong>Procuradur\u00eda General de la Rep\u00fablica<\/strong>&nbsp;hab\u00eda pedido que se confirme la sentencia que le fue impuesta, mientras que sus abogados hab\u00edan pedido que fuera anulada la sentencia recurrida en casaci\u00f3n.<\/p>\n\n\n\n<p>Ahora con la nueva Ley de Casaci\u00f3n, las decisiones del pleno de la Suprema Recuerda se publican y no se le da lectura como anteriormente se hac\u00eda.<\/p>\n\n\n\n<p>Cabe destacar que la&nbsp;<strong>Segunda Sala Penal de la Suprema<\/strong>, conden\u00f3 adem\u00e1s a la exlegisladora al pago de una multa de 200 salarios m\u00ednimos del sector p\u00fablico y que la pena impuesta fuera cumplida en el centro de&nbsp;<strong>Correcci\u00f3n y Rehabilitaci\u00f3n Rafey Mujeres, en Santiago.<\/strong><\/p>\n\n\n\n<p>Adem\u00e1s, ese tribunal orden\u00f3 el decomiso a favor del Estado dominicano de varios inmuebles ubicados en La Vega, entre ellos un terreno un inmueble de 728.11 metros cuadrados.<\/p>\n\n\n\n<p>Otro inmueble de 811.45 metros cuadrados, otro inmueble de 682.50 metros cuadrados; un inmueble 1492.42 metros cuadrados; parcela #11 con una extensi\u00f3n de 28,273 metros cuadrado.<\/p>\n\n\n\n<p>Tambi\u00e9n un local comercial con una extensi\u00f3n 35.75 metros cuadrados; inmueble identificado como comunidad funcional B1, de una extensi\u00f3n 46.86 metros cuadrados, entre otros.<\/p>\n\n\n\n<p>El Ministerio P\u00fablico hab\u00eda pedido a la Sala Penal de la Suprema que Rosa Pilarte fuera sentenciada a 10 a\u00f1os de prisi\u00f3n.<\/p>\n","protected":false},"excerpt":{"rendered":"<p>La sentencia firmada condena a Rosa Amalia Pilarte al pago de una multa de 200<\/p>\n","protected":false},"author":1,"featured_media":18944,"comment_status":"open","ping_status":"open","sticky":false,"template":"","format":"standard","meta":{"footnotes":""},"categories":[12],"tags":[],"class_list":["post-18943","post","type-post","status-publish","format-standard","has-post-thumbnail","hentry","category-nacionales"],"_links":{"self":[{"href":"https:\/\/samantharadionline.com\/index.php\/wp-json\/wp\/v2\/posts\/18943","targetHints":{"allow":["GET"]}}],"collection":[{"href":"https:\/\/samantharadionline.com\/index.php\/wp-json\/wp\/v2\/posts"}],"about":[{"href":"https:\/\/samantharadionline.com\/index.php\/wp-json\/wp\/v2\/types\/post"}],"author":[{"embeddable":true,"href":"https:\/\/samantharadionline.com\/index.php\/wp-json\/wp\/v2\/users\/1"}],"replies":[{"embeddable":true,"href":"https:\/\/samantharadionline.com\/index.php\/wp-json\/wp\/v2\/comments?post=18943"}],"version-history":[{"count":1,"href":"https:\/\/samantharadionline.com\/index.php\/wp-json\/wp\/v2\/posts\/18943\/revisions"}],"predecessor-version":[{"id":18945,"href":"https:\/\/samantharadionline.com\/index.php\/wp-json\/wp\/v2\/posts\/18943\/revisions\/18945"}],"wp:featuredmedia":[{"embeddable":true,"href":"https:\/\/samantharadionline.com\/index.php\/wp-json\/wp\/v2\/media\/18944"}],"wp:attachment":[{"href":"https:\/\/samantharadionline.com\/index.php\/wp-json\/wp\/v2\/media?parent=18943"}],"wp:term":[{"taxonomy":"category","embeddable":true,"href":"https:\/\/samantharadionline.com\/index.php\/wp-json\/wp\/v2\/categories?post=18943"},{"taxonomy":"post_tag","embeddable":true,"href":"https:\/\/samantharadionline.com\/index.php\/wp-json\/wp\/v2\/tags?post=18943"}],"curies":[{"name":"wp","href":"https:\/\/api.w.org\/{rel}","templated":true}]}}