{"id":18940,"date":"2025-08-29T20:21:15","date_gmt":"2025-08-30T00:21:15","guid":{"rendered":"https:\/\/samantharadionline.com\/?p=18940"},"modified":"2025-08-29T20:21:15","modified_gmt":"2025-08-30T00:21:15","slug":"abinader-nombra-a-zorrilla-ozuna","status":"publish","type":"post","link":"https:\/\/samantharadionline.com\/index.php\/2025\/08\/29\/abinader-nombra-a-zorrilla-ozuna\/","title":{"rendered":"Abinader nombra a Zorrilla Ozuna"},"content":{"rendered":"\n<p class=\"has-medium-font-size\"><em>Zorrilla Ozuna lo hizo jurar en plena campa\u00f1a electoral que lo nombrar\u00eda en el Gobierno<\/em><\/p>\n\n\n\n<figure class=\"wp-block-image\"><img decoding=\"async\" src=\"https:\/\/listindiario.com\/files\/image_60_60\/uploads\/2024\/07\/02\/66847150a5ccb.jpeg\" alt=\"Avatar del Rosa Luna\"\/><\/figure>\n\n\n\n<p><em>\u00a0<\/em>Rosa Luna, <strong>Santo Domingo, RD<\/strong><\/p>\n\n\n\n<p>El presidente&nbsp;<strong>Luis Abinader<\/strong>&nbsp;cumpli\u00f3 su juramento de nombrar a&nbsp;<strong>Jorge Radham\u00e9s Zorrilla Ozuna<\/strong>&nbsp;en un cargo p\u00fablico&nbsp;en su gesti\u00f3n de gobierno.<\/p>\n\n\n\n<p>El mandatario emiti\u00f3 este viernes el decreto 475-25, en el que nombr\u00f3 a Zorrilla Ozuna como nuevo director general de la<strong>&nbsp;Direcci\u00f3n General de Desarrollo Fronterizo<\/strong>&nbsp;(DGDF).<\/p>\n\n\n\n<p>Zorrilla Ozuna es un abogado y pol\u00edtico con una amplia trayectoria en la vida p\u00fablica dominicana, destac\u00e1ndose como excomandante general del Ej\u00e9rcito y exdirector del&nbsp;<strong>Instituto Nacional de Estabilizaci\u00f3n de Precios<\/strong>&nbsp;(Inespre).<\/p>\n\n\n\n<p>La designaci\u00f3n del general retirado se produce casi dos a\u00f1os despu\u00e9s de que durante el acto donde su partido, el C\u00edvico Renovador (PCR), lo proclamar\u00e1 como su candidato presidencial y lo hiciera jurar que lo integrar\u00eda al tren gubernamental.<\/p>\n\n\n\n<p>\u201cJura usted darnos la oportunidad de nosotros ser parte del tren gubernamental desde ahora y tambi\u00e9n para despu\u00e9s\u201d, fueron las palabras que utiliz\u00f3 utilizadas por Zorrilla Ozuna a la hora de proclamar al presidente Abinader, quien respondi\u00f3: \u201cS\u00ed, lo juro\u201d.<\/p>\n\n\n\n<p>Sin embargo en los meses pr\u00f3ximos, a\u00fan despu\u00e9s de ser electo presidente por segundo periodo consecutivo, el decreto de Zorrilla Ozuna se manten\u00eda sin llegar; este \u00faltimo, cuando era cuestionado por los medios de comunicaci\u00f3n, este se\u00f1alaba que esperaba \u201ccon paciencia\u201d una designaci\u00f3n dentro del tren gubernamental.<\/p>\n\n\n\n<p>\u201cEl presidente de la Rep\u00fablica, a su debido tiempo, tomar\u00e1 la decisi\u00f3n, porque realmente \u00e9l lo ha dicho y lo dijo: que no iba a nombrar a todos los partidos aliados en un mismo decreto. Entonces, nosotros tenemos paciencia y estamos esperando la decisi\u00f3n del se\u00f1or presidente\u201d, lleg\u00f3 a manifestar Zorrilla Ozuna.<\/p>\n\n\n\n<h3 class=\"wp-block-heading\">Abinader hab\u00eda criticado su gesti\u00f3n en Inespre<\/h3>\n\n\n\n<p>En varias ocasiones, Abinader critic\u00f3 que durante la administraci\u00f3n de Danilo Medina, Inespre era \u201cdisfuncional\u201d e \u201cinoperante\u201d.<\/p>\n\n\n\n<h3 class=\"wp-block-heading\">Sepa m\u00e1s<\/h3>\n\n\n\n<p>Adem\u00e1s, de su labor pol\u00edtica, es conferencista, historiador y autor de obras sobre Gregorio Luper\u00f3n, y lidera el&nbsp;<strong>Instituto de Estudios Antillanistas y la Fundaci\u00f3n Sila Ozuna<\/strong>, orientada a proyectos sociales y comunitarios.<\/p>\n","protected":false},"excerpt":{"rendered":"<p>Zorrilla Ozuna lo hizo jurar en plena campa\u00f1a electoral que lo nombrar\u00eda en el Gobierno<\/p>\n","protected":false},"author":1,"featured_media":18941,"comment_status":"open","ping_status":"open","sticky":false,"template":"","format":"standard","meta":{"footnotes":""},"categories":[12],"tags":[],"class_list":["post-18940","post","type-post","status-publish","format-standard","has-post-thumbnail","hentry","category-nacionales"],"_links":{"self":[{"href":"https:\/\/samantharadionline.com\/index.php\/wp-json\/wp\/v2\/posts\/18940","targetHints":{"allow":["GET"]}}],"collection":[{"href":"https:\/\/samantharadionline.com\/index.php\/wp-json\/wp\/v2\/posts"}],"about":[{"href":"https:\/\/samantharadionline.com\/index.php\/wp-json\/wp\/v2\/types\/post"}],"author":[{"embeddable":true,"href":"https:\/\/samantharadionline.com\/index.php\/wp-json\/wp\/v2\/users\/1"}],"replies":[{"embeddable":true,"href":"https:\/\/samantharadionline.com\/index.php\/wp-json\/wp\/v2\/comments?post=18940"}],"version-history":[{"count":1,"href":"https:\/\/samantharadionline.com\/index.php\/wp-json\/wp\/v2\/posts\/18940\/revisions"}],"predecessor-version":[{"id":18942,"href":"https:\/\/samantharadionline.com\/index.php\/wp-json\/wp\/v2\/posts\/18940\/revisions\/18942"}],"wp:featuredmedia":[{"embeddable":true,"href":"https:\/\/samantharadionline.com\/index.php\/wp-json\/wp\/v2\/media\/18941"}],"wp:attachment":[{"href":"https:\/\/samantharadionline.com\/index.php\/wp-json\/wp\/v2\/media?parent=18940"}],"wp:term":[{"taxonomy":"category","embeddable":true,"href":"https:\/\/samantharadionline.com\/index.php\/wp-json\/wp\/v2\/categories?post=18940"},{"taxonomy":"post_tag","embeddable":true,"href":"https:\/\/samantharadionline.com\/index.php\/wp-json\/wp\/v2\/tags?post=18940"}],"curies":[{"name":"wp","href":"https:\/\/api.w.org\/{rel}","templated":true}]}}