{"id":18937,"date":"2025-08-29T20:18:47","date_gmt":"2025-08-30T00:18:47","guid":{"rendered":"https:\/\/samantharadionline.com\/?p=18937"},"modified":"2025-08-29T20:18:48","modified_gmt":"2025-08-30T00:18:48","slug":"uno-de-los-acusados-de-abuso-sexual-contra-joven-en-villa-gonzalez-se-entrega-hoy","status":"publish","type":"post","link":"https:\/\/samantharadionline.com\/index.php\/2025\/08\/29\/uno-de-los-acusados-de-abuso-sexual-contra-joven-en-villa-gonzalez-se-entrega-hoy\/","title":{"rendered":"Uno de los acusados de abuso sexual contra joven en Villa Gonz\u00e1lez, se entrega hoy"},"content":{"rendered":"\n<p class=\"has-medium-font-size\"><em>En un video difundido por el cuerpo del orden se observa el joven llegar en un veh\u00edculo negro al Palacio de la Polic\u00eda Nacional de Santo Domingo, en pantalones cortos y abrigo y de inmediato ser esposado<\/em><\/p>\n\n\n\n<p>L.D., <strong>Santo Domingo, RD.\u00a0<\/strong><\/p>\n\n\n\n<p>La Polic\u00eda Nacional inform\u00f3 que&nbsp;<strong>Jos\u00e9 Alfonso Rubiera<\/strong>, uno de los j\u00f3venes se\u00f1alados como parte del grupo de seis personas que abus\u00f3 sexualmente de una joven en el municipio Villa Gonz\u00e1lez, provincia Santiago, se entreg\u00f3 a las autoridades.<\/p>\n\n\n\n<p>En un video difundido por el cuerpo del orden se observa el joven llegar en un veh\u00edculo negro al Palacio de la Polic\u00eda Nacional de Santo Domingo, en pantalones cortos y abrigo y de inmediato ser esposado.<\/p>\n\n\n\n<p>De acuerdo a la nota de prensa, Jos\u00e9 Alfonso Rubiera ser\u00e1 puesto \u201cde inmediato\u201d a disposici\u00f3n del Ministerio P\u00fablico para los fines legales correspondientes.<\/p>\n\n\n\n<p>La polic\u00eda hab\u00eda identificado a estos j\u00f3venes como \u00c1lvarez,&nbsp;<strong>El Juaro, Ferer\u00e9, Contreras, Fonso y Bebe o Chichi.<\/strong><\/p>\n\n\n\n<p><strong>Lea tambi\u00e9n<\/strong><\/p>\n\n\n\n<p>De acuerdo a las informaciones, a las 11:45 a.m., una mujer se present\u00f3 ante la entidad de violencia de g\u00e9nero de Santiago para formalizar una denuncia de un hecho ocurrido hace cinco meses.<\/p>\n\n\n\n<p>La v\u00edctima, de 21 a\u00f1os, narr\u00f3 que se encontraba en un colmad\u00f3n cercano a una parada de autob\u00fas de la zona, compartiendo con una amiga, cuando presuntamente le habr\u00edan dado a consumir alguna sustancia.<\/p>\n\n\n\n<p>La joven, quien desconoc\u00eda que le hab\u00eda ocurrido este hecho, se enter\u00f3 porque se difundieron videos de su violaci\u00f3n.&nbsp;<\/p>\n","protected":false},"excerpt":{"rendered":"<p>En un video difundido por el cuerpo del orden se observa el joven llegar en<\/p>\n","protected":false},"author":1,"featured_media":18938,"comment_status":"open","ping_status":"open","sticky":false,"template":"","format":"standard","meta":{"footnotes":""},"categories":[12],"tags":[],"class_list":["post-18937","post","type-post","status-publish","format-standard","has-post-thumbnail","hentry","category-nacionales"],"_links":{"self":[{"href":"https:\/\/samantharadionline.com\/index.php\/wp-json\/wp\/v2\/posts\/18937","targetHints":{"allow":["GET"]}}],"collection":[{"href":"https:\/\/samantharadionline.com\/index.php\/wp-json\/wp\/v2\/posts"}],"about":[{"href":"https:\/\/samantharadionline.com\/index.php\/wp-json\/wp\/v2\/types\/post"}],"author":[{"embeddable":true,"href":"https:\/\/samantharadionline.com\/index.php\/wp-json\/wp\/v2\/users\/1"}],"replies":[{"embeddable":true,"href":"https:\/\/samantharadionline.com\/index.php\/wp-json\/wp\/v2\/comments?post=18937"}],"version-history":[{"count":1,"href":"https:\/\/samantharadionline.com\/index.php\/wp-json\/wp\/v2\/posts\/18937\/revisions"}],"predecessor-version":[{"id":18939,"href":"https:\/\/samantharadionline.com\/index.php\/wp-json\/wp\/v2\/posts\/18937\/revisions\/18939"}],"wp:featuredmedia":[{"embeddable":true,"href":"https:\/\/samantharadionline.com\/index.php\/wp-json\/wp\/v2\/media\/18938"}],"wp:attachment":[{"href":"https:\/\/samantharadionline.com\/index.php\/wp-json\/wp\/v2\/media?parent=18937"}],"wp:term":[{"taxonomy":"category","embeddable":true,"href":"https:\/\/samantharadionline.com\/index.php\/wp-json\/wp\/v2\/categories?post=18937"},{"taxonomy":"post_tag","embeddable":true,"href":"https:\/\/samantharadionline.com\/index.php\/wp-json\/wp\/v2\/tags?post=18937"}],"curies":[{"name":"wp","href":"https:\/\/api.w.org\/{rel}","templated":true}]}}