{"id":18933,"date":"2025-08-29T13:51:07","date_gmt":"2025-08-29T17:51:07","guid":{"rendered":"https:\/\/samantharadionline.com\/?p=18933"},"modified":"2025-08-29T13:51:08","modified_gmt":"2025-08-29T17:51:08","slug":"danilo-medina-tendra-el-domingo-las-palabras-centrales-en-la-asamblea-politica-del-pld-en-mao","status":"publish","type":"post","link":"https:\/\/samantharadionline.com\/index.php\/2025\/08\/29\/danilo-medina-tendra-el-domingo-las-palabras-centrales-en-la-asamblea-politica-del-pld-en-mao\/","title":{"rendered":"Danilo Medina tendr\u00e1 el domingo las palabras centrales en la asamblea pol\u00edtica del PLD en Mao"},"content":{"rendered":"\n<p class=\"has-medium-font-size\"><em>Esta ser\u00eda la primera aparici\u00f3n p\u00fablica del exgobernante Medina, luego de que su hermano, Alexis Medina, fuese encontrado culpable el pasado jueves en el Segundo Tribunal Colegiado del Distrito Nacional<\/em><\/p>\n\n\n\n<figure class=\"wp-block-image\"><img decoding=\"async\" src=\"https:\/\/listindiario.com\/files\/image_60_60\/uploads\/2023\/05\/16\/64637a1e3ff38.jpeg\" alt=\"Avatar del \u00c1ngel Valdez\"\/><\/figure>\n\n\n\n<p><em>\u00a0<\/em>\u00c1ngel Valdez, <strong>Santo Domingo, RD<\/strong><\/p>\n\n\n\n<p>El expresidente de la Rep\u00fablica,<strong>&nbsp;Danilo Medina<\/strong>, encabezar\u00e1 una reuni\u00f3n este domingo ante la dirigencia pol\u00edtica del&nbsp;<strong>Partido de la Liberaci\u00f3n Dominicana (PLD)<\/strong>&nbsp;situada en Mao, municipio de Valverde.<\/p>\n\n\n\n<p>Esta ser\u00eda la primera aparici\u00f3n p\u00fablica del exgobernante luego de que su hermano,&nbsp;<strong>Alexis Medina<\/strong>, fuese encontrado culpable el pasado jueves por el Segundo Tribunal Colegiado del Distrito Nacional por actos de corrupci\u00f3n gubernamental durante su mandato.<\/p>\n\n\n\n<p><strong>Las juezas Clarivel Nivar<\/strong>,&nbsp;<strong>Clara Castillo<\/strong>&nbsp;y&nbsp;<strong>Jisell Soto<\/strong>&nbsp;condenaron a Medina a&nbsp;<strong>siete a\u00f1os de prisi\u00f3n<\/strong>&nbsp;por haber aprovechado su condici\u00f3n de ser el&nbsp; hermano del expresidente Medina para crear un entramado societario que se benefici\u00f3 de obras, bienes y servicios del Estado mediante maniobras fraudulentas.<\/p>\n\n\n\n<p>El PLD comparti\u00f3 una nota de prensa en respuesta a la sentencia, en la que rechaz\u00f3 la decisi\u00f3n de las magistradas, alegando que la sentencia&nbsp;<strong>evidenciaba<\/strong>&nbsp;una&nbsp;<strong>\u201cmala fe\u201d<\/strong>&nbsp;y&nbsp;<strong>el \u201cuso pol\u00edtico del Ministerio P\u00fablico (MP)\u201d<\/strong>.<\/p>\n\n\n\n<p>Sin embargo, la direcci\u00f3n del partido pol\u00edtico opositor no se refiri\u00f3 de manera espec\u00edfica en su declaraci\u00f3n a la situaci\u00f3n judicial en la cual se encuentra el consangu\u00edneo del exgobernante dominicano.&nbsp;<\/p>\n\n\n\n<p><strong>\u201cMis familiares son v\u00edctimas de ser hermanos de Danilo Medina, por eso est\u00e1n presos y por eso los persiguen, porque son mis hermanas\u201d<\/strong>, esta fueron sus declaraciones el pasado 5 de marzo al ser entrevistado en el programa radial Sol de la Ma\u00f1ana, de Zol 106.5 FM.<\/p>\n\n\n\n<h3 class=\"wp-block-heading\">En lo pol\u00edtico<\/h3>\n\n\n\n<p>Mientras tanto,&nbsp;<strong>el Partido Revolucionario Moderno suspendi\u00f3 la actividad que ten\u00edan pautada en<\/strong>&nbsp;el polideportivo de los sectores que conforman al Nuevo Domingo Savio del Distrito Nacional, donde ten\u00edan planeado conmemorar sus cinco a\u00f1os de gesti\u00f3n,&nbsp;<strong>\u201cmarcados por el cambio, la transparencia y el compromiso con la gente\u201d<\/strong>.<\/p>\n\n\n\n<p>Esto surge en momentos que el PLD continua sufriendo renuncias de sus dirigentes.&nbsp;La \u00faltima ocurri\u00f3 el pasado lunes, cuando el exsenador de Barahona, Jos\u00e9 del Castillo,&nbsp;Charinee Ovalles y Luis Alberto Pel\u00e1ez, integrantes del Comit\u00e9 Central, presentaran sus cartas de salida precisamente despu\u00e9s ser citados por el Tribunal Nacional de Disciplina y \u00c9tica, debido a supuestas violaciones a las normativas.<\/p>\n\n\n\n<h3 class=\"wp-block-heading\">Asamblea&nbsp;<\/h3>\n\n\n\n<p>La Secretar\u00eda de Comunicaciones del PLD inform\u00f3 que la asamblea de dirigentes ser\u00e1 desarrollada en el Club de Leones a las 10:00 de la ma\u00f1ana, donde el expresidente Medina tendr\u00e1 las&nbsp;<strong>\u201cpalabras centrales\u201d<\/strong>, junto a las intervenciones de la dirigencia en esa localidad. El secretario general del partido, Johnny Pujols, tambi\u00e9n estar\u00e1 presente.<\/p>\n\n\n\n<h3 class=\"wp-block-heading\">Caso de corrupci\u00f3n<\/h3>\n\n\n\n<p>\u201cEl Ministerio P\u00fablico (MP) actu\u00f3 con falta de objetividad y con ensa\u00f1amiento en contra de exfuncionarios y dirigentes del PLD que hoy han sido descargados por el tribunal\u201d, se\u00f1al\u00f3 el partido opositor en el referido comunicado distribuido a los medios de comunicaci\u00f3n la tarde del jueves.<\/p>\n\n\n\n<p>La comunicaci\u00f3n asegura que el descargo de diversos imputados establecido por la decisi\u00f3n judicial demuestra la inexistencia de una \u201cestructura criminal\u201d. Uno de estos casos es la hermana, tambi\u00e9n imputada, del expresidente Medina, Carmen Magaly Medina S\u00e1nchez, quien result\u00f3 absuelta.<\/p>\n\n\n\n<p>\u201cEste fallo ratifica que la acusaci\u00f3n en contra de nuestros compa\u00f1eros carec\u00eda de sustento probatorio real y que se intent\u00f3 vincular, de manera infundada, a una organizaci\u00f3n pol\u00edtica con actos ajenos a su naturaleza y a su pr\u00e1ctica institucional\u201d, dec\u00eda la declaraci\u00f3n, sin hacer referencia a ning\u00fan nombre en particular.<\/p>\n\n\n\n<p>El PLD reiter\u00f3 su posici\u00f3n de que, durante todo el proceso, el \u00f3rgano acusador \u201cdesconoci\u00f3 garant\u00edas fundamentales, afect\u00f3 reputaciones y utiliz\u00f3 filtraciones y declaraciones sin sustento para construir una narrativa pol\u00edtica\u201d.<\/p>\n\n\n\n<h3 class=\"wp-block-heading\">Otros condenados<\/h3>\n\n\n\n<p>El tribunal tambi\u00e9n dict\u00f3 cinco a\u00f1os de prisi\u00f3n suspendida a V\u00edctor Mat\u00edas Encarnaci\u00f3n Montero y al pago de una multa de RD$500,000.<\/p>\n\n\n\n<p>Jos\u00e9 Dolores Santana Carmona tambi\u00e9n fue hallado culpable y condenado a seis a\u00f1os para ser cumplida en Najayo Hombres; de la misma manera fue sentenciado Wascar Bernab\u00e9 M\u00e9ndez, quien deber\u00e1 cumplir cinco a\u00f1os en el mismo recinto carcelario.<\/p>\n\n\n\n<p>Por igual fueron condenados Paola Molina Suazo a cinco a\u00f1os en Najayo Mujeres y su esposo Mart\u00edn Monte de Oca a la mism<\/p>\n","protected":false},"excerpt":{"rendered":"<p>Esta ser\u00eda la primera aparici\u00f3n p\u00fablica del exgobernante Medina, luego de que su hermano, Alexis<\/p>\n","protected":false},"author":1,"featured_media":18934,"comment_status":"open","ping_status":"open","sticky":false,"template":"","format":"standard","meta":{"footnotes":""},"categories":[12],"tags":[],"class_list":["post-18933","post","type-post","status-publish","format-standard","has-post-thumbnail","hentry","category-nacionales"],"_links":{"self":[{"href":"https:\/\/samantharadionline.com\/index.php\/wp-json\/wp\/v2\/posts\/18933","targetHints":{"allow":["GET"]}}],"collection":[{"href":"https:\/\/samantharadionline.com\/index.php\/wp-json\/wp\/v2\/posts"}],"about":[{"href":"https:\/\/samantharadionline.com\/index.php\/wp-json\/wp\/v2\/types\/post"}],"author":[{"embeddable":true,"href":"https:\/\/samantharadionline.com\/index.php\/wp-json\/wp\/v2\/users\/1"}],"replies":[{"embeddable":true,"href":"https:\/\/samantharadionline.com\/index.php\/wp-json\/wp\/v2\/comments?post=18933"}],"version-history":[{"count":1,"href":"https:\/\/samantharadionline.com\/index.php\/wp-json\/wp\/v2\/posts\/18933\/revisions"}],"predecessor-version":[{"id":18935,"href":"https:\/\/samantharadionline.com\/index.php\/wp-json\/wp\/v2\/posts\/18933\/revisions\/18935"}],"wp:featuredmedia":[{"embeddable":true,"href":"https:\/\/samantharadionline.com\/index.php\/wp-json\/wp\/v2\/media\/18934"}],"wp:attachment":[{"href":"https:\/\/samantharadionline.com\/index.php\/wp-json\/wp\/v2\/media?parent=18933"}],"wp:term":[{"taxonomy":"category","embeddable":true,"href":"https:\/\/samantharadionline.com\/index.php\/wp-json\/wp\/v2\/categories?post=18933"},{"taxonomy":"post_tag","embeddable":true,"href":"https:\/\/samantharadionline.com\/index.php\/wp-json\/wp\/v2\/tags?post=18933"}],"curies":[{"name":"wp","href":"https:\/\/api.w.org\/{rel}","templated":true}]}}