{"id":18930,"date":"2025-08-29T13:47:35","date_gmt":"2025-08-29T17:47:35","guid":{"rendered":"https:\/\/samantharadionline.com\/?p=18930"},"modified":"2025-08-29T13:47:36","modified_gmt":"2025-08-29T17:47:36","slug":"suprema-decidira-hoy-si-confirma-o-anula-condena-de-ex-diputada-rosa-amalia-pilarte","status":"publish","type":"post","link":"https:\/\/samantharadionline.com\/index.php\/2025\/08\/29\/suprema-decidira-hoy-si-confirma-o-anula-condena-de-ex-diputada-rosa-amalia-pilarte\/","title":{"rendered":"Suprema decidir\u00e1 hoy si confirma o anula condena de ex diputada Rosa Amalia Pilarte"},"content":{"rendered":"\n<p class=\"has-medium-font-size\"><em>El tribunal, presidido por Henry Molina, se hab\u00eda reservado el fallo sobre el recurso de casaci\u00f3n que interpuso la ex diputada por el Partido Revolucionario Moderno (PRD), en La Vega.<\/em><\/p>\n\n\n\n<p>Ram\u00f3n Cruz Benz\u00e1n, <strong>Santo Domingo, RD<\/strong><\/p>\n\n\n\n<p>El pleno de la Suprema Corte de Justicia, decidir\u00e1 este viernes si confirma o anula la sentencia que condena a 5 a\u00f1os de prisi\u00f3n a la exdiputada Rosa Amalia Pilarte, por lavado de activos y financiamiento del terrorismo.<\/p>\n\n\n\n<p>El tribunal, presidido por Henry Molina, se hab\u00eda reservado el fallo sobre el recurso de casaci\u00f3n que interpuso la ex diputada por el Partido Revolucionario Moderno (PRD), en La Vega.<\/p>\n\n\n\n<p>En la audiencia la Procuradur\u00eda General de la Rep\u00fablica hab\u00eda pedido que se confirme la sentencia que le fue impuesta, mientras que sus abogados hab\u00edan pedido que fuera anulada la sentencia recurrida en casaci\u00f3n.<\/p>\n\n\n\n<p>Ahora con la nueva Ley de Casaci\u00f3n, las decisiones del pleno de la Suprema Recuerda se publican y no se le da lectura como anteriormente se hac\u00eda.<\/p>\n\n\n\n<p>Cabe destacar que la Segunda Sala Penal de la Suprema, conden\u00f3 adem\u00e1s a la exlegisladora al pago de una multa de 200 salarios m\u00ednimos del sector p\u00fablico y que la pena impuesta fuera cumplida en el centro de Correcci\u00f3n y Rehabilitaci\u00f3n Rafey Mujeres, en Santiago.<\/p>\n\n\n\n<p>Adem\u00e1s, ese tribunal orden\u00f3 el decomiso a favor del Estado dominicano de varios inmuebles ubicados en La Vega, entre ellos un terreno un inmueble de 728.11 metros cuadrados.<\/p>\n\n\n\n<p>Otro inmueble de 811.45 metros cuadrados, otro inmueble de 682.50 metros cuadrados; un inmueble 1492.42 metros cuadrados; parcela #11 con una extensi\u00f3n de 28,273 metros cuadrado.<\/p>\n\n\n\n<p>Tambi\u00e9n un local comercial con una extensi\u00f3n 35.75 metros cuadrados; inmueble identificado como comunidad funcional B1, de una extensi\u00f3n 46.86 metros cuadrados, entre otros.<\/p>\n\n\n\n<p>El Ministerio P\u00fablico hab\u00eda pedido a la Sala Penal de la Suprema que Rosa Pilarte fuera sentenciada a 10 a\u00f1os de prisi\u00f3n.<\/p>\n","protected":false},"excerpt":{"rendered":"<p>El tribunal, presidido por Henry Molina, se hab\u00eda reservado el fallo sobre el recurso de<\/p>\n","protected":false},"author":1,"featured_media":18931,"comment_status":"open","ping_status":"open","sticky":false,"template":"","format":"standard","meta":{"footnotes":""},"categories":[12],"tags":[],"class_list":["post-18930","post","type-post","status-publish","format-standard","has-post-thumbnail","hentry","category-nacionales"],"_links":{"self":[{"href":"https:\/\/samantharadionline.com\/index.php\/wp-json\/wp\/v2\/posts\/18930","targetHints":{"allow":["GET"]}}],"collection":[{"href":"https:\/\/samantharadionline.com\/index.php\/wp-json\/wp\/v2\/posts"}],"about":[{"href":"https:\/\/samantharadionline.com\/index.php\/wp-json\/wp\/v2\/types\/post"}],"author":[{"embeddable":true,"href":"https:\/\/samantharadionline.com\/index.php\/wp-json\/wp\/v2\/users\/1"}],"replies":[{"embeddable":true,"href":"https:\/\/samantharadionline.com\/index.php\/wp-json\/wp\/v2\/comments?post=18930"}],"version-history":[{"count":1,"href":"https:\/\/samantharadionline.com\/index.php\/wp-json\/wp\/v2\/posts\/18930\/revisions"}],"predecessor-version":[{"id":18932,"href":"https:\/\/samantharadionline.com\/index.php\/wp-json\/wp\/v2\/posts\/18930\/revisions\/18932"}],"wp:featuredmedia":[{"embeddable":true,"href":"https:\/\/samantharadionline.com\/index.php\/wp-json\/wp\/v2\/media\/18931"}],"wp:attachment":[{"href":"https:\/\/samantharadionline.com\/index.php\/wp-json\/wp\/v2\/media?parent=18930"}],"wp:term":[{"taxonomy":"category","embeddable":true,"href":"https:\/\/samantharadionline.com\/index.php\/wp-json\/wp\/v2\/categories?post=18930"},{"taxonomy":"post_tag","embeddable":true,"href":"https:\/\/samantharadionline.com\/index.php\/wp-json\/wp\/v2\/tags?post=18930"}],"curies":[{"name":"wp","href":"https:\/\/api.w.org\/{rel}","templated":true}]}}