{"id":18923,"date":"2025-08-29T10:11:55","date_gmt":"2025-08-29T14:11:55","guid":{"rendered":"https:\/\/samantharadionline.com\/?p=18923"},"modified":"2025-08-29T10:11:56","modified_gmt":"2025-08-29T14:11:56","slug":"el-cartel-de-los-soles-una-de-las-mayores-perversidades-del-chavismo-en-venezuela","status":"publish","type":"post","link":"https:\/\/samantharadionline.com\/index.php\/2025\/08\/29\/el-cartel-de-los-soles-una-de-las-mayores-perversidades-del-chavismo-en-venezuela\/","title":{"rendered":"El Cartel de los Soles, una de las mayores \u00abperversidades del chavismo\u00bb en Venezuela"},"content":{"rendered":"\n<p class=\"has-medium-font-size\"><em>Estados Unidos acusa al presidente Nicol\u00e1s Maduro de encabezar esta organizaci\u00f3n narcoterrorista, cuyo nombre hace referencia a una insignia de los militares de Venezuela<\/em><\/p>\n\n\n\n<figure class=\"wp-block-image\"><img decoding=\"async\" src=\"https:\/\/listindiario.com\/files\/image_60_60\/uploads\/2023\/07\/27\/64c2d55802722.png\" alt=\"Avatar del Radio Francia Internacional\"\/><\/figure>\n\n\n\n<p><em>\u00a0<\/em>Radio Francia Internacional<\/p>\n\n\n\n<p>El llamado&nbsp;<strong>Cartel de los Soles&nbsp;<\/strong>se refiere a una presunta red criminal integrada por altos mandos&nbsp;<strong>militares y funcionarios venezolanos<\/strong>, vinculada al&nbsp;<strong>narcotr\u00e1fico<\/strong>, al lavado de dinero, la miner\u00eda ilegal y otras actividades il\u00edcitas. La pregunta es: \u00bfExiste realmente? El<strong>&nbsp;ex fiscal venezolano Zair Mundaray<\/strong>, exiliado en EEUU, explica los mecanismos de esta organizaci\u00f3n.<\/p>\n\n\n\n<p><strong>Estados Unidos<\/strong>&nbsp;califica al<strong>&nbsp;Cartel de los Soles<\/strong>&nbsp;como \u201cuna&nbsp;<strong>organizaci\u00f3n criminal<\/strong>&nbsp;que se hace pasar por un gobierno\u201d. Esta semana, el gobierno argentino lo declar\u00f3 \u201corganizaci\u00f3n terrorista\u201d. En contraste, el presidente de<strong>&nbsp;Colombia, Gustavo Petro<\/strong>, sostiene que no existe y lo describe como \u201cuna excusa ficticia de la extrema derecha para derribar gobiernos que no obedecen\u201d.<\/p>\n\n\n\n<p>Frente a estas versiones, el ex fiscal venezolano<strong>&nbsp;Zair Mundaray, exiliado en Estados Unidos<\/strong>&nbsp;y cr\u00edtico del&nbsp;<strong>chavismo<\/strong>, cree que \u201chay decenas de testimonios dentro del sistema de justicia norteamericano que dan cuenta de que Ch\u00e1vez cre\u00eda en la posibilidad de que, en vez de combatir a los carteles y las organizaciones terroristas que hacen vida en Colombia, estas pudieran tener una forma de contribuir de alguna manera a la seguridad del proceso pol\u00edtico\u00bb.<\/p>\n\n\n\n<p><strong>Estados Unidos&nbsp;<\/strong>acusa al<strong>&nbsp;presidente Nicol\u00e1s Maduro<\/strong>&nbsp;de encabezar esta organizaci\u00f3n narcoterrorista, cuyo nombre hace referencia a una insignia de los&nbsp;<strong>militares de Venezuela<\/strong>.<\/p>\n\n\n\n<p><strong>Lea tambi\u00e9n<\/strong><\/p>\n\n\n\n<p>Seg\u00fan el ex fiscal, \u00abmuchas personas que formaron parte de esta planificaci\u00f3n criminal han declarado y han sido detenidos, hay colaboradores, es decir, el&nbsp;<strong>Cartel de los Soles&nbsp;<\/strong>tiene un sustento probatorio\u00bb.<\/p>\n\n\n\n<p>\u00abMiente Petro, sobre todo cuando dice que no existe, porque la misma inteligencia colombiana era plenamente consciente de la participaci\u00f3n de altos funcionarios no s\u00f3lo de la Fuerza Armada Nacional, sino de organismos de seguridad de Estado\u00bb.<\/p>\n\n\n\n<p><strong>Zair Mundaray,<\/strong>&nbsp;estudioso del narcotr\u00e1fico, explica por qu\u00e9 el&nbsp;<strong>Cartel de los Soles&nbsp;<\/strong>es una&nbsp;<strong>organizaci\u00f3n criminal particular<\/strong>: A diferencia de los carteles de&nbsp;<strong>M\u00e9xico&nbsp;<\/strong>o&nbsp;<strong>Colombia<\/strong>, quienes controlan las operaciones formar\u00edan parte del propio Estado venezolano.<\/p>\n\n\n\n<p>\u00abEn el caso venezolano los que llegaron al poder se convirtieron en&nbsp;<strong>narcotraficantes<\/strong>. No est\u00e1s hablando de un c\u00e1rtel como un<strong>&nbsp;c\u00e1rtel mexicano&nbsp;<\/strong>o el<strong>&nbsp;Clan del Golfo<\/strong>. Estamos hablando de quienes est\u00e1n sentados en las oficinas p\u00fablicas del Estado venezolano y tienen todo el poder de fuego y el dominio territorial\u00bb, explica el experto.<\/p>\n\n\n\n<p>Para el ex fiscal Mundaray, una de las pruebas m\u00e1s claras de la&nbsp;<strong>existencia del Cartel de los Soles&nbsp;<\/strong>est\u00e1 en un hecho parad\u00f3jico: en<strong>&nbsp;Venezuela<\/strong>&nbsp;no se registra la violencia ligada al narcotr\u00e1fico que s\u00ed golpea a pa\u00edses como Colombia.<\/p>\n\n\n\n<p>\u00abEl&nbsp;<strong>narco<\/strong>&nbsp;no ha tra\u00eddo los niveles de violencia que tiene Colombia. Puedes traficar miles de de toneladas y pasar por donde sea, y nadie se est\u00e1 matando por ello, como s\u00ed ocurre en&nbsp;<strong>Colombia&nbsp;<\/strong>cuando el&nbsp;<strong>Ej\u00e9rcito de Liberaci\u00f3n Nacional (ELN)<\/strong>&nbsp;pisa el territorio de la disidencia o cuando el Clan del Golfo pelea por su espacio. Aqu\u00ed no hace falta eso, porque tienes una fuerza armada que lo hace y el que lo haga fuera de ese control s\u00ed lo alcanza la mano del Estado y lo apresa. Esto es una de las perversidades mayores del sistema creado por el chavismo\u00bb.<\/p>\n","protected":false},"excerpt":{"rendered":"<p>Estados Unidos acusa al presidente Nicol\u00e1s Maduro de encabezar esta organizaci\u00f3n narcoterrorista, cuyo nombre hace<\/p>\n","protected":false},"author":1,"featured_media":18924,"comment_status":"open","ping_status":"open","sticky":false,"template":"","format":"standard","meta":{"footnotes":""},"categories":[4],"tags":[],"class_list":["post-18923","post","type-post","status-publish","format-standard","has-post-thumbnail","hentry","category-mundiales"],"_links":{"self":[{"href":"https:\/\/samantharadionline.com\/index.php\/wp-json\/wp\/v2\/posts\/18923","targetHints":{"allow":["GET"]}}],"collection":[{"href":"https:\/\/samantharadionline.com\/index.php\/wp-json\/wp\/v2\/posts"}],"about":[{"href":"https:\/\/samantharadionline.com\/index.php\/wp-json\/wp\/v2\/types\/post"}],"author":[{"embeddable":true,"href":"https:\/\/samantharadionline.com\/index.php\/wp-json\/wp\/v2\/users\/1"}],"replies":[{"embeddable":true,"href":"https:\/\/samantharadionline.com\/index.php\/wp-json\/wp\/v2\/comments?post=18923"}],"version-history":[{"count":1,"href":"https:\/\/samantharadionline.com\/index.php\/wp-json\/wp\/v2\/posts\/18923\/revisions"}],"predecessor-version":[{"id":18925,"href":"https:\/\/samantharadionline.com\/index.php\/wp-json\/wp\/v2\/posts\/18923\/revisions\/18925"}],"wp:featuredmedia":[{"embeddable":true,"href":"https:\/\/samantharadionline.com\/index.php\/wp-json\/wp\/v2\/media\/18924"}],"wp:attachment":[{"href":"https:\/\/samantharadionline.com\/index.php\/wp-json\/wp\/v2\/media?parent=18923"}],"wp:term":[{"taxonomy":"category","embeddable":true,"href":"https:\/\/samantharadionline.com\/index.php\/wp-json\/wp\/v2\/categories?post=18923"},{"taxonomy":"post_tag","embeddable":true,"href":"https:\/\/samantharadionline.com\/index.php\/wp-json\/wp\/v2\/tags?post=18923"}],"curies":[{"name":"wp","href":"https:\/\/api.w.org\/{rel}","templated":true}]}}