{"id":18920,"date":"2025-08-29T10:08:09","date_gmt":"2025-08-29T14:08:09","guid":{"rendered":"https:\/\/samantharadionline.com\/?p=18920"},"modified":"2025-08-29T10:08:10","modified_gmt":"2025-08-29T14:08:10","slug":"trump-retira-proteccion-del-servicio-secreto-a-kamala-harris","status":"publish","type":"post","link":"https:\/\/samantharadionline.com\/index.php\/2025\/08\/29\/trump-retira-proteccion-del-servicio-secreto-a-kamala-harris\/","title":{"rendered":"Trump retira protecci\u00f3n del Servicio Secreto a Kamala Harris"},"content":{"rendered":"\n<p class=\"has-medium-font-size\"><em>La administraci\u00f3n Trump revoc\u00f3 una extensi\u00f3n que hab\u00eda sido aprobada por el entonces presidente Joe Biden para Harris. Harris fue la primera mujer en llegar a la vicepresidencia del pa\u00eds<\/em><\/p>\n\n\n\n<figure class=\"wp-block-image\"><img decoding=\"async\" src=\"https:\/\/listindiario.com\/files\/image_60_60\/uploads\/2025\/06\/12\/684b39171bfd7.jpeg\" alt=\"Avatar del Agencia AFP\"\/><\/figure>\n\n\n\n<p><em>\u00a0<\/em>Agencia AFP, <strong>Washington, Estados Unidos.<\/strong><\/p>\n\n\n\n<p>El gobierno de&nbsp;<strong>Donald Trump<\/strong>&nbsp;retir\u00f3 la protecci\u00f3n del&nbsp;<strong>Servicio Secreto de Estados Unidos<\/strong>&nbsp;a la exvicepresidenta y candidata dem\u00f3crata&nbsp;<strong>Kamala Harris<\/strong>, inform\u00f3 un funcionario de la&nbsp;<strong>Casa Blanca<\/strong>&nbsp;el viernes.<\/p>\n\n\n\n<p>La administraci\u00f3n Trump revoc\u00f3 una extensi\u00f3n que hab\u00eda sido aprobada por el entonces&nbsp;<strong>presidente Joe Biden&nbsp;<\/strong>para&nbsp;<strong>Harris<\/strong>, cuya protecci\u00f3n regular como exvicepresidenta, de seis meses, expir\u00f3 el 21 de julio, de acuerdo con&nbsp;<strong>CNN<\/strong>.<\/p>\n\n\n\n<p>Un asesor de Harris dijo a AFP que ella estaba \u00abagradecida con el<strong>&nbsp;Servicio Secreto de Estados Unidos&nbsp;<\/strong>por su profesionalismo, dedicaci\u00f3n y compromiso inquebrantable con la&nbsp;<strong>seguridad<\/strong>\u00ab.<\/p>\n\n\n\n<p>Aunque ha mantenido un perfil bajo desde que perdi\u00f3 las elecciones, Harris tiene programada una gira en los pr\u00f3ximos meses para promocionar un libro, titulado&nbsp;<strong>\u00ab107 d\u00edas\u00bb<\/strong>, sobre su breve y fallida campa\u00f1a electoral.<\/p>\n\n\n\n<p>El texto con los bastidores de la campa\u00f1a, publicado por<strong>&nbsp;Simon &amp; Schuster<\/strong>, ser\u00e1 lanzado el 23 de septiembre en Estados Unidos.<\/p>\n\n\n\n<p><strong>Harris\u00a0<\/strong>fue la primera mujer en llegar a la vicepresidencia del pa\u00eds. En 2024 asumi\u00f3 la candidatura dem\u00f3crata despu\u00e9s de que Biden se retirara de la carrera en medio de preocupaciones por su salud.<\/p>\n\n\n\n<p>Desde que volvi\u00f3 a la Casa Blanca en enero, Trump ha tomado una serie de medidas contra quienes percibe como enemigos y oponentes pol\u00edticos.<\/p>\n\n\n\n<p>Le ha retirado&nbsp;<strong>autorizaciones de seguridad a funcionarios<\/strong>&nbsp;y&nbsp;<strong>exfuncionarios<\/strong>, puso en la mira a estudios jur\u00eddicos involucrados en casos pasados en su contra y recort\u00f3 fondos federales a universidades.<\/p>\n\n\n\n<p>La semana pasada, agentes del&nbsp;<strong>FBI&nbsp;<\/strong>allanaron la casa y la oficina de su exasesor de seguridad nacional&nbsp;<strong>John Bolton<\/strong>, actualmente un ferviente cr\u00edtico de Trump, por una investigaci\u00f3n que, seg\u00fan las autoridades involucra documentos clasificados.<\/p>\n","protected":false},"excerpt":{"rendered":"<p>La administraci\u00f3n Trump revoc\u00f3 una extensi\u00f3n que hab\u00eda sido aprobada por el entonces presidente Joe<\/p>\n","protected":false},"author":1,"featured_media":18921,"comment_status":"open","ping_status":"open","sticky":false,"template":"","format":"standard","meta":{"footnotes":""},"categories":[4],"tags":[],"class_list":["post-18920","post","type-post","status-publish","format-standard","has-post-thumbnail","hentry","category-mundiales"],"_links":{"self":[{"href":"https:\/\/samantharadionline.com\/index.php\/wp-json\/wp\/v2\/posts\/18920","targetHints":{"allow":["GET"]}}],"collection":[{"href":"https:\/\/samantharadionline.com\/index.php\/wp-json\/wp\/v2\/posts"}],"about":[{"href":"https:\/\/samantharadionline.com\/index.php\/wp-json\/wp\/v2\/types\/post"}],"author":[{"embeddable":true,"href":"https:\/\/samantharadionline.com\/index.php\/wp-json\/wp\/v2\/users\/1"}],"replies":[{"embeddable":true,"href":"https:\/\/samantharadionline.com\/index.php\/wp-json\/wp\/v2\/comments?post=18920"}],"version-history":[{"count":1,"href":"https:\/\/samantharadionline.com\/index.php\/wp-json\/wp\/v2\/posts\/18920\/revisions"}],"predecessor-version":[{"id":18922,"href":"https:\/\/samantharadionline.com\/index.php\/wp-json\/wp\/v2\/posts\/18920\/revisions\/18922"}],"wp:featuredmedia":[{"embeddable":true,"href":"https:\/\/samantharadionline.com\/index.php\/wp-json\/wp\/v2\/media\/18921"}],"wp:attachment":[{"href":"https:\/\/samantharadionline.com\/index.php\/wp-json\/wp\/v2\/media?parent=18920"}],"wp:term":[{"taxonomy":"category","embeddable":true,"href":"https:\/\/samantharadionline.com\/index.php\/wp-json\/wp\/v2\/categories?post=18920"},{"taxonomy":"post_tag","embeddable":true,"href":"https:\/\/samantharadionline.com\/index.php\/wp-json\/wp\/v2\/tags?post=18920"}],"curies":[{"name":"wp","href":"https:\/\/api.w.org\/{rel}","templated":true}]}}