{"id":18917,"date":"2025-08-29T10:05:42","date_gmt":"2025-08-29T14:05:42","guid":{"rendered":"https:\/\/samantharadionline.com\/?p=18917"},"modified":"2025-08-29T10:05:43","modified_gmt":"2025-08-29T14:05:43","slug":"rechazan-cobro-de-multas-por-mal-estacionamiento","status":"publish","type":"post","link":"https:\/\/samantharadionline.com\/index.php\/2025\/08\/29\/rechazan-cobro-de-multas-por-mal-estacionamiento\/","title":{"rendered":"Rechazan cobro de multas por mal estacionamiento"},"content":{"rendered":"\n<p class=\"has-medium-font-size\"><em>La parte accionante solicitaba declarar inconstitucional y nula la disposici\u00f3n de requerir el pago de la multa y del costo por concepto de gr\u00faa para traslado y remoci\u00f3n de los veh\u00edculos mal estacionados<\/em><\/p>\n\n\n\n<p><strong>Santo Domingo, RD<\/strong><\/p>\n\n\n\n<p>La Cuarta Sala del&nbsp;<strong>Tribunal Superior Administrativo<\/strong>&nbsp;(TSA) rechaz\u00f3 la acci\u00f3n constitucional de amparo colectivo interpuesta por el se\u00f1or Cirilo de Jes\u00fas Guzm\u00e1n L\u00f3pez contra el Ministerio de Obras P\u00fablicas y Comunicaciones (MOPC) y el Fideicomiso para la Expansi\u00f3n y Operaci\u00f3n de la Red de Paqueos de Uso P\u00fablico de la Rep\u00fablica Dominicana (<strong>Paqueat RD<\/strong>).<\/p>\n\n\n\n<p>La parte accionante solicitaba declarar inconstitucional y nula la disposici\u00f3n de requerir el pago de la multa y del costo por concepto de gr\u00faa para traslado y remoci\u00f3n de los veh\u00edculos mal estacionados.<\/p>\n\n\n\n<p>Mediante sentencia de fecha 12 de agosto de 2025, el tribunal consider\u00f3 que, si bien estima su capacidad como tribunal para conocer de dicha acci\u00f3n de amparo, la rechaza por entender que hay otras v\u00edas legales para que el accionante procure el conocimiento de su solicitud, tal como como el procedimiento ordinario de tutela contencioso administrativo.<\/p>\n","protected":false},"excerpt":{"rendered":"<p>La parte accionante solicitaba declarar inconstitucional y nula la disposici\u00f3n de requerir el pago de<\/p>\n","protected":false},"author":1,"featured_media":18918,"comment_status":"open","ping_status":"open","sticky":false,"template":"","format":"standard","meta":{"footnotes":""},"categories":[12],"tags":[],"class_list":["post-18917","post","type-post","status-publish","format-standard","has-post-thumbnail","hentry","category-nacionales"],"_links":{"self":[{"href":"https:\/\/samantharadionline.com\/index.php\/wp-json\/wp\/v2\/posts\/18917","targetHints":{"allow":["GET"]}}],"collection":[{"href":"https:\/\/samantharadionline.com\/index.php\/wp-json\/wp\/v2\/posts"}],"about":[{"href":"https:\/\/samantharadionline.com\/index.php\/wp-json\/wp\/v2\/types\/post"}],"author":[{"embeddable":true,"href":"https:\/\/samantharadionline.com\/index.php\/wp-json\/wp\/v2\/users\/1"}],"replies":[{"embeddable":true,"href":"https:\/\/samantharadionline.com\/index.php\/wp-json\/wp\/v2\/comments?post=18917"}],"version-history":[{"count":1,"href":"https:\/\/samantharadionline.com\/index.php\/wp-json\/wp\/v2\/posts\/18917\/revisions"}],"predecessor-version":[{"id":18919,"href":"https:\/\/samantharadionline.com\/index.php\/wp-json\/wp\/v2\/posts\/18917\/revisions\/18919"}],"wp:featuredmedia":[{"embeddable":true,"href":"https:\/\/samantharadionline.com\/index.php\/wp-json\/wp\/v2\/media\/18918"}],"wp:attachment":[{"href":"https:\/\/samantharadionline.com\/index.php\/wp-json\/wp\/v2\/media?parent=18917"}],"wp:term":[{"taxonomy":"category","embeddable":true,"href":"https:\/\/samantharadionline.com\/index.php\/wp-json\/wp\/v2\/categories?post=18917"},{"taxonomy":"post_tag","embeddable":true,"href":"https:\/\/samantharadionline.com\/index.php\/wp-json\/wp\/v2\/tags?post=18917"}],"curies":[{"name":"wp","href":"https:\/\/api.w.org\/{rel}","templated":true}]}}