{"id":18908,"date":"2025-08-29T09:49:11","date_gmt":"2025-08-29T13:49:11","guid":{"rendered":"https:\/\/samantharadionline.com\/?p=18908"},"modified":"2025-08-29T09:49:12","modified_gmt":"2025-08-29T13:49:12","slug":"omar-fernandez-descarta-discusion-de-pld-y-fp-destruya-posibilidad-de-alianza-para-elecciones-2028","status":"publish","type":"post","link":"https:\/\/samantharadionline.com\/index.php\/2025\/08\/29\/omar-fernandez-descarta-discusion-de-pld-y-fp-destruya-posibilidad-de-alianza-para-elecciones-2028\/","title":{"rendered":"Omar Fern\u00e1ndez descarta discusi\u00f3n de PLD y FP destruya posibilidad de alianza para elecciones 2028"},"content":{"rendered":"\n<p class=\"has-medium-font-size\"><em>Fern\u00e1ndez consider\u00f3 que estas diferencias no eliminar\u00edan la posibilidad que tienen de pactar una alianza para las elecciones generales de 2028.<\/em><\/p>\n\n\n\n<figure class=\"wp-block-image\"><img decoding=\"async\" src=\"https:\/\/listindiario.com\/files\/image_60_60\/uploads\/2023\/05\/16\/64637a1e3ff38.jpeg\" alt=\"Avatar del \u00c1ngel Valdez\"\/><\/figure>\n\n\n\n<p><em>\u00a0<\/em>\u00c1ngel Valdez,<strong> Santo Domingo, RD<\/strong><\/p>\n\n\n\n<p>El senador<strong>&nbsp;Omar Fern\u00e1ndez<\/strong>&nbsp;se refiri\u00f3 a las discusiones registradas en los \u00faltimos d\u00edas entre dirigentes del Partido de la Liberaci\u00f3n Dominicana (<strong>PLD<\/strong>) y la<strong>&nbsp;Fuerza del Pueblo&nbsp;<\/strong>(FP), el cual recibe acusaciones de supuestamente persuadir a pelede\u00edsta con el objetivo de que abandonen esa base.<\/p>\n\n\n\n<p>Fern\u00e1ndez consider\u00f3 este jueves que estas diferencias surgidas en parte de la militancia de ambas organizaciones pol\u00edticas opositoras no eliminar\u00edan la posibilidad que tienen de pactar una alianza para derrotar al Partido Revolucionario Moderno (<strong>PRM<\/strong>) en las elecciones generales de 2028.<\/p>\n\n\n\n<p>El congresista est\u00e1 convencido de que ambos partidos est\u00e1n conscientes sobre qui\u00e9n es el principal contrincante de las bancadas opositoras, por lo cual, el objetivo colectivo de estas entidades, seg\u00fan precis\u00f3, debe ser enfrentar al PRM.<\/p>\n\n\n\n<p>\u201cEso no es posible porque compartimos un mismo contrincante, que es el oficialismo. Y ambos (PLD y FP), todos los opositores estamos trabajando en la misma direcci\u00f3n. En presentar una alternativa a lo que tenemos hoy (PRM) que sea mucho mejor para la<strong>&nbsp;Rep\u00fablica Dominicana<\/strong>\u201d, dijo, descartando la amenaza a futuros acuerdos trazados por las fuerzas pol\u00edticas bochistas. &nbsp;<\/p>\n\n\n\n<p>\u201cEn ese sentido\u201d, de acuerdo con sus precisiones, las \u00fanicas palabras que tiene Fern\u00e1ndez para la dirigencia pelede\u00edsta son de \u201cagradecimiento\u201d.<\/p>\n\n\n\n<p>Record\u00f3 que, en 2024, cuando busc\u00f3 la curul senatorial del Distrito Nacional, se present\u00f3 al electorado a trav\u00e9s de una coalici\u00f3n pol\u00edtica de partidos opositores, en la que \u201csolo en la casilla del PLD\u201d obtuvo 80,371 votos.<\/p>\n\n\n\n<p>Es por esta raz\u00f3n que reiter\u00f3 su gratitud al PLD que, junto al Partido Revolucionario Dominicano (PRD) y otras entidades pol\u00edticas minoritarias, le respaldaron en sus aspiraciones de representar a la poblaci\u00f3n capitale\u00f1a en la C\u00e1mara Alta.<\/p>\n\n\n\n<p>\u201cPor el PLD lo \u00fanico que siento es agradecimiento. Soy su senador y del PRD tambi\u00e9n\u2026 Mi agradecimiento a todos los partidos que me apoyaron\u201d, expres\u00f3 al ser entrevistado luego de su participaci\u00f3n en la sesi\u00f3n extraordinaria celebrada esta tarde en el \u00f3rgano legislativo.<\/p>\n\n\n\n<h3 class=\"wp-block-heading\">Acusaciones<\/h3>\n\n\n\n<p>El vocero del Partido de la Liberaci\u00f3n Dominicana (PLD) en la C\u00e1mara de Diputados, Gustavo S\u00e1nchez, denunci\u00f3 ayer que la \u201cguardia pretoriana de&nbsp;<strong>Leonel Fern\u00e1ndez<\/strong>\u201d, dirigida por el vicepresidente de la FP&nbsp;<strong>Radham\u00e9s Jim\u00e9nez<\/strong>, se ha dedicado supuestamente a invitar a \u201ctomar caf\u00e9\u201d a pelede\u00edstas, con el objetivo de atraerlos hacia la militancia verde.<\/p>\n\n\n\n<p>S\u00e1nchez aleg\u00f3 esta ma\u00f1ana al participar en el programa radial Rumbo de la Ma\u00f1ana que esto ocurri\u00f3 luego de que los rumores de la\u00a0<strong>aspiraci\u00f3n presidencial de Gonzalo Castillo\u00a0<\/strong>se intensificaran en los \u00faltimos meses. Ayer, el diputado confirm\u00f3 al List\u00edn Diario que el exministro de Obras P\u00fablicas del mandato pelede\u00edsta realizar\u00e1 el anuncio en los pr\u00f3ximos d\u00edas, revelando que acept\u00f3 ser su director operativo de campa\u00f1a.<\/p>\n\n\n\n<h3 class=\"wp-block-heading\">\u00abOmar derrotar\u00eda al PRM\u00bb<\/h3>\n\n\n\n<p>Fern\u00e1ndez ha expresado en diversas ocasiones que la FP a\u00fan no ha determinado la dupla de dirigentes que intentar\u00e1 desplazar al PRM del Palacio Nacional. Esto, seg\u00fan ha explicado, en cumplimiento de los plazos establecidos en la Ley 20-23 del R\u00e9gimen Electoral y la<strong>&nbsp;Ley 33-18<\/strong>&nbsp;de Organizaciones, Agrupaciones y Movimientos Pol\u00edticos.<\/p>\n\n\n\n<p>El senador Antonio Marte entiende que el \u201cpueblo dominicano est\u00e1 con Omar\u201d, por lo que, en caso de ser escogido en esa agrupaci\u00f3n pol\u00edtica como el candidato presidencial, el PRM tendr\u00eda \u201cque guayar la yuca\u201d para poder permanecer en el Poder Ejecutivo.<\/p>\n\n\n\n<p>Fern\u00e1ndez valor\u00f3 de manera positiva las declaraciones ofrecidas ayer a la prensa por Marte, quien es presidente del Partido Primero la Gente (PPG), aliado del PRM.&nbsp;<\/p>\n\n\n\n<p>Pero, solo se limit\u00f3 a expresar que la FP \u201cva al poder en el 2028\u201d, en respuesta al escenario planteado por el legislador de Santiago Rodr\u00edguez.<\/p>\n\n\n\n<p>\u201cLa FP va para el poder en 2028, eso es lo que importa. Muchas gracias\u201d, termin\u00f3 diciendo Fern\u00e1ndez a los periodistas.<\/p>\n","protected":false},"excerpt":{"rendered":"<p>Fern\u00e1ndez consider\u00f3 que estas diferencias no eliminar\u00edan la posibilidad que tienen de pactar una alianza<\/p>\n","protected":false},"author":1,"featured_media":18909,"comment_status":"open","ping_status":"open","sticky":false,"template":"","format":"standard","meta":{"footnotes":""},"categories":[12],"tags":[],"class_list":["post-18908","post","type-post","status-publish","format-standard","has-post-thumbnail","hentry","category-nacionales"],"_links":{"self":[{"href":"https:\/\/samantharadionline.com\/index.php\/wp-json\/wp\/v2\/posts\/18908","targetHints":{"allow":["GET"]}}],"collection":[{"href":"https:\/\/samantharadionline.com\/index.php\/wp-json\/wp\/v2\/posts"}],"about":[{"href":"https:\/\/samantharadionline.com\/index.php\/wp-json\/wp\/v2\/types\/post"}],"author":[{"embeddable":true,"href":"https:\/\/samantharadionline.com\/index.php\/wp-json\/wp\/v2\/users\/1"}],"replies":[{"embeddable":true,"href":"https:\/\/samantharadionline.com\/index.php\/wp-json\/wp\/v2\/comments?post=18908"}],"version-history":[{"count":1,"href":"https:\/\/samantharadionline.com\/index.php\/wp-json\/wp\/v2\/posts\/18908\/revisions"}],"predecessor-version":[{"id":18910,"href":"https:\/\/samantharadionline.com\/index.php\/wp-json\/wp\/v2\/posts\/18908\/revisions\/18910"}],"wp:featuredmedia":[{"embeddable":true,"href":"https:\/\/samantharadionline.com\/index.php\/wp-json\/wp\/v2\/media\/18909"}],"wp:attachment":[{"href":"https:\/\/samantharadionline.com\/index.php\/wp-json\/wp\/v2\/media?parent=18908"}],"wp:term":[{"taxonomy":"category","embeddable":true,"href":"https:\/\/samantharadionline.com\/index.php\/wp-json\/wp\/v2\/categories?post=18908"},{"taxonomy":"post_tag","embeddable":true,"href":"https:\/\/samantharadionline.com\/index.php\/wp-json\/wp\/v2\/tags?post=18908"}],"curies":[{"name":"wp","href":"https:\/\/api.w.org\/{rel}","templated":true}]}}