{"id":18902,"date":"2025-08-29T09:39:36","date_gmt":"2025-08-29T13:39:36","guid":{"rendered":"https:\/\/samantharadionline.com\/?p=18902"},"modified":"2025-08-29T09:39:37","modified_gmt":"2025-08-29T13:39:37","slug":"deuda-historica-de-la-justicia-con-las-victimas","status":"publish","type":"post","link":"https:\/\/samantharadionline.com\/index.php\/2025\/08\/29\/deuda-historica-de-la-justicia-con-las-victimas\/","title":{"rendered":"\u201cdeuda hist\u00f3rica\u201d de la justicia con las v\u00edctimas"},"content":{"rendered":"\n<p class=\"has-medium-font-size\"><em>Yeni Berenice destaca que su gesti\u00f3n en la Procuradur\u00eda se enfoca en dise\u00f1ar un servicio que responda a las necesidades de la ciudadan\u00eda, bas\u00e1ndose en el mapa de la criminalidad y en las dificultades de acceso al sistema de justicia<\/em><\/p>\n\n\n\n<figure class=\"wp-block-image\"><img decoding=\"async\" src=\"https:\/\/listindiario.com\/files\/image_60_60\/uploads\/2023\/05\/11\/645d0fa7541ad.png\" alt=\"Avatar del Ram\u00f3n Cruz Benz\u00e1n\"\/><\/figure>\n\n\n\n<p><em>\u00a0<\/em>Ram\u00f3n Cruz Benz\u00e1n, <strong>Santo Domingo, RD<\/strong><\/p>\n\n\n\n<p>La procuradora general de la Rep\u00fablica,&nbsp;<strong>Yeni Berenice Reynoso<\/strong>, enfatiz\u00f3 la necesidad de que el pa\u00eds, al igual que el resto de Am\u00e9rica Latina y el Caribe, fortalezca su sistema de justicia para proteger a las v\u00edctimas de&nbsp;<strong>cr\u00edmenes<\/strong>.<\/p>\n\n\n\n<p>Reynoso sostuvo que gran parte de la doctrina jur\u00eddica se ha enfocado en los derechos fundamentales de los imputados y acusados, prestando poca atenci\u00f3n a los derechos de las v\u00edctimas.<\/p>\n\n\n\n<p>Afirm\u00f3 que, si bien los imputados tienen garantizado el debido proceso, las v\u00edctimas tambi\u00e9n deben ser protegidas en su rol dentro del proceso judicial, resguardando sus derechos y asegurando una reparaci\u00f3n oportuna de los da\u00f1os.<\/p>\n\n\n\n<p>La procuradora particip\u00f3 como invitada en un panel de la Conferencia Internacional de Justicia Abierta, un evento organizado por el&nbsp;<strong>Poder Judicia<\/strong>l y moderado por Berenice Barinas, directora ejecutiva de \u00c9tica e Integridad Gubernamental.<\/p>\n\n\n\n<h3 class=\"wp-block-heading\">Una \u201cdeuda hist\u00f3rica\u201d con las v\u00edctimas<\/h3>\n\n\n\n<p>Seg\u00fan Reynoso, la justicia dominicana se fortalece cuando considera el debido proceso para todos los involucrados.<\/p>\n\n\n\n<p>En este sentido, explic\u00f3 que Am\u00e9rica Latina tiene una \u201cdeuda hist\u00f3rica\u201d con las v\u00edctimas, ya que la figura de la reparaci\u00f3n es casi nula en la jurisprudencia y la doctrina regional.&nbsp;<\/p>\n\n\n\n<p>Considera que, al no garantizar la reparaci\u00f3n, se les est\u00e1 negando a las v\u00edctimas un derecho que les corresponde.<\/p>\n\n\n\n<p>Reynoso precis\u00f3 que su gesti\u00f3n en la&nbsp;<strong>Procuradur\u00eda General&nbsp;<\/strong>de la Rep\u00fablica se enfoca en dise\u00f1ar un servicio que responda a las necesidades de la ciudadan\u00eda, bas\u00e1ndose en el mapa de la criminalidad y en las dificultades de acceso al&nbsp;<strong>sistema de justicia<\/strong>.<\/p>\n\n\n\n<p>\u201cEn funci\u00f3n de esta realidad fue que dise\u00f1amos, y el Consejo Superior del&nbsp;<strong>Ministerio P\u00fablico<\/strong>&nbsp;ya aprob\u00f3, 24 fiscal\u00edas comunitarias\u201d, indic\u00f3.<\/p>\n\n\n\n<p>Se\u00f1al\u00f3 que estas fiscal\u00edas se ubicar\u00e1n en lugares donde el an\u00e1lisis de indicadores muestre la mayor necesidad.&nbsp;<\/p>\n\n\n\n<p>\u201cLa justicia tiene que tener ese nivel de accesibilidad\u201d, sostuvo, explicando que busca un modelo en el que la poblaci\u00f3n, \u201cen chancletas\u201d, pueda llegar a pie a estas fiscal\u00edas.<\/p>\n\n\n\n<p>En el panel tambi\u00e9n participaron&nbsp;<strong>Juan Carlos Ast\u00faa Jaime<\/strong>, director para Costa Rica del National Center for State Courts, y&nbsp;<strong>Gerardo Andr\u00e9s Hern\u00e1ndez Montes<\/strong>, director ejecutivo de Transparencia por Colombia.<\/p>\n","protected":false},"excerpt":{"rendered":"<p>Yeni Berenice destaca que su gesti\u00f3n en la Procuradur\u00eda se enfoca en dise\u00f1ar un servicio<\/p>\n","protected":false},"author":1,"featured_media":18903,"comment_status":"open","ping_status":"open","sticky":false,"template":"","format":"standard","meta":{"footnotes":""},"categories":[12],"tags":[],"class_list":["post-18902","post","type-post","status-publish","format-standard","has-post-thumbnail","hentry","category-nacionales"],"_links":{"self":[{"href":"https:\/\/samantharadionline.com\/index.php\/wp-json\/wp\/v2\/posts\/18902","targetHints":{"allow":["GET"]}}],"collection":[{"href":"https:\/\/samantharadionline.com\/index.php\/wp-json\/wp\/v2\/posts"}],"about":[{"href":"https:\/\/samantharadionline.com\/index.php\/wp-json\/wp\/v2\/types\/post"}],"author":[{"embeddable":true,"href":"https:\/\/samantharadionline.com\/index.php\/wp-json\/wp\/v2\/users\/1"}],"replies":[{"embeddable":true,"href":"https:\/\/samantharadionline.com\/index.php\/wp-json\/wp\/v2\/comments?post=18902"}],"version-history":[{"count":1,"href":"https:\/\/samantharadionline.com\/index.php\/wp-json\/wp\/v2\/posts\/18902\/revisions"}],"predecessor-version":[{"id":18904,"href":"https:\/\/samantharadionline.com\/index.php\/wp-json\/wp\/v2\/posts\/18902\/revisions\/18904"}],"wp:featuredmedia":[{"embeddable":true,"href":"https:\/\/samantharadionline.com\/index.php\/wp-json\/wp\/v2\/media\/18903"}],"wp:attachment":[{"href":"https:\/\/samantharadionline.com\/index.php\/wp-json\/wp\/v2\/media?parent=18902"}],"wp:term":[{"taxonomy":"category","embeddable":true,"href":"https:\/\/samantharadionline.com\/index.php\/wp-json\/wp\/v2\/categories?post=18902"},{"taxonomy":"post_tag","embeddable":true,"href":"https:\/\/samantharadionline.com\/index.php\/wp-json\/wp\/v2\/tags?post=18902"}],"curies":[{"name":"wp","href":"https:\/\/api.w.org\/{rel}","templated":true}]}}