{"id":18899,"date":"2025-08-28T12:19:55","date_gmt":"2025-08-28T16:19:55","guid":{"rendered":"https:\/\/samantharadionline.com\/?p=18899"},"modified":"2025-08-28T12:19:55","modified_gmt":"2025-08-28T16:19:55","slug":"la-capital-estara-sin-luz-este-jueves-por-trabajos-de-obras-publicas-y-del-metro","status":"publish","type":"post","link":"https:\/\/samantharadionline.com\/index.php\/2025\/08\/28\/la-capital-estara-sin-luz-este-jueves-por-trabajos-de-obras-publicas-y-del-metro\/","title":{"rendered":"La capital estar\u00e1 sin luz este jueves por trabajos de Obras P\u00fablicas y del Metro"},"content":{"rendered":"\n<p class=\"has-medium-font-size\"><em>Edesur Dominicana solicit\u00f3 la comprensi\u00f3n de la ciudadan\u00eda ante las molestias que las referidas interrupciones del suministro el\u00e9ctrico puedan ocasionar<\/em><\/p>\n\n\n\n<p><br><strong><em>\u00a0<\/em>Santo Domingo, RD<\/strong><\/p>\n\n\n\n<p><strong>Edesur Dominicana<\/strong>&nbsp;inform\u00f3 que este jueves se har\u00e1n interrupciones del servicio el\u00e9ctrico en varios sectores del&nbsp;<strong>Gran Santo Domingo<\/strong>&nbsp;con el fin de facilitar los trabajos que desarrollan el&nbsp;<strong>Ministerio de Obras P\u00fablicas y Comunicaciones<\/strong>&nbsp;(<strong>MOPC<\/strong>) y la Oficina para el Reordenamiento del Transporte (OPRET) en obras viales.<\/p>\n\n\n\n<p>Una de las obras es el&nbsp;<strong>Proyecto Soluci\u00f3n Vial y Ambiental<\/strong>, ubicado en la<strong>&nbsp;avenida Rep\u00fablica de Colombia<\/strong>&nbsp;y su entorno, que desarrolla Obras P\u00fablicas, para lo cual se requiere la suspensi\u00f3n de la energ\u00eda el\u00e9ctrica en horario de 9:00 de la ma\u00f1ana a 2:00 de la tarde.<\/p>\n\n\n\n<p>La medida afectar\u00e1 los sectores de Los Girasoles, Las Flores, Palma Real, Los Peralejos, Los Militares, Proyecto Fairbanks, Los \u00c1ngeles, Reparto Samaria y Residencial Monumental.<\/p>\n\n\n\n<p>Tambi\u00e9n, la avenida del R\u00edo, el Residencial Amapola, La Ceyba, El Condado, Do\u00f1a Carmen, Los Pinos, Villa Lila, Don Honorio, Villa Carmelo, Villa Claudia, Ciudad Real, Villa Amanda, Brisas del Norte, Villa Graciela, Carmen Mar\u00eda, entre otros.<\/p>\n\n\n\n<p>El Gobierno, a trav\u00e9s de los ministerios de la Presidencia, de Obras P\u00fablicas y Comunicaciones y de Medio Ambiente, ha explicado que la obra busca transformar la movilidad urbana, proteger el medio ambiente y mejorar la calidad de vida de m\u00e1s de 1.4 millones de dominicanos del Gran Santo Domingo.<\/p>\n\n\n\n<p>Debido a los trabajos que ejecuta la OPRET para la ampliaci\u00f3n de la&nbsp;<strong>L\u00ednea 2C<\/strong>&nbsp;del&nbsp;<strong>Metro de Santo Domingo<\/strong>, se realizar\u00e1n interrupciones del servicio de energ\u00eda el\u00e9ctrica en horario de 9 de la ma\u00f1ana a 2 de la tarde, en varios sectores de Santo Domingo Oeste y&nbsp;<strong>Los Alcarrizos<\/strong>.<\/p>\n\n\n\n<p>Entre las zonas impactadas figuran la entrada de Los Alcarrizos, Los Alcarrizos Viejo, Pueblo Nuevo (parcial), Colinas de Norte, Savica, Las Mercedes (parcial), Los Multifamiliares, El Chucho, Los Rieles y Residencial Alam VI.<\/p>\n\n\n\n<p>Tambi\u00e9n, Carmen Renata I, Carmen Renata II, Carmen Renata III, Vista Verde, Nuevas Terrazas, Proyecto Cristal, Don Gregorio I y Don Gregorio III.<\/p>\n\n\n\n<p>Edesur Dominicana solicit\u00f3 la comprensi\u00f3n de la ciudadan\u00eda ante las molestias que las referidas interrupciones del suministro el\u00e9ctrico puedan ocasionar.<\/p>\n","protected":false},"excerpt":{"rendered":"<p>Edesur Dominicana solicit\u00f3 la comprensi\u00f3n de la ciudadan\u00eda ante las molestias que las referidas interrupciones<\/p>\n","protected":false},"author":1,"featured_media":18900,"comment_status":"open","ping_status":"open","sticky":false,"template":"","format":"standard","meta":{"footnotes":""},"categories":[10],"tags":[],"class_list":["post-18899","post","type-post","status-publish","format-standard","has-post-thumbnail","hentry","category-economica"],"_links":{"self":[{"href":"https:\/\/samantharadionline.com\/index.php\/wp-json\/wp\/v2\/posts\/18899","targetHints":{"allow":["GET"]}}],"collection":[{"href":"https:\/\/samantharadionline.com\/index.php\/wp-json\/wp\/v2\/posts"}],"about":[{"href":"https:\/\/samantharadionline.com\/index.php\/wp-json\/wp\/v2\/types\/post"}],"author":[{"embeddable":true,"href":"https:\/\/samantharadionline.com\/index.php\/wp-json\/wp\/v2\/users\/1"}],"replies":[{"embeddable":true,"href":"https:\/\/samantharadionline.com\/index.php\/wp-json\/wp\/v2\/comments?post=18899"}],"version-history":[{"count":1,"href":"https:\/\/samantharadionline.com\/index.php\/wp-json\/wp\/v2\/posts\/18899\/revisions"}],"predecessor-version":[{"id":18901,"href":"https:\/\/samantharadionline.com\/index.php\/wp-json\/wp\/v2\/posts\/18899\/revisions\/18901"}],"wp:featuredmedia":[{"embeddable":true,"href":"https:\/\/samantharadionline.com\/index.php\/wp-json\/wp\/v2\/media\/18900"}],"wp:attachment":[{"href":"https:\/\/samantharadionline.com\/index.php\/wp-json\/wp\/v2\/media?parent=18899"}],"wp:term":[{"taxonomy":"category","embeddable":true,"href":"https:\/\/samantharadionline.com\/index.php\/wp-json\/wp\/v2\/categories?post=18899"},{"taxonomy":"post_tag","embeddable":true,"href":"https:\/\/samantharadionline.com\/index.php\/wp-json\/wp\/v2\/tags?post=18899"}],"curies":[{"name":"wp","href":"https:\/\/api.w.org\/{rel}","templated":true}]}}