{"id":18896,"date":"2025-08-28T12:17:39","date_gmt":"2025-08-28T16:17:39","guid":{"rendered":"https:\/\/samantharadionline.com\/?p=18896"},"modified":"2025-08-28T12:17:39","modified_gmt":"2025-08-28T16:17:39","slug":"la-corrupcion-en-argentina-toca-a-karina-hermana-de-milei","status":"publish","type":"post","link":"https:\/\/samantharadionline.com\/index.php\/2025\/08\/28\/la-corrupcion-en-argentina-toca-a-karina-hermana-de-milei\/","title":{"rendered":"La corrupci\u00f3n en Argentina toca a Karina, hermana de Milei"},"content":{"rendered":"\n<p class=\"has-medium-font-size\"><em>Karina Milei no ha reaccionado p\u00fablicamente al esc\u00e1ndalo que domina la agenda period\u00edstica y hace estallar las redes sociales con innumerables memes<\/em><\/p>\n\n\n\n<figure class=\"wp-block-image\"><img decoding=\"async\" src=\"https:\/\/listindiario.com\/files\/image_60_60\/uploads\/2025\/06\/12\/684b39171bfd7.jpeg\" alt=\"Avatar del Agencia AFP\"\/><\/figure>\n\n\n\n<p><em>\u00a0<\/em>Agencia AFP, <strong>Buenos Aires,\u00a0Argentina<\/strong><\/p>\n\n\n\n<p>Un&nbsp;<strong>esc\u00e1ndalo de corrupci\u00f3n&nbsp;<\/strong>sacude al&nbsp;<strong>gobierno argentino&nbsp;<\/strong>tras la difusi\u00f3n de audios en los que se relaciona a<strong>&nbsp;Karina Milei<\/strong>, hermana del&nbsp;<strong>presidente Javier Milei,<\/strong>&nbsp;con un presunto cobro de sobornos en la compra de medicamentos destinados a personas con discapacidades.<\/p>\n\n\n\n<p>La&nbsp;<strong>presunta trama de corrupci\u00f3n<\/strong>, que investiga la&nbsp;<strong>Justicia&nbsp;<\/strong>y en la que por el momento no hay imputados, es especialmente sensible porque menciona a la secretaria de la Presidencia y mano derecha del&nbsp;<strong>mandatario argentino<\/strong>, que siempre se refiere a ella como \u00abEl Jefe\u00bb.<\/p>\n\n\n\n<p>Aqu\u00ed&nbsp;<strong>tres claves del esc\u00e1ndalo<\/strong>&nbsp;que tiene en vilo a los&nbsp;<strong>argentinos&nbsp;<\/strong>en plena campa\u00f1a electoral de cara a elecciones legislativas provinciales y nacionales:<\/p>\n\n\n\n<h3 class=\"wp-block-heading\">Qu\u00e9 se investiga<\/h3>\n\n\n\n<p>En los audios filtrados se acusa a<strong>&nbsp;Karina Milei&nbsp;<\/strong>de supuestamente cobrar un 3% del monto pagado por la&nbsp;<strong>Agencia Nacional de Discapacidad (Andis)&nbsp;<\/strong>a la droguer\u00eda Suizo Argentina para la compra de medicamentos.<\/p>\n\n\n\n<p>La investigaci\u00f3n se inici\u00f3 tras la difusi\u00f3n a partir del 19 de agosto de varios audios atribuidos al entonces titular de la Andis Diego Spagnuolo.<\/p>\n\n\n\n<p>\u00abA Karina le llega el 3\u202f% y el 1\u202f% se va en la operatoria\u00bb, dice la voz atribuida al exfuncionario, quien asegura haber avisado al presidente de la supuesta trama de la hermana.<\/p>\n\n\n\n<p>\u00abSe llevan de medio palo para arriba por mes\u00bb, prosigue la voz. La expresi\u00f3n se refiere a cerca de medio mill\u00f3n de d\u00f3lares.<\/p>\n\n\n\n<p>El<strong>&nbsp;gobierno removi\u00f3 a Spagnuolo&nbsp;<\/strong>de su cargo la madrugada del jueves \u00abfrente a los hechos de p\u00fablico conocimiento\u00bb.<\/p>\n\n\n\n<p>En el supuesto esquema de sobornos tambi\u00e9n figura&nbsp;<strong>Eduardo \u00abLule\u00bb Menem<\/strong>, mano derecha de Karina Milei y sobrino del expresidente<strong>&nbsp;Carlos Menem<\/strong>&nbsp;(1989-1999).<\/p>\n\n\n\n<p>El&nbsp;<strong>juez federal Sebasti\u00e1n Casanello<\/strong>&nbsp;orden\u00f3 el viernes 16 allanamientos, incluido el domicilio de uno de los due\u00f1os de la droguer\u00eda, Jonathan Kovalivker, quien conduce la empresa junto a su hermano Emmanuel. Este \u00faltimo fue hallado por la polic\u00eda cuando intentaba huir con 266.000 d\u00f3lares distribuidos en sobres.<\/p>\n\n\n\n<h3 class=\"wp-block-heading\">Qu\u00e9 dice el gobierno<\/h3>\n\n\n\n<figure class=\"wp-block-image\" id=\"m34066-34065-34067\"><img decoding=\"async\" src=\"https:\/\/listindiario.com\/files\/vertical_main_image\/uploads\/2025\/08\/28\/68b06385aaefc.jpeg\" alt=\"El presidente argentino Javier Milei y su hermana Karina Milei\"\/><figcaption class=\"wp-element-caption\">El presidente argentino Javier Milei (izquierda) y su hermana Karina Milei, secretaria general de la presidencia, asisten a la ceremonia inaugural de la exposici\u00f3n anual de la Sociedad Rural, en Buenos Aires, Argentina, el 26 de julio de 2025.Gustavo Garello<\/figcaption><\/figure>\n\n\n\n<p><strong>Karina Milei<\/strong>&nbsp;no ha reaccionado p\u00fablicamente al esc\u00e1ndalo que domina la&nbsp;<strong>agenda period\u00edstica&nbsp;<\/strong>y hace estallar las redes sociales con innumerables memes.<\/p>\n\n\n\n<p>El mi\u00e9rcoles, el presidente se refiri\u00f3 por primera vez a los audios y dio por cierto que correspond\u00edan a Spagnuolo: \u00abTodo lo que dice es mentira, lo vamos a llevar a la Justicia y probar que minti\u00f3\u00bb, dijo a periodistas.<\/p>\n\n\n\n<p>La declaraci\u00f3n tuvo lugar durante una caravana de campa\u00f1a que&nbsp;<strong>Milei&nbsp;<\/strong>tuvo que evacuar minutos despu\u00e9s, luego de que manifestantes le arrojaran piedras a la camioneta en la que circulaba.<\/p>\n\n\n\n<p>La&nbsp;<strong>Vocer\u00eda Presidencial<\/strong>&nbsp;acus\u00f3 en X una \u00abutilizaci\u00f3n pol\u00edtica de la oposici\u00f3n en a\u00f1o electoral\u00bb, en referencia a las&nbsp;<strong>elecciones legislativas nacionales&nbsp;<\/strong>del 26 de octubre.<\/p>\n\n\n\n<p>Los&nbsp;<strong>comicios&nbsp;<\/strong>renovar\u00e1n parcialmente la composici\u00f3n del Congreso y pondr\u00e1n a prueba la&nbsp;<strong>popularidad de Milei&nbsp;<\/strong>tras haber logrado controlar la inflaci\u00f3n, pero a un alto costo para la poblaci\u00f3n debido al severo recorte del gasto p\u00fablico, entre otros en el sector destinado a los discapacitados.<\/p>\n\n\n\n<p>En septiembre tambi\u00e9n hay comicios legislativos locales en la&nbsp;<strong>provincia de Buenos Aires,<\/strong>&nbsp;la m\u00e1s importante electoralmente del pa\u00eds, con un 37% del padr\u00f3n nacional.<\/p>\n\n\n\n<p><strong>Lea tambi\u00e9n<\/strong><\/p>\n\n\n\n<h3 class=\"wp-block-heading\">Repercusiones<\/h3>\n\n\n\n<p>Los mercados le se\u00f1alaron al gobierno su inquietud sobre este tema: la<strong>&nbsp;bolsa de Buenos Aires&nbsp;<\/strong>ha retrocedido en los \u00faltimos d\u00edas, el peso se encuentra bajo presi\u00f3n ante el d\u00f3lar y el riesgo pa\u00eds (que mide el coste del gobierno para endeudarse en moneda extranjera) subi\u00f3 con fuerza.<\/p>\n\n\n\n<p>El&nbsp;<strong>esc\u00e1ndalo&nbsp;<\/strong>se produce luego de que el Congreso dejara sin efecto un<strong>&nbsp;veto de Milei&nbsp;<\/strong>a una ley que declara la Emergencia en Discapacidad y dispone m\u00e1s fondos para el sector, un golpe pol\u00edtico para el presidente y su pregonada motosierra que recorta el gasto p\u00fablico.<\/p>\n\n\n\n<p>La&nbsp;<strong>droguer\u00eda Suizo Argentina&nbsp;<\/strong>asegur\u00f3 en un comunicado haber actuado \u00abcon total apego a las normas y leyes vigentes\u00bb y encontrarse \u00aba derecho y a plena disposici\u00f3n de los organismos de contralor, as\u00ed como cualquier poder del Estado\u00bb. El texto fue republicado por Javier Milei en su cuenta de Instagram.<\/p>\n\n\n\n<p>Los hermanos Kovalivker no dieron declaraciones, pero la prensa report\u00f3 que entregaron sus tel\u00e9fonos m\u00f3viles a la justicia.<\/p>\n","protected":false},"excerpt":{"rendered":"<p>Karina Milei no ha reaccionado p\u00fablicamente al esc\u00e1ndalo que domina la agenda period\u00edstica y hace<\/p>\n","protected":false},"author":1,"featured_media":18897,"comment_status":"open","ping_status":"open","sticky":false,"template":"","format":"standard","meta":{"footnotes":""},"categories":[4],"tags":[],"class_list":["post-18896","post","type-post","status-publish","format-standard","has-post-thumbnail","hentry","category-mundiales"],"_links":{"self":[{"href":"https:\/\/samantharadionline.com\/index.php\/wp-json\/wp\/v2\/posts\/18896","targetHints":{"allow":["GET"]}}],"collection":[{"href":"https:\/\/samantharadionline.com\/index.php\/wp-json\/wp\/v2\/posts"}],"about":[{"href":"https:\/\/samantharadionline.com\/index.php\/wp-json\/wp\/v2\/types\/post"}],"author":[{"embeddable":true,"href":"https:\/\/samantharadionline.com\/index.php\/wp-json\/wp\/v2\/users\/1"}],"replies":[{"embeddable":true,"href":"https:\/\/samantharadionline.com\/index.php\/wp-json\/wp\/v2\/comments?post=18896"}],"version-history":[{"count":1,"href":"https:\/\/samantharadionline.com\/index.php\/wp-json\/wp\/v2\/posts\/18896\/revisions"}],"predecessor-version":[{"id":18898,"href":"https:\/\/samantharadionline.com\/index.php\/wp-json\/wp\/v2\/posts\/18896\/revisions\/18898"}],"wp:featuredmedia":[{"embeddable":true,"href":"https:\/\/samantharadionline.com\/index.php\/wp-json\/wp\/v2\/media\/18897"}],"wp:attachment":[{"href":"https:\/\/samantharadionline.com\/index.php\/wp-json\/wp\/v2\/media?parent=18896"}],"wp:term":[{"taxonomy":"category","embeddable":true,"href":"https:\/\/samantharadionline.com\/index.php\/wp-json\/wp\/v2\/categories?post=18896"},{"taxonomy":"post_tag","embeddable":true,"href":"https:\/\/samantharadionline.com\/index.php\/wp-json\/wp\/v2\/tags?post=18896"}],"curies":[{"name":"wp","href":"https:\/\/api.w.org\/{rel}","templated":true}]}}